{"id":591,"date":"2015-04-08T14:19:00","date_gmt":"2015-04-08T14:19:00","guid":{"rendered":"http:\/\/fmriachuelo.observatorioess.org.ar\/index.php\/2015\/04\/08\/convocan-a-un-twitazo-para-respaldar-posicion-de-cuba-en-la-cumbre-de-los-pueblos\/"},"modified":"2025-03-27T13:54:09","modified_gmt":"2025-03-27T16:54:09","slug":"convocan-a-un-twitazo-para-respaldar-posicion-de-cuba-en-la-cumbre-de-los-pueblos","status":"publish","type":"post","link":"http:\/\/fmriachuelo.it10.com.ar\/index.php\/2015\/04\/08\/convocan-a-un-twitazo-para-respaldar-posicion-de-cuba-en-la-cumbre-de-los-pueblos\/","title":{"rendered":"CONVOCAN A UN TWITAZO PARA RESPALDAR POSICION DE CUBA EN LA CUMBRE DE LOS PUEBLOS"},"content":{"rendered":"<p><span style=\"color: #003300;font-family: Verdana;font-size: large\"><span style=\"color: red\"><strong>&nbsp;SOLIDARIDAD DE LOS PUEBLOS<\/strong><\/span><\/span><br \/><strong><span style=\"color: red;font-family: Verdana;font-size: large\"><\/span><\/strong><br \/><span style=\"color: #003300;font-family: Verdana;font-size: large\"><\/p>\n<div style=\"clear: both;text-align: center\"><a href=\"http:\/\/1.bp.blogspot.com\/-eLqAJDuMceY\/VSU4mkDWkbI\/AAAAAAAADqM\/8VfloWowebc\/s1600\/cumple-pueblos-sindical-movimientos-sociales-america-panama-2015.jpg\" style=\"clear: left;float: left;margin-bottom: 1em;margin-right: 1em\"><img loading=\"lazy\" decoding=\"async\" border=\"0\" src=\"http:\/\/1.bp.blogspot.com\/-eLqAJDuMceY\/VSU4mkDWkbI\/AAAAAAAADqM\/8VfloWowebc\/s1600\/cumple-pueblos-sindical-movimientos-sociales-america-panama-2015.jpg\" height=\"160\" width=\"320\" \/><\/a><\/div>\n<p><\/span><span style=\"color: #003300;font-family: Verdana;font-size: large\"><\/span><span style=\"font-family: Verdana\">La delegaci\u00f3n cubana a los foros paralelos a la Cumbre de las Am\u00e9ricas en Panam\u00e1, ha convocado para hoy a un tuitazo, con la etiqueta #NuestraAmericaIndependiente, para respaldar las luchas de los pueblos de la regi\u00f3n por el respeto a su soberan\u00eda y contra la participaci\u00f3n en este foro de terroristas y mercenarios pagados para difamar a Cuba. <\/p>\n<p> Al tuitazo de hoy, seguir\u00e1 otro ma\u00f1ana, con la etiqueta #NuestraAmericaUnida. En la capital istme\u00f1a avanzan los preparativos para la Cumbre de los Pueblos que tendr\u00e1 lugar entre el 9 y el 11 pr\u00f3ximos en la Universidad de Panam\u00e1, en la que se esperan unos 2 000 participantes, y ser\u00e1 inaugurada con un gran concierto del cubano Silvio Rodr\u00edguez, en la noche del jueves en ese centro universitario. <\/p>\n<p> Entre otros asuntos, este encuentro de los movimientos sociales pedir\u00e1 al presidente estadounidense Barack Obama que derogue el decreto en el que declara a Venezuela una amenaza para Estados Unidos; el derecho a la independencia de Puerto Rico y el fin del bloqueo de Estados Unidos a Cuba, entre otras reivindicaciones.<\/span><\/p>\n<p><span style=\"color: blue;font-family: Verdana, sans-serif\">Fuente: Radio Rebelde, Producci\u00f3n Riachuelo<\/span><\/p>\n","protected":false},"excerpt":{"rendered":"<p>&nbsp;SOLIDARIDAD DE LOS PUEBLOS La delegaci\u00f3n cubana a los foros paralelos a la Cumbre de las Am\u00e9ricas en Panam\u00e1, ha convocado para hoy a un tuitazo, con la etiqueta #NuestraAmericaIndependiente, para respaldar las luchas de los pueblos de la regi\u00f3n por el respeto a su soberan\u00eda y contra la participaci\u00f3n en este foro de terroristas [&hellip;]<\/p>\n","protected":false},"author":4,"featured_media":0,"comment_status":"open","ping_status":"open","sticky":false,"template":"","format":"standard","meta":{"_monsterinsights_skip_tracking":false,"_monsterinsights_sitenote_active":false,"_monsterinsights_sitenote_note":"","_monsterinsights_sitenote_category":0,"jnews-multi-image_gallery":[],"jnews_single_post":{"format":"standard"},"jnews_primary_category":[],"_joinchat":[],"footnotes":""},"categories":[58],"tags":[70],"class_list":["post-591","post","type-post","status-publish","format-standard","hentry","category-noticiariachuelo","tag-de-la-patria-grande"],"_links":{"self":[{"href":"http:\/\/fmriachuelo.it10.com.ar\/index.php\/wp-json\/wp\/v2\/posts\/591","targetHints":{"allow":["GET"]}}],"collection":[{"href":"http:\/\/fmriachuelo.it10.com.ar\/index.php\/wp-json\/wp\/v2\/posts"}],"about":[{"href":"http:\/\/fmriachuelo.it10.com.ar\/index.php\/wp-json\/wp\/v2\/types\/post"}],"author":[{"embeddable":true,"href":"http:\/\/fmriachuelo.it10.com.ar\/index.php\/wp-json\/wp\/v2\/users\/4"}],"replies":[{"embeddable":true,"href":"http:\/\/fmriachuelo.it10.com.ar\/index.php\/wp-json\/wp\/v2\/comments?post=591"}],"version-history":[{"count":1,"href":"http:\/\/fmriachuelo.it10.com.ar\/index.php\/wp-json\/wp\/v2\/posts\/591\/revisions"}],"predecessor-version":[{"id":23247,"href":"http:\/\/fmriachuelo.it10.com.ar\/index.php\/wp-json\/wp\/v2\/posts\/591\/revisions\/23247"}],"wp:attachment":[{"href":"http:\/\/fmriachuelo.it10.com.ar\/index.php\/wp-json\/wp\/v2\/media?parent=591"}],"wp:term":[{"taxonomy":"category","embeddable":true,"href":"http:\/\/fmriachuelo.it10.com.ar\/index.php\/wp-json\/wp\/v2\/categories?post=591"},{"taxonomy":"post_tag","embeddable":true,"href":"http:\/\/fmriachuelo.it10.com.ar\/index.php\/wp-json\/wp\/v2\/tags?post=591"}],"curies":[{"name":"wp","href":"https:\/\/api.w.org\/{rel}","templated":true}]}}