{"id":5901,"date":"2017-11-06T13:36:22","date_gmt":"2017-11-06T13:36:22","guid":{"rendered":"http:\/\/fmriachuelo.com.ar\/?p=5901"},"modified":"2017-11-06T13:36:22","modified_gmt":"2017-11-06T13:36:22","slug":"el-estado-de-injusticia","status":"publish","type":"post","link":"http:\/\/fmriachuelo.it10.com.ar\/index.php\/2017\/11\/06\/el-estado-de-injusticia\/","title":{"rendered":"EL ESTADO DE INJUSTICIA: ENTREVISTA AL JUEZ LUIS ARIAS"},"content":{"rendered":"<p>[FM Riachuelo 03\/11\/2017]\u00a0El primer derecho es el derecho a la protesta. El que hace posible todos los derechos. Por eso en tiempos de ajuste, criminalizan la protesta y la organizaci\u00f3n popular. Van por el derecho a la protesta.\u00a0Como dir\u00eda Jorge\u00a0\u201cChiqui\u201d Falcone: en el pa\u00eds de\u00a0Hood Robin, se ajusta a los pobres para que los ricos sigan concentrando poder y dinero. Y para eso es necesaria una Justicia d\u00f3cil y servil, obediente a las operaciones medi\u00e1ticas, purgada de los jueces justos que alguna vez tiran una para este lado, y ensa\u00f1ada con los militantes populares que intentan\u00a0el camino de la organizaci\u00f3n y la pelea por los derechos para obtener un poco de justicia.<\/p>\n<p>Los Tribunales de Comodoro Py\u00a0y los estamentos superiores de las justicias provinciales\u00a0se ponen\u00a0nuevamente al servicio de los poderes concentrados de nuestra sociedad. Con juicios truchos y mal llevados, reescribiendo las leyes con interpretaciones parciales y clasistas, buscan condenar a compa\u00f1eras y compa\u00f1eros que cotidianamente ejercen el derecho a la protesta, para luchar por el derecho a la vivienda, al trabajo, a la educaci\u00f3n y\u00a0tantos etc\u00e9teras\u00a0como necesite la dignidad de nuestro pueblo.<\/p>\n<p>Como es el caso del Juicio a la Protesta\u00a0que desde hace 7 meses insiste en criminalizar\u00a0a\u00a0los\u00a0referentes\u00a0Lito\u00a0Borello, Luis\u00a0D\u00b4Elia\u00a0y Luis Bord\u00f3n.\u00a0Los compa\u00f1eros est\u00e1n siendo juzgados\u00a0por una protesta\u00a0que\u00a0realizaron\u00a0en\u00a0el 2004, reclamaban que el\u00a0asesino\u00a0del\u00a0militante\u00a0Martin\u00a0\u201cOso\u201d Cisneros\u00a0sea detenido.\u00a0El asesino es\u00a0un sicario que la polic\u00eda del barrio de la Boca conoc\u00eda pero que no\u00a0arrestaba,\u00a0por\u00a0el contrario, apa\u00f1aba para que siguiera\u00a0cometiendo delitos.\u00a0Este juicio ser\u00e1 sin duda en este contexto una medida ejemplificadora para los militantes populares que decidan organizarse para resistir el ajuste.<\/p>\n<p>Pero tambi\u00e9n se produjo la semana pasada un hecho significativo que expresa la modalidad en que las Justicias del pa\u00eds buscan disciplinar a los d\u00edscolos. A aquellos jueces\u00a0que,\u00a0referenci\u00e1ndose en las mejores tradiciones del Derecho, reconocen los derechos conquistados por los trabajadores y se mantienen sensibles a cierto sentido de Justicia Social.\u00a0Vaya si lo sabr\u00e1 el Juez\u00a0en lo Contencioso Administrativo de la Provincia de Buenos Aires,\u00a0Luis Arias, quien este pasado jueves ya\u00a0fue suspendido por noventa d\u00edas\u00a0como medida previa a un juicio\u00a0pol\u00edtico por 21 cargos sobre\u00a0su persona y desempe\u00f1o.\u00a0 Se lo acusa entre otras cosas de\u00a0dictar \u00f3rdenes y contrarias a las disposiciones dispuestas por las\u00a0constitucionales\u00a0y reglamentarias.\u00a0Pero el problema en realidad, en este Estado de Injusticia, es que Arias particip\u00f3 de muchos fallos favorables a las causas populares, evitando\u00a0desalojos,\u00a0cuestionando los\u00a0tarifazos, frenando medidas\u00a0disciplinadoras\u00a0contra los docentes y protegiendo su derecho a huelga.<\/p>\n<p>En nuestro programa\u00a0Cazadorez\u00a0de Zonceras (Viernes de 19 a 21 horas) donde declaramos en la Argentina el Estado de Injusticia, tuvimos la posibilidad de conversar con el Juez Arias para conocer su mirada, desde el banquillo acusador, sobre este estado de cosas en una justicia que decididamente emprende un camino antipopular para bancar el ajuste del macrismo:<\/p>\n<p><iframe loading=\"lazy\" title=\"03 - 11 - 2017 ENTREVISTA COMPLETA AL JUEZ LUIS ARIAS by FMR\" width=\"500\" height=\"400\" scrolling=\"no\" frameborder=\"no\" src=\"https:\/\/w.soundcloud.com\/player\/?visual=true&#038;url=https%3A%2F%2Fapi.soundcloud.com%2Ftracks%2F351906314&#038;show_artwork=true&#038;maxheight=750&#038;maxwidth=500\"><\/iframe><\/p>\n<p><b>_ \u00bfPor qu\u00e9 la\u00a0<\/b><b>Justicia\u00a0<\/b><b>ha<\/b><b>\u00a0<\/b><b>ido<\/b><b>\u00a0contra tu accionar como j<\/b><b>uez?<\/b><\/p>\n<p>Se han generado situaciones de conflicto a partir de una decisi\u00f3n\u00a0 cautelar m\u00eda, en d\u00f3nde suspend\u00ed el decreto de necesidad y urgencia\u00a0 del presidente Mauricio Macri eliminando la autoridad\u00a0 del organismo\u00a0AFSCA.\u00a0Analizando el decreto consider\u00e9\u00a0que no hab\u00eda necesidad,\u00a0ni urgencia para el dictado del decreto.\u00a0Esto fue una primera\u00a0situaci\u00f3n\u00a0y\u00a0despu\u00e9s,\u00a0la\u00a0suspensi\u00f3n y\u00a0anulaci\u00f3n\u00a0del aumento de tarifas\u00a0de la energ\u00eda\u00a0el\u00e9ctrica,\u00a0el conflicto docente obligando a que no practiquen descuentos a los docentes,\u00a0y con los trabajadores estatales que se violaron varias normas\u00a0relativas a las\u00a0paritarias.<\/p>\n<p><b>_ \u00bfO<\/b><b>\u00a0sea q<\/b><b>ue de alguna\u00a0<\/b><b>manera\u00a0<\/b><b>cu\u00e1ndo<\/b><b>\u00a0<\/b><b>se\u00a0<\/b><b>intent\u00f3<\/b><b>\u00a0poner\u00a0<\/b><b>algun<\/b><b>\u00a0<\/b><b>reparo\u00a0<\/b><b>desde<\/b><b>\u00a0el punto de\u00a0<\/b><b>vista\u00a0<\/b><b>del\u00a0<\/b><b>estado<\/b><b>\u00a0de\u00a0<\/b><b>derecho\u00a0<\/b><b>o<\/b><b>\u00a0del derecho\u00a0<\/b><b>a\u00a0<\/b><b>la\u00a0<\/b><b>poblaci\u00f3n<\/b><b>,\u00a0<\/b><b>eso\u00a0<\/b><b>gener\u00f3 una remetid<\/b><b>a contra tu\u00a0<\/b><b>persona\u00a0<\/b><b>por<\/b><b>\u00a0parte del g<\/b><b>obierno?<\/b><\/p>\n<p>Estas son las verdaderas\u00a0razones. No son las causales del enjuiciamiento.\u00a0\u00a0Recuerdo\u00a0hace\u00a0un a\u00f1o que en el diario\u00a0Clar\u00edn titulan en una nota\u00a0\u201ccu\u00e1les\u00a0eran los jueces que\u00a0m\u00e1s incomodaban al macrismo\u201d, y abajo del t\u00edtulo estaba mi fotograf\u00eda. Y cuando\u00a0Clar\u00edn hace eso es porque viene\u00a0algo\u00a0detr\u00e1s. Comprend\u00ed que en alg\u00fan momento\u00a0iban a avanzar con el\u00a0jury. Empezaron a juntar denuncias que hab\u00edan tramitados en esos expedientes de la corte, denuncias hechas por la corte. Con eso armaron un\u00a0jury\u00a0donde se me imputan diversas cuestiones judiciales, que son absurdas.<\/p>\n<p>Porque no\u00a0tengo\u00a0denuncias, ni imputaciones\u00a0 de car\u00e1cter patrimonial, ni\u00a0hechos de corrupci\u00f3n, ni\u00a0por haber sido parcial en mis decisiones favoreciendo a un sector pol\u00edtico, econ\u00f3mico o medi\u00e1tico.\u00a0\u00a0\u00a0Por el contrario, por cuatro a\u00f1os consecutivos fuimos el mejor juzgado contencioso, tenemos\u00a0todo al d\u00eda, no tenemos ning\u00fan\u00a0despacho atrasado, ni sentencias.\u00a0No hay\u00a0ning\u00fan\u00a0motivo, ni\u00a0causales\u00a0para\u00a0un\u00a0enjuiciamiento, y cuando no tienen las inventan como es este caso.<\/p>\n<p><b>_ En una entrevista realizada al Abogado Adri\u00e1n Albor<\/b><b>, que defiende a los compa\u00f1eros criminalizados en el Juicio A La Protesta Social,<\/b><b>\u00a0<\/b><b>hizo\u00a0<\/b><b>referencia\u00a0<\/b><b>al<\/b><b>\u00a0<\/b><b>accionar de la justica\u00a0<\/b><b>actual, expresando<\/b><b>:\u00a0<\/b><b>\u201c<\/b><b>No<\/b><b>\u00a0estamos viviendo un estado de\u00a0<\/b><b>derecho,\u00a0<\/b><b>h<\/b><b>acen lo que quieren, han prendido fuego la Constituci\u00f3n Nacional, los libros de derecho<\/b><b>s<\/b><b>. Es un revanchismo, dan ganas de dedicarse a otra cosa, de irse del pa\u00eds<\/b><b>, porque han perdido todos los\u00a0<\/b><b>l\u00edmite<\/b><b>s<\/b><b>.\u00a0 Esto es una autocracia.<\/b><b>\u201d<\/b><b>\u00a0<\/b><b>\u00bfUsted como juez\u00a0<\/b><b>comparte\u00a0<\/b><b>\u00a0esta mirada?<\/b><\/p>\n<p>Si, totalmente. Tengamos en cuenta que ahora se anunciaron medidas tambi\u00e9n vinculadas al aumento de tarifas, medidas laborales. Est\u00e1n preparando el terreno para que sus medidas no sean cuestionadas. Denunciando supuestas mafias, agrediendo a los trabajadores, o tratando de generar divisiones, conflictos. Est\u00e1n tratando de allanar el camino\u00a0para que puedan transitar estas medidas que se pretenden adoptar.<\/p>\n<p><b>_\u00a0<\/b><b>Ante<\/b><b>\u00a0estas situaciones que planteas en donde no somos iguales<\/b><b>\u00a0ante la Ley<\/b><b>, en donde no hay ley\u00a0<\/b><b>\u00bfQu\u00e9<\/b><b>\u00a0herramienta tiene el pueblo para luchar ante estas situaciones de injusticia?\u00a0<\/b><\/p>\n<p>Esto se soluciona con la unidad en el campo popular. Definitivamente tiene que ser la unidad en el campo\u00a0popular\u00a0lo\u00a0que pueda frenar en la calle con distintas acciones estas avanzadas. Ponerse de acuerdo en el freno de algunas medidas y generar unidad de acci\u00f3n para poder evitar lo que viene.\u00a0Porque los resultados de estas pol\u00edticas de gobierno van a ser muy graves.No solamente por las medidas que se pretenden adoptar sino tambi\u00e9n por el colapso econ\u00f3mico.\u00a0 Por eso hay que estar muy organizados y\u00a0alertas. Los\u00a0trabajadores tienen que ser\u00a0conscientes\u00a0que estas cosas pueden suceder y llevar las acciones que correspondan.<\/p>\n<p>&nbsp;<\/p>\n<p>&nbsp;<\/p>\n","protected":false},"excerpt":{"rendered":"<p>[FM Riachuelo 03\/11\/2017]\u00a0El primer derecho es el derecho a la protesta. El que hace posible todos los derechos. Por eso en tiempos de ajuste, criminalizan la protesta y la organizaci\u00f3n popular. Van por el derecho a la protesta.\u00a0Como dir\u00eda Jorge\u00a0\u201cChiqui\u201d Falcone: en el pa\u00eds de\u00a0Hood Robin, se ajusta a los pobres para que los ricos [&hellip;]<\/p>\n","protected":false},"author":5,"featured_media":5905,"comment_status":"open","ping_status":"open","sticky":false,"template":"","format":"standard","meta":{"_monsterinsights_skip_tracking":false,"_monsterinsights_sitenote_active":false,"_monsterinsights_sitenote_note":"","_monsterinsights_sitenote_category":0,"jnews-multi-image_gallery":[],"jnews_single_post":[],"jnews_primary_category":[],"_joinchat":[],"footnotes":""},"categories":[79,76,74],"tags":[],"class_list":["post-5901","post","type-post","status-publish","format-standard","has-post-thumbnail","hentry","category-nadie-se-salva-solo","category-salud-comunitaria","category-san-cayetano"],"_links":{"self":[{"href":"http:\/\/fmriachuelo.it10.com.ar\/index.php\/wp-json\/wp\/v2\/posts\/5901","targetHints":{"allow":["GET"]}}],"collection":[{"href":"http:\/\/fmriachuelo.it10.com.ar\/index.php\/wp-json\/wp\/v2\/posts"}],"about":[{"href":"http:\/\/fmriachuelo.it10.com.ar\/index.php\/wp-json\/wp\/v2\/types\/post"}],"author":[{"embeddable":true,"href":"http:\/\/fmriachuelo.it10.com.ar\/index.php\/wp-json\/wp\/v2\/users\/5"}],"replies":[{"embeddable":true,"href":"http:\/\/fmriachuelo.it10.com.ar\/index.php\/wp-json\/wp\/v2\/comments?post=5901"}],"version-history":[{"count":0,"href":"http:\/\/fmriachuelo.it10.com.ar\/index.php\/wp-json\/wp\/v2\/posts\/5901\/revisions"}],"wp:featuredmedia":[{"embeddable":true,"href":"http:\/\/fmriachuelo.it10.com.ar\/index.php\/wp-json\/wp\/v2\/media\/5905"}],"wp:attachment":[{"href":"http:\/\/fmriachuelo.it10.com.ar\/index.php\/wp-json\/wp\/v2\/media?parent=5901"}],"wp:term":[{"taxonomy":"category","embeddable":true,"href":"http:\/\/fmriachuelo.it10.com.ar\/index.php\/wp-json\/wp\/v2\/categories?post=5901"},{"taxonomy":"post_tag","embeddable":true,"href":"http:\/\/fmriachuelo.it10.com.ar\/index.php\/wp-json\/wp\/v2\/tags?post=5901"}],"curies":[{"name":"wp","href":"https:\/\/api.w.org\/{rel}","templated":true}]}}