{"id":5897,"date":"2017-11-04T20:12:57","date_gmt":"2017-11-04T20:12:57","guid":{"rendered":"http:\/\/fmriachuelo.com.ar\/?p=5897"},"modified":"2017-11-04T20:12:57","modified_gmt":"2017-11-04T20:12:57","slug":"2-encuentro-de-formacion-en-economia-popular","status":"publish","type":"post","link":"http:\/\/fmriachuelo.it10.com.ar\/index.php\/2017\/11\/04\/2-encuentro-de-formacion-en-economia-popular\/","title":{"rendered":"2\u00b0 ENCUENTRO DE FORMACI\u00d3N EN ECONOM\u00cdA POPULAR"},"content":{"rendered":"<p>&nbsp;<\/p>\n<p>[FM RIACHUELO 4\/11\/2017] Ayer en\u00a0 la cooperativa de trabajo La Universal (Avellaneda), se realiz\u00f3 el 2\u00b0 encuentro de formaci\u00f3n en Econom\u00eda Popular, donde los oradores Lito Borello, secretario de Derechos Humanos de la CTEP, Nahuel Levaggi de Uni\u00f3n de Trabajadores de la Tierra, Tomas del Compare del Movimiento Nacional Campesino Ind\u00edgena y Enrique Martinez del Instituto para la Producci\u00f3n Popular, abrieron el debate con la \u201csoberan\u00eda alimentaria\u201d como eje central del mismo. Estas reuniones entre distintos espacios y organizaciones sociales y pol\u00edticas se est\u00e1n realizando tambi\u00e9n en rechazo a la llegada de la OMC (Organizaci\u00f3n Mundial del Comercio) a nuestro pa\u00eds en diciembre. El organismo internacional que encarna la hegemon\u00eda neoliberal y trae al pa\u00eds consignas de subordinaci\u00f3n, sumisi\u00f3n y entrega, va a sesionar el pr\u00f3ximo mes entre los d\u00edas 10 y 13.<\/p>\n<p>Los encuentros pensados para debatir colectivamente una econom\u00eda desde los pueblos se vienen realizando en los lugares de trabajo y organizaci\u00f3n; el primero se hizo en la Feria Popular \u00abMartin Oso Cisneros\u00bb, y el segundo tuvo lugar en la cooperativa de trabajo La Universal, ubicada en la localidad de Avellaneda.<\/p>\n<p>El referente de la cooperativa, Alfredo Sabino, antes del inicio del debate, hizo un breve recorrido hist\u00f3rico de la empresa metal\u00fargica, que llego a ser una de las m\u00e1s importantes de Avellaneda. 80 personas trabajaban en la fabricaci\u00f3n de engranajes en la f\u00e1brica, hasta que una maniobra fraudulenta de vaciamiento, por parte del due\u00f1o, oblig\u00f3 a los trabajadores a organizarse para resistir los despidos y el desalojo. Lograron la expropiaci\u00f3n luego de un largo conflicto judicial y hoy el enorme galp\u00f3n es utilizado para el almacenamiento de los productos de la econom\u00eda popular. Alfredo explic\u00f3\u00a0 \u201cquer\u00edamos reactivar la producci\u00f3n metal\u00fargica, esa fue la pelea, pero no lo pudimos lograr, el golpe de gracia fue el tarifazo de luz. El instituto de producci\u00f3n popular necesitaba un espacio y decidimos hacer un lugar en el fondo despu\u00e9s de sacar las maquinas con un terrible dolor\u201d. Y agreg\u00f3 emocionado \u201cal desarmar las m\u00e1quinas me acordaba de todos los compa\u00f1eros que pasaron por ac\u00e1. Creo que la uni\u00f3n de los trabajadores es lo \u00fanico que nos va a sacar adelante\u201d.<\/p>\n<p>Enrique Martinez, coordinador del Instituto para la Producci\u00f3n Popular explic\u00f3 que \u201clos temas que nos convocan hoy de econom\u00eda popular y soberan\u00eda alimentaria empezaron a tomar fuerza cuando se entrevi\u00f3 que del lado de los humildes tambi\u00e9n hab\u00eda productores. Al principio el planteo era cuantos bolsones hay que repartir desde el estado. Los gobiernos son mucho m\u00e1s proclives a entregar dinero que a entregar derechos\u201d.\u00a0 Finaliz\u00f3 afirmando que \u201ccuando las corporaciones hegemonizan el escenario alimentario nos alejamos de la soberan\u00eda alimentaria, porque la l\u00f3gica de ellos es que el que tiene plata come y el que no, no come\u201d.<\/p>\n<p>Lito Borello, a su vez, sostuvo que \u201ceste capitalismo ya ni nos necesita para producir ni consumir. Si no construimos un poder contrahegem\u00f3nico no podemos sobrevivir. Este sistema no da m\u00e1s, no hay posibilidades para las grandes mayor\u00edas ni para el propio planeta. Ese otro mundo posible se construye todos los d\u00edas, y la soberan\u00eda alimentaria y la econom\u00eda popular son las semillas para construir el poder contrahegem\u00f3nico\u201d.<\/p>\n<p>Escucha todas las intervenciones en el siguiente enlace:<\/p>\n<p><iframe loading=\"lazy\" title=\"03-11-2017 2\u00ba ENCUENTRO DE FORMACI\u00d3N EN ECONOM\u00cdA POPULAR by FMR\" width=\"500\" height=\"450\" scrolling=\"no\" frameborder=\"no\" src=\"https:\/\/w.soundcloud.com\/player\/?visual=true&#038;url=https%3A%2F%2Fapi.soundcloud.com%2Fplaylists%2F366373342&#038;show_artwork=true&#038;maxheight=750&#038;maxwidth=500\"><\/iframe><\/p>\n<p>Las organizaciones que convocan a estos encuentros son: OSyP Los Pibes, Paseo de la Econom\u00eda Popular Mart\u00edn Oso Cisneros, Trabajo Social Comunitario UNDAV, Poetas sociales. Creando Econom\u00eda Popular, MOI (Movimiento de Ocupantes e Inquilinos), MTL (Movimiento Territorial de Liberaci\u00f3n), Frente Popular Dar\u00edo Santill\u00e1n\/ MeCopo, UTT (Uni\u00f3n de Trabajadores de la Tierra), CEL (Centro de Estudios Laborales), CESO (Centro de Estudios Scalabrini Ort\u00edz), MNCI (Movimiento Nacional Campesino Ind\u00edgena), Coop. UST, IPP (Instituto para la Producci\u00f3n Popular), Red de Cultura y Econom\u00eda Popular de Pi\u00f1eiro, Mesa Gremial 19 y 20 CTEP.<\/p>\n","protected":false},"excerpt":{"rendered":"<p>&nbsp; [FM RIACHUELO 4\/11\/2017] Ayer en\u00a0 la cooperativa de trabajo La Universal (Avellaneda), se realiz\u00f3 el 2\u00b0 encuentro de formaci\u00f3n en Econom\u00eda Popular, donde los oradores Lito Borello, secretario de Derechos Humanos de la CTEP, Nahuel Levaggi de Uni\u00f3n de Trabajadores de la Tierra, Tomas del Compare del Movimiento Nacional Campesino Ind\u00edgena y Enrique Martinez [&hellip;]<\/p>\n","protected":false},"author":5,"featured_media":5898,"comment_status":"open","ping_status":"open","sticky":false,"template":"","format":"standard","meta":{"_monsterinsights_skip_tracking":false,"_monsterinsights_sitenote_active":false,"_monsterinsights_sitenote_note":"","_monsterinsights_sitenote_category":0,"jnews-multi-image_gallery":[],"jnews_single_post":[],"jnews_primary_category":[],"_joinchat":[],"footnotes":""},"categories":[79,76,74],"tags":[],"class_list":["post-5897","post","type-post","status-publish","format-standard","has-post-thumbnail","hentry","category-nadie-se-salva-solo","category-salud-comunitaria","category-san-cayetano"],"_links":{"self":[{"href":"http:\/\/fmriachuelo.it10.com.ar\/index.php\/wp-json\/wp\/v2\/posts\/5897","targetHints":{"allow":["GET"]}}],"collection":[{"href":"http:\/\/fmriachuelo.it10.com.ar\/index.php\/wp-json\/wp\/v2\/posts"}],"about":[{"href":"http:\/\/fmriachuelo.it10.com.ar\/index.php\/wp-json\/wp\/v2\/types\/post"}],"author":[{"embeddable":true,"href":"http:\/\/fmriachuelo.it10.com.ar\/index.php\/wp-json\/wp\/v2\/users\/5"}],"replies":[{"embeddable":true,"href":"http:\/\/fmriachuelo.it10.com.ar\/index.php\/wp-json\/wp\/v2\/comments?post=5897"}],"version-history":[{"count":0,"href":"http:\/\/fmriachuelo.it10.com.ar\/index.php\/wp-json\/wp\/v2\/posts\/5897\/revisions"}],"wp:featuredmedia":[{"embeddable":true,"href":"http:\/\/fmriachuelo.it10.com.ar\/index.php\/wp-json\/wp\/v2\/media\/5898"}],"wp:attachment":[{"href":"http:\/\/fmriachuelo.it10.com.ar\/index.php\/wp-json\/wp\/v2\/media?parent=5897"}],"wp:term":[{"taxonomy":"category","embeddable":true,"href":"http:\/\/fmriachuelo.it10.com.ar\/index.php\/wp-json\/wp\/v2\/categories?post=5897"},{"taxonomy":"post_tag","embeddable":true,"href":"http:\/\/fmriachuelo.it10.com.ar\/index.php\/wp-json\/wp\/v2\/tags?post=5897"}],"curies":[{"name":"wp","href":"https:\/\/api.w.org\/{rel}","templated":true}]}}