{"id":589,"date":"2015-04-08T14:34:00","date_gmt":"2015-04-08T14:34:00","guid":{"rendered":"http:\/\/fmriachuelo.observatorioess.org.ar\/index.php\/2015\/04\/08\/despiden-a-320-trabajadores-del-hospital-de-avellaneda\/"},"modified":"2025-03-27T13:56:05","modified_gmt":"2025-03-27T16:56:05","slug":"despiden-a-320-trabajadores-del-hospital-de-avellaneda","status":"publish","type":"post","link":"http:\/\/fmriachuelo.it10.com.ar\/index.php\/2015\/04\/08\/despiden-a-320-trabajadores-del-hospital-de-avellaneda\/","title":{"rendered":"DESPIDEN A 320 TRABAJADORES DEL HOSPITAL DE AVELLANEDA"},"content":{"rendered":"<p><span style=\"color: red;font-family: Verdana, sans-serif;font-size: large\"><strong>TRABAJADORES MOVILIZADOS<\/strong><\/span><br \/><span style=\"font-family: Verdana, sans-serif\"><strong>Paralizado el Hospital Dr. Eduardo Wilde de Avellaneda por el despido de 320 trabajadores<\/strong><\/span><\/p>\n<div style=\"clear: both;text-align: center\"><a href=\"http:\/\/2.bp.blogspot.com\/-4pAFR47fVYs\/VSU7dfzmWYI\/AAAAAAAADqg\/HSDhCTTPOxw\/s1600\/hospital%2Bwilde.jpg\" style=\"clear: left;float: left;margin-bottom: 1em;margin-right: 1em\"><img loading=\"lazy\" decoding=\"async\" border=\"0\" src=\"http:\/\/2.bp.blogspot.com\/-4pAFR47fVYs\/VSU7dfzmWYI\/AAAAAAAADqg\/HSDhCTTPOxw\/s1600\/hospital%2Bwilde.jpg\" height=\"240\" width=\"320\" \/><\/a><\/div>\n<p><span style=\"font-family: Verdana, sans-serif\">Son 320 trabajadores que fueron dados de baja por el ejecutivo municipal el 31 de marzo. El conflicto comenz\u00f3 cuando el a\u00f1o pasado el municipio quiso deshacerse del Hospital y trasladarlo a la responsabilidad provincial, medida a la que se opusieron los empleados. Actualmente, los empleados mantienen un cese de actividades con el funcionamiento m\u00ednimo de la guardia y la atenci\u00f3n a pacientes oncol\u00f3gicos. Denuncian que el intendente \u201cinfringi\u00f3 la ley e incurre en delito\u201d. Hoy realizan un abrazo solidario al hospital y una asamblea para decidir las medidas a tomar.&nbsp; <\/span><\/p>\n<hr \/>\n<p><a name='more'><\/a>&nbsp;<span style=\"font-family: Verdana, sans-serif\">El conflicto comenz\u00f3 a mediados del a\u00f1o pasado cuando el intendente de Avellaneda Jorge Ferraresi decidi\u00f3 transferir el terreno, establecimiento y todo el personal a la direcci\u00f3n del Gobierno provincial. Los empleados se opusieron a la medida que seg\u00fan expresan \u201cimplicaba un mayor deterioro del Hospital y de las condiciones laborales\u201d, \u201cconocemos las condiciones en la que est\u00e1 la salud en la provincia de Buenos Aires por eso no queremos dejar de pertenecer a la \u00f3rbita municipal eso implicar\u00eda m\u00e1s precarizaci\u00f3n del hospital.\u201d Comentaba un enfermero en dialogo con ANRed.<\/p>\n<p>En diciembre del a\u00f1o pasado en una secci\u00f3n extraordinaria del Concejo Deliberante se vot\u00f3 el traspaso con 17 votos a favor y 7 en contra, \u201cbajo amenazas y aprietes nosotros, nos presentamos y protestamos pero no pudimos evitarlo\u201d.<\/p>\n<p>Alejandro Nardelli medico de terapia intensiva del hospital&nbsp; &nbsp;relataba, \u201cEn enero de este a\u00f1o presentamos un recurso de amparo exponiendo un mont\u00f3n de puntos que eran desfavorables al traspaso del Hospital para que la justicia lleve adelante una medida cautelar que el juez acepto, y que ahora se encuentra vigente, con la salvedad que el municipio apelo a la cautelar en la C\u00e1mara Contencioso Administrativo en La Plata\u201d.<\/p>\n<p>\u201cEl 31 de marzo el intendente emiti\u00f3 un decreto en donde da de baja a todo el personal del hospital, lo manda por mail. Entonces, nos enteramos del despido de todos, con un Gobierno provincial que no puede aceptar nada, pues hay una cautelar vigente y un Gobierno municipal que infringi\u00f3 la ley e incurre en delito, ya que sigue adelante cuando la justicia ordenaba que no innovara\u201d. Agreg\u00f3 Alejandro<br \/> Ayer durante un acto en el aniversario de la ciudad de Avellaneda en la Plaza De la Serna se presentaron un grupo de trabajadores del Hospital de Wilde reclamando contra la medida del intendente quien no se hizo presente. \u201dFuimos a expresar lo que estaba pasando\u201d aseguro un trabajador afectado.<\/p>\n<p>Por otro lado el sindicato de trabajadores municipales de Avellaneda (STMA) denuncio ante el Ministerio de Trabajo al Intendente Ferraresi y el Secretario de Salud, Parilla.<\/p>\n<p>Los trabajadores y vecinos del Hospital se mostraron dispuestos a continuar el reclamo, \u201cAvanzaremos en medidas m\u00e1s fuertes sino encontramos respuestas haremos actividades con la comunidad, la idea es movilizarnos para no bajar los brazos\u201d. Manifestaba Alejandro<\/p>\n<p>Este mi\u00e9rcoles a las 11hs los trabajadores y vecinos convocaron a una asamblea para debatir las futuras acciones a seguir. Tambi\u00e9n realizaran un abrazo solidario al Hospital.<\/p>\n<p><strong>Reproducimos comunicado:<\/strong><br \/>Los trabajadores y vecinos Resistiremos el atropello de Ferraresi y Scioli \u00abNo A La Provincializaci\u00f3n\u00bb<\/p>\n<p>Est\u00e1n todos invitados a la Asamblea del Mi\u00e9rcoles 8 de Abril a las 11 Hs los trabajadores junto con la organizaci\u00f3n Gremial, la asociaci\u00f3n de profesionales, Vecinos y dirigentes nos reunimos para rechazar el decreto de despidos de mas de 300 trabajadores por parte del Intendente Ferraresi, estando en plena vigencia la cautelar dictada oportunamente por la justicia que evito aun hoy trasladar el Hospital municipal a la \u00f3rbita provincial, Este atropello por parte del Intendente Ferraresi y del Gobernador Scioli provoca que hoy los trabajadores est\u00e9n cumpliendo con una retenci\u00f3n de tareas resuelta por el Gremio municipal la asociaci\u00f3n de profesionales y vecinos en la asamblea del 1\u00ba de abril. Los esperamos para defender la salud p\u00fablica municipal.<\/p>\n<p>Contacto: Alejandro Nardeli (Medico): 11- 5469- 1971<\/p>\n<p><span style=\"color: blue\">Fuente: Anred, Producci\u00f3n Riachuelo<\/span><\/span><\/p>\n","protected":false},"excerpt":{"rendered":"<p>TRABAJADORES MOVILIZADOSParalizado el Hospital Dr. Eduardo Wilde de Avellaneda por el despido de 320 trabajadores Son 320 trabajadores que fueron dados de baja por el ejecutivo municipal el 31 de marzo. El conflicto comenz\u00f3 cuando el a\u00f1o pasado el municipio quiso deshacerse del Hospital y trasladarlo a la responsabilidad provincial, medida a la que se [&hellip;]<\/p>\n","protected":false},"author":4,"featured_media":0,"comment_status":"open","ping_status":"open","sticky":false,"template":"","format":"standard","meta":{"_monsterinsights_skip_tracking":false,"_monsterinsights_sitenote_active":false,"_monsterinsights_sitenote_note":"","_monsterinsights_sitenote_category":0,"jnews-multi-image_gallery":[],"jnews_single_post":{"format":"standard"},"jnews_primary_category":[],"_joinchat":[],"footnotes":""},"categories":[58],"tags":[69,148],"class_list":["post-589","post","type-post","status-publish","format-standard","hentry","category-noticiariachuelo","tag-salud","tag-trabajo"],"_links":{"self":[{"href":"http:\/\/fmriachuelo.it10.com.ar\/index.php\/wp-json\/wp\/v2\/posts\/589","targetHints":{"allow":["GET"]}}],"collection":[{"href":"http:\/\/fmriachuelo.it10.com.ar\/index.php\/wp-json\/wp\/v2\/posts"}],"about":[{"href":"http:\/\/fmriachuelo.it10.com.ar\/index.php\/wp-json\/wp\/v2\/types\/post"}],"author":[{"embeddable":true,"href":"http:\/\/fmriachuelo.it10.com.ar\/index.php\/wp-json\/wp\/v2\/users\/4"}],"replies":[{"embeddable":true,"href":"http:\/\/fmriachuelo.it10.com.ar\/index.php\/wp-json\/wp\/v2\/comments?post=589"}],"version-history":[{"count":1,"href":"http:\/\/fmriachuelo.it10.com.ar\/index.php\/wp-json\/wp\/v2\/posts\/589\/revisions"}],"predecessor-version":[{"id":23249,"href":"http:\/\/fmriachuelo.it10.com.ar\/index.php\/wp-json\/wp\/v2\/posts\/589\/revisions\/23249"}],"wp:attachment":[{"href":"http:\/\/fmriachuelo.it10.com.ar\/index.php\/wp-json\/wp\/v2\/media?parent=589"}],"wp:term":[{"taxonomy":"category","embeddable":true,"href":"http:\/\/fmriachuelo.it10.com.ar\/index.php\/wp-json\/wp\/v2\/categories?post=589"},{"taxonomy":"post_tag","embeddable":true,"href":"http:\/\/fmriachuelo.it10.com.ar\/index.php\/wp-json\/wp\/v2\/tags?post=589"}],"curies":[{"name":"wp","href":"https:\/\/api.w.org\/{rel}","templated":true}]}}