{"id":5889,"date":"2017-11-03T04:04:55","date_gmt":"2017-11-03T04:04:55","guid":{"rendered":"http:\/\/fmriachuelo.com.ar\/?p=5889"},"modified":"2017-11-03T04:04:55","modified_gmt":"2017-11-03T04:04:55","slug":"absolvieron-a-los-delegados-de-perfil-judicializados-por-protestar","status":"publish","type":"post","link":"http:\/\/fmriachuelo.it10.com.ar\/index.php\/2017\/11\/03\/absolvieron-a-los-delegados-de-perfil-judicializados-por-protestar\/","title":{"rendered":"ABSOLVIERON A LOS DELEGADOS DE PERFIL JUDICIALIZADOS POR PROTESTAR"},"content":{"rendered":"<p>[FM RIACHUELO 2\/11\/2017]\u00a0En 2013 los trabajadores de Editorial Perfil realizaron un paro para repudiar los despidos arbitrarios por parte de la patronal. Como represalia, el empresario Jorge Fontevecchia, argumentando que la protesta atentaba contra la libertad de prensa, inici\u00f3 una causa penal\u00a0 contra los delegados, poniendo en serio peligro el derecho de los mismos a la huelga y organizaci\u00f3n gremial. Sin embargo, este mediod\u00eda la Justicia dictamin\u00f3 la absoluci\u00f3n de los trabajadores; un peque\u00f1o logro en un contexto de extrema criminalizaci\u00f3n a los que se organizan y luchan.<\/p>\n<p>FM Riachuelo, dialog\u00f3 con Agust\u00edn Lechi, Secretario de Organizaci\u00f3n de SIPREBA (Sindicato de Prensa de Buenos Aires) y delegado de la TV P\u00fablica, que expres\u00f3 que \u201cla criminalizaci\u00f3n \u00a0de la protesta excede al gremio de prensa, es cada vez m\u00e1s generalizado y grave\u201d. Y agreg\u00f3 que \u201clo que dicen las patronales a trav\u00e9s de ADEPA (Asociaci\u00f3n de Entidades Period\u00edsticas Argentinas), es que cinco personas atentaron contra la libertad de expresi\u00f3n y la verdad es que es al rev\u00e9s; ellos avasallan la libertad de expresi\u00f3n cuando despiden a los periodistas\u201d.<\/p>\n<p>Los 13 despidos que realiz\u00f3 la empresa en 2013 fueron durante el proceso de una elecci\u00f3n gremial y frente a ese ataque a la organizaci\u00f3n sindical, los trabajadores decidieron hacer un cese de tareas, y llamar a la asamblea que decidi\u00f3 ir al paro. Agustin Lechi explic\u00f3 que esas son las \u00fanicas herramientas con las que cuentan los trabajadores para reclamar y que \u201cobviamente va a afectar la normal actividad y salida del diario, pero es la \u00fanica posibilidad que tenemos para defender nuestros derechos. Ellos (la patronal) en lugar de llevar esos conflictos a \u00e1mbitos donde se discute colectivamente, deciden judicializarnos como si fu\u00e9ramos criminales\u201d.<\/p>\n<p>Luego de las declaraciones testimoniales y alegatos, la lectura del veredicto por parte del juez Walter Candela, indic\u00f3 que el reclamo gremial no implic\u00f3 ning\u00fan delito.<\/p>\n<p>Escucha la entrevista completa:<\/p>\n<p>https:\/\/radiocut.fm\/audiocut\/absuelven-a-los-delegado-de-editorial-perfil\/?replay=1#evtCat=AudioCutDetail&#038;evtAct=Progress&#038;evtLabel=ExitReplay<\/p>\n","protected":false},"excerpt":{"rendered":"<p>[FM RIACHUELO 2\/11\/2017]\u00a0En 2013 los trabajadores de Editorial Perfil realizaron un paro para repudiar los despidos arbitrarios por parte de la patronal. Como represalia, el empresario Jorge Fontevecchia, argumentando que la protesta atentaba contra la libertad de prensa, inici\u00f3 una causa penal\u00a0 contra los delegados, poniendo en serio peligro el derecho de los mismos a [&hellip;]<\/p>\n","protected":false},"author":5,"featured_media":5891,"comment_status":"open","ping_status":"open","sticky":false,"template":"","format":"standard","meta":{"_monsterinsights_skip_tracking":false,"_monsterinsights_sitenote_active":false,"_monsterinsights_sitenote_note":"","_monsterinsights_sitenote_category":0,"jnews-multi-image_gallery":[],"jnews_single_post":[],"jnews_primary_category":[],"_joinchat":[],"footnotes":""},"categories":[76],"tags":[],"class_list":["post-5889","post","type-post","status-publish","format-standard","has-post-thumbnail","hentry","category-salud-comunitaria"],"_links":{"self":[{"href":"http:\/\/fmriachuelo.it10.com.ar\/index.php\/wp-json\/wp\/v2\/posts\/5889","targetHints":{"allow":["GET"]}}],"collection":[{"href":"http:\/\/fmriachuelo.it10.com.ar\/index.php\/wp-json\/wp\/v2\/posts"}],"about":[{"href":"http:\/\/fmriachuelo.it10.com.ar\/index.php\/wp-json\/wp\/v2\/types\/post"}],"author":[{"embeddable":true,"href":"http:\/\/fmriachuelo.it10.com.ar\/index.php\/wp-json\/wp\/v2\/users\/5"}],"replies":[{"embeddable":true,"href":"http:\/\/fmriachuelo.it10.com.ar\/index.php\/wp-json\/wp\/v2\/comments?post=5889"}],"version-history":[{"count":0,"href":"http:\/\/fmriachuelo.it10.com.ar\/index.php\/wp-json\/wp\/v2\/posts\/5889\/revisions"}],"wp:featuredmedia":[{"embeddable":true,"href":"http:\/\/fmriachuelo.it10.com.ar\/index.php\/wp-json\/wp\/v2\/media\/5891"}],"wp:attachment":[{"href":"http:\/\/fmriachuelo.it10.com.ar\/index.php\/wp-json\/wp\/v2\/media?parent=5889"}],"wp:term":[{"taxonomy":"category","embeddable":true,"href":"http:\/\/fmriachuelo.it10.com.ar\/index.php\/wp-json\/wp\/v2\/categories?post=5889"},{"taxonomy":"post_tag","embeddable":true,"href":"http:\/\/fmriachuelo.it10.com.ar\/index.php\/wp-json\/wp\/v2\/tags?post=5889"}],"curies":[{"name":"wp","href":"https:\/\/api.w.org\/{rel}","templated":true}]}}