{"id":588,"date":"2015-04-09T01:13:00","date_gmt":"2015-04-09T01:13:00","guid":{"rendered":"http:\/\/fmriachuelo.observatorioess.org.ar\/index.php\/2015\/04\/09\/vii-cumbre-de-las-americas-cuba-se-retira-del-foro-de-la-sociedad-civil\/"},"modified":"2025-03-27T13:57:05","modified_gmt":"2025-03-27T16:57:05","slug":"vii-cumbre-de-las-americas-cuba-se-retira-del-foro-de-la-sociedad-civil","status":"publish","type":"post","link":"http:\/\/fmriachuelo.it10.com.ar\/index.php\/2015\/04\/09\/vii-cumbre-de-las-americas-cuba-se-retira-del-foro-de-la-sociedad-civil\/","title":{"rendered":"VII CUMBRE DE LAS AMERICAS: CUBA SE RETIRA DEL FORO DE LA SOCIEDAD CIVIL"},"content":{"rendered":"<p><span style=\"color: red;font-family: Verdana, sans-serif;font-size: large\"><strong>GUSANERA<\/strong><\/span><br \/><span style=\"font-family: Verdana, sans-serif\"><strong>Ante la presencia de mercenarios, delegaci\u00f3n cubana abandona Foro de la Sociedad Civil<\/strong><\/span><br \/><span style=\"font-family: Verdana, sans-serif\">Antes de iniciar el evento, se escuchaban en la sala los gritos de \u201cFuera, Fuera la gusanera\u201d y \u201cS\u00e1quenlos\u201d, que coreaban los cerca de 70 delegados de nuestro pa\u00eds, asimismo el diputado Luis Morlote, miembro de la delegaci\u00f3n explic\u00f3 que \u201cla verdadera sociedad civil ha salido de la sala porque no va a compartir el espacio con representantes de una supuesta sociedad civil, que no es la nuestra, que est\u00e1 pagada\u201d. <\/span><span style=\"font-family: Verdana, sans-serif\">Exigen adem\u00e1s que&nbsp;sea expulsado de Panam\u00e1 F\u00e9lix Rodr\u00edguez Mendigut\u00eda*, quien particip\u00f3 en la invasi\u00f3n de Playa Gir\u00f3n y la&nbsp;ejecuci\u00f3n del guerrillero heroico Ch\u00e9 Guevara y se jacta de ello.<\/span><br \/><span style=\"font-family: Verdana, sans-serif\">\ufeff\ufeff<\/p>\n<table align=\"center\" cellpadding=\"0\" cellspacing=\"0\" style=\"margin-left: auto;margin-right: auto;text-align: center\">\n<tbody>\n<tr>\n<td style=\"text-align: center\"><a href=\"http:\/\/2.bp.blogspot.com\/-TFVvUk5z31A\/VSXRMagKZNI\/AAAAAAAADq8\/5wM2qPwYm7Y\/s1600\/cuba.jpg\" style=\"margin-left: auto;margin-right: auto\"><img loading=\"lazy\" decoding=\"async\" alt=\"\" border=\"0\" src=\"http:\/\/2.bp.blogspot.com\/-TFVvUk5z31A\/VSXRMagKZNI\/AAAAAAAADq8\/5wM2qPwYm7Y\/s1600\/cuba.jpg\" height=\"212\" title=\"La delegaci\u00f3n cubana sali\u00f3 del Foro de la Sociedad Civil con la bandera nacional al frente y en alto.  Foto: Juvenal Bal\u00e1n \" width=\"320\" \/><\/a><\/td>\n<\/tr>\n<tr>\n<td style=\"text-align: center\">&nbsp;<span>La delegaci\u00f3n cubana sali\u00f3 del Foro de la Sociedad Civil con la bandera nacional al frente y en alto. <\/span>                         <strong>Foto:<\/strong> <span>Juvenal Bal\u00e1n<\/span><\/td>\n<\/tr>\n<\/tbody>\n<\/table>\n<p>PANAM\u00c1.\u2014Los representantes cubanos abandonaron temporalmente este mi\u00e9rcoles el Foro de la Sociedad Civil de la VII Cumbre de las Am\u00e9ricas ante la inaceptable presencia de un grupo de mercenarios, lo cual hab\u00eda sido previamente denunciado.<br \/>La delegaci\u00f3n regresar\u00e1 a las mesas de trabajo en la tarde con el mismo reclamo de que se retire la acreditaci\u00f3n a un grupo de personas que no representan la verdadera sociedad cubana y que tienen lazos probados con los terroristas.<br \/>\u201cLa verdadera sociedad civil ha salido de la sala porque no vamos a compartir el espacio con representantes de una supuesta sociedad civil, que no es la nuestra, que est\u00e1 pagada\u201d, explic\u00f3 el diputado Luis Morlote, miembro de la delegaci\u00f3n.<\/span><br \/><a name='more'><\/a><br \/><span style=\"font-family: Verdana, sans-serif\">Por una cuesti\u00f3n de dignidad no se nos puede pedir que compartamos con el mismo techo con esos mercenarios, a\u00f1adi\u00f3 Morlote, tambi\u00e9n vicepresidente de la Uni\u00f3n de Escritores y Artistas de Cuba (Uneac).<\/p>\n<p>Antes de iniciar el evento, se escuchaban en la sala los gritos de \u201cFuera, Fuera la gusanera\u201d y \u201cS\u00e1quenlos\u201d, que coreaban los cerca de 70 delegados de nuestro pa\u00eds.<\/p>\n<p>Enrique Alem\u00e1n, de la Plataforma de Di\u00e1logo Interreligioso, explic\u00f3 que la retirada se produjo por respeto a las autoridades paname\u00f1as que hablar\u00edan en el Foro.<\/p>\n<p>Alem\u00e1n envi\u00f3 un mensaje al presidente de Panam\u00e1, Juan Carlos Varela, para alertarlo del hecho de que tiene sentados en el Hotel Panam\u00e1, sede del Foro, a verdaderos terroristas.<\/p>\n<p>Joel Su\u00e1rez, del Centro Martin Luther King y miembro de la delegaci\u00f3n, record\u00f3 que las Cumbres de las Am\u00e9ricas y sus Foros tienen una historia oscura, y que desde 1994, cuando comenzaron estas citas hemisf\u00e9ricas, los pueblos siempre han estado fuera de sus muros, y han sido reprimidos.<\/span><\/p>\n<p><span style=\"font-family: Verdana, sans-serif\">Sin embargo, ten\u00edamos la esperanza de que esta vez fuera distinto y se llevaron a cabo encuentros en Cuba para traer a Panam\u00e1 una agenda constructiva, precis\u00f3 Su\u00e1rez.<\/p>\n<p>En un incidente anterior, cerca de 20 delegados cubanos tuvieron problemas en su acreditaci\u00f3n al Foro y hasta minutos antes de que comenzara el evento no pudieron ingresar al recinto. Una decena de delegados venezolanos estaban en la misma situaci\u00f3n.<\/p>\n<p>En la propia entrada del Foro, se dio una protesta espont\u00e1nea a la que se sumaron decenas de personas y otros tantos periodistas.<\/p>\n<p>Las delegaciones agitaron banderas cubanas y venezolanas y corearon \u201cNo, no nos da la gana de ser una colonia norteamericana; s\u00ed, s\u00ed nos da la gana de ser una patria libre y soberana\u201d, \u201cPin, pon, fuera, abajo la gusanera\u201d y \u201cCuba s\u00ed, terroristas no\u201d.<\/p>\n<p>Finalmente los organizadores del foro permitieron la entrada por un listado oficial, y no a trav\u00e9s del sistema de acreditaciones que est\u00e1 establecido.<\/p>\n<p>Ruben Castillo, coordinador paname\u00f1o del Foro, dijo que la situaci\u00f3n era resultad de un atraso por problemas t\u00e9cnicos y neg\u00f3 cualquier tipo de selectividad pol\u00edtica.<\/span><\/p>\n<p><span style=\"font-family: Verdana, sans-serif\">*Rodr\u00edguez Mendigut\u00eda particip\u00f3 en la invasi\u00f3n a Playa Gir\u00f3n (Bah\u00eda de Cochinos) en 1961, organizada desde Estados Unidos para derrocar la naciente Revoluci\u00f3n cubana y estuvo implicado en el tr\u00e1fico de armas y drogas en apoyo a la contrarrevoluci\u00f3n nicaraguense y el ataque a embarcaciones civiles que transportaban mercanc\u00edas a Cuba.<\/span><span style=\"color: blue;font-family: Verdana\">Fuente: Granma, Producci\u00f3n Riachuelo<\/span><\/p>\n","protected":false},"excerpt":{"rendered":"<p>GUSANERAAnte la presencia de mercenarios, delegaci\u00f3n cubana abandona Foro de la Sociedad CivilAntes de iniciar el evento, se escuchaban en la sala los gritos de \u201cFuera, Fuera la gusanera\u201d y \u201cS\u00e1quenlos\u201d, que coreaban los cerca de 70 delegados de nuestro pa\u00eds, asimismo el diputado Luis Morlote, miembro de la delegaci\u00f3n explic\u00f3 que \u201cla verdadera sociedad [&hellip;]<\/p>\n","protected":false},"author":4,"featured_media":0,"comment_status":"open","ping_status":"open","sticky":false,"template":"","format":"standard","meta":{"_monsterinsights_skip_tracking":false,"_monsterinsights_sitenote_active":false,"_monsterinsights_sitenote_note":"","_monsterinsights_sitenote_category":0,"jnews-multi-image_gallery":[],"jnews_single_post":{"format":"standard"},"jnews_primary_category":[],"_joinchat":[],"footnotes":""},"categories":[58],"tags":[70],"class_list":["post-588","post","type-post","status-publish","format-standard","hentry","category-noticiariachuelo","tag-de-la-patria-grande"],"_links":{"self":[{"href":"http:\/\/fmriachuelo.it10.com.ar\/index.php\/wp-json\/wp\/v2\/posts\/588","targetHints":{"allow":["GET"]}}],"collection":[{"href":"http:\/\/fmriachuelo.it10.com.ar\/index.php\/wp-json\/wp\/v2\/posts"}],"about":[{"href":"http:\/\/fmriachuelo.it10.com.ar\/index.php\/wp-json\/wp\/v2\/types\/post"}],"author":[{"embeddable":true,"href":"http:\/\/fmriachuelo.it10.com.ar\/index.php\/wp-json\/wp\/v2\/users\/4"}],"replies":[{"embeddable":true,"href":"http:\/\/fmriachuelo.it10.com.ar\/index.php\/wp-json\/wp\/v2\/comments?post=588"}],"version-history":[{"count":1,"href":"http:\/\/fmriachuelo.it10.com.ar\/index.php\/wp-json\/wp\/v2\/posts\/588\/revisions"}],"predecessor-version":[{"id":23250,"href":"http:\/\/fmriachuelo.it10.com.ar\/index.php\/wp-json\/wp\/v2\/posts\/588\/revisions\/23250"}],"wp:attachment":[{"href":"http:\/\/fmriachuelo.it10.com.ar\/index.php\/wp-json\/wp\/v2\/media?parent=588"}],"wp:term":[{"taxonomy":"category","embeddable":true,"href":"http:\/\/fmriachuelo.it10.com.ar\/index.php\/wp-json\/wp\/v2\/categories?post=588"},{"taxonomy":"post_tag","embeddable":true,"href":"http:\/\/fmriachuelo.it10.com.ar\/index.php\/wp-json\/wp\/v2\/tags?post=588"}],"curies":[{"name":"wp","href":"https:\/\/api.w.org\/{rel}","templated":true}]}}