{"id":587,"date":"2015-04-09T01:34:00","date_gmt":"2015-04-09T01:34:00","guid":{"rendered":"http:\/\/fmriachuelo.observatorioess.org.ar\/index.php\/2015\/04\/09\/colombia-movilizaciones-en-el-dia-de-la-memoria-y-por-las-victimas\/"},"modified":"2025-03-28T13:16:31","modified_gmt":"2025-03-28T16:16:31","slug":"colombia-movilizaciones-en-el-dia-de-la-memoria-y-por-las-victimas","status":"publish","type":"post","link":"http:\/\/fmriachuelo.it10.com.ar\/index.php\/2015\/04\/09\/colombia-movilizaciones-en-el-dia-de-la-memoria-y-por-las-victimas\/","title":{"rendered":"COLOMBIA: MOVILIZACIONES EN EL DIA DE LA MEMORIA Y POR LAS VICTIMAS"},"content":{"rendered":"<p><span style=\"color: red;font-family: Verdana, sans-serif;font-size: large\"><strong>POR LA PAZ<\/strong><\/span><br \/><span style=\"font-family: Verdana, sans-serif;font-size: large\"><strong>Movilizaciones y actividades del 9 de abril, ciudad por ciudad<\/strong><\/span><\/p>\n<div style=\"clear: both;text-align: center\"><a href=\"http:\/\/4.bp.blogspot.com\/-4W75TJ0Wj_M\/VSXWeQCT44I\/AAAAAAAADrM\/sqxQlsPj3kY\/s1600\/Colombia-movilizaciones-9.jpg\" style=\"clear: left;float: left;margin-bottom: 1em;margin-right: 1em\"><img loading=\"lazy\" decoding=\"async\" border=\"0\" src=\"http:\/\/4.bp.blogspot.com\/-4W75TJ0Wj_M\/VSXWeQCT44I\/AAAAAAAADrM\/sqxQlsPj3kY\/s1600\/Colombia-movilizaciones-9.jpg\" height=\"192\" width=\"320\" \/><\/a><\/div>\n<p><span style=\"font-family: Verdana, sans-serif\"><span style=\"font-size: x-small\">[Resumen Latinoamericano\/Colombia Informa, 8 de abril de 2015] &#8211;<\/span> La convocatoria a movilizar en el D\u00eda de la Memoria y por las V\u00edctimas ya tom\u00f3 fuerza en las principales ciudades del pa\u00eds. Qu\u00e9 est\u00e1 previsto en Bogot\u00e1, Cali, Medell\u00edn, Popay\u00e1n, Barranquilla, Arauca y C\u00facuta.<\/p>\n<p>Si bien la convocatoria est\u00e1 hecha desde la Cumbre Agraria, Campesina, \u00c9tnica y Popular, desde el Frente Amplio por la Paz y el Clamor Social por la Paz, a la movilizaci\u00f3n se han sumado otros sectores como el Polo Democr\u00e1tico Alternativo y escenarios c\u00edvicos en las diferentes ciudades.<\/p>\n<p>Los convocantes calculan que unas 200 mil personas marchar\u00e1n el pr\u00f3ximo 9 de abril por las calles de las principales ciudades del pa\u00eds, agitando banderas en favor de la paz y de los procesos de di\u00e1logo entre el Gobierno y las insurgencias. En las principales ciudades se espera un mayor n\u00famero de marchantes, ya que arribar\u00e1n delegaciones de varios departamentos.<\/span><br \/><span style=\"font-family: Verdana, sans-serif\"><\/span><a name='more'><\/a><span style=\"font-family: Verdana, sans-serif\"><br \/>Bogot\u00e1: d\u00eda c\u00edvico, movilizaci\u00f3n, f\u00fatbol y concierto<\/p>\n<p>Se espera que la capital del pa\u00eds sea el mayor sitio de concentraci\u00f3n, ya que el alcalde mayor,  Gustavo Petro, se sum\u00f3  a esta jornada, orden\u00f3 el d\u00eda c\u00edvico y dispuso una log\u00edstica para la movilizaci\u00f3n, que terminar\u00e1 con un gran concierto en el parque Sim\u00f3n Bol\u00edvar.<\/p>\n<p>Seg\u00fan anunci\u00f3 la alcald\u00eda a trav\u00e9s de Ana Teresa Bernal, Alta Consejera para las V\u00edctimas del Distrito, la jornada arrancar\u00e1 en las horas de la ma\u00f1ana con un homenaje a las v\u00edctimas del 9 de abril de 1948. Desde all\u00ed en el Centro de Memoria, Paz y Reconciliaci\u00f3n, iniciar\u00e1 la movilizaci\u00f3n que terminar\u00e1 en el Parque Sim\u00f3n Bol\u00edvar, donde se desarrollar\u00e1 un acto pol\u00edtico y simb\u00f3lico por la vida, las v\u00edctimas y la paz de Colombia.<\/p>\n<p>La funcionaria anunci\u00f3: \u201cLa jornada terminar\u00e1 con un gran concierto por la paz, que contar\u00e1 con la presencia de artistas como Tot\u00f3 la Momposina, Jorge Velosa, Herencia de Timbiqu\u00ed, C\u00e9sar L\u00f3pez, Le\u00f3n Gieco, entre otros. El cierre estar\u00e1 a cargo del salsero paname\u00f1o Rub\u00e9n Blades\u201d.<\/p>\n<p>Asimismo, anunci\u00f3 la programaci\u00f3n del partido de f\u00fatbol por la paz que contar\u00e1 con la presencia del astro del f\u00fatbol mundial Diego Armando Maradona. \u201cEl Partido por la Paz se jugar\u00e1 el 10 de abril en el Estadio de Techo y lo acompa\u00f1ar\u00e1n  grandes glorias del balompi\u00e9 de Colombia y del resto del mundo\u201d, afirm\u00f3.<\/p>\n<p>Cali: masiva y colorida movilizaci\u00f3n<\/p>\n<p>En la capital del Valle del Cauca tambi\u00e9n se espera el arribo de marchantes desde el norte del departamento,  el sur del pa\u00eds y la costa pac\u00edfica. Seg\u00fan se anuncia por parte de las organizaciones convocantes, se esperan cerca de 50 mil personas.<\/p>\n<p>La movilizaci\u00f3n se realizar\u00e1 simult\u00e1neamente desde el Coliseo del Pueblo al sur y el Parque del Avi\u00f3n en el norte de Cali, y ambas llegar\u00e1n al paseo Bol\u00edvar donde se encuentra el Centro Administrativo Municipal. All\u00ed tambi\u00e9n se est\u00e1 organizando un acto pol\u00edtico cultural de cierre.<\/p>\n<p>Seg\u00fan el Congreso de los Pueblos, que hace parte de la Convergencia por la Paz desde la cual se convoca la marcha, \u201cse espera una manifestaci\u00f3n masiva con mucha alegr\u00eda y colorido, un carnaval por la paz\u201d. Adem\u00e1s, agregaron las causas por las que se movilizan: \u201cEstamos exigiendo el cese bilateral al fuego, apoyamos la mesa de di\u00e1logo de La Habana con las Fuerzas Armadas Revolucionarias de Colombia -FARC- y reclamamos el inicio del dialogo p\u00fablico con el Ej\u00e9rcito de Liberaci\u00f3n Nacional -ELN-. Tambi\u00e9n queremos plantear la conformaci\u00f3n de una mesa de di\u00e1logo entre el Gobierno y el pueblo colombiano, ya que creemos que le hacen falta voces desde los procesos sociales y populares\u201d.<\/p>\n<p>Popay\u00e1n: campesinos, afro e ind\u00edgenas junto a procesos barriales<\/p>\n<p>Aqu\u00ed se prev\u00e9 el arribo de cerca de 2000 personas  del sur del Cauca y se est\u00e1 convocando desde la Coordinaci\u00f3n Departamental de Organizaciones Sociales y Populares.<\/p>\n<p>La marcha comenzar\u00e1 desde la estaci\u00f3n de gasolina Mi Bohio con las delegaciones de campesinos, comunidades afros e ind\u00edgenas. Y se unir\u00e1n, desde la glorieta de la chirim\u00eda, los procesos barriales, sectores populares y organizaciones de Popay\u00e1n que ven importante visibilizar la problem\u00e1tica de los habitantes urbanos.<\/p>\n<p>La movilizaci\u00f3n recorrer\u00e1 las principales calles de la ciudad hasta llegar al centro hist\u00f3rico de Popay\u00e1n, donde se culminar\u00e1 con un acto pol\u00edtico cultural. Pueblos ind\u00edgenas del norte del Cauca marchar\u00e1n hasta el municipio de Corinto en apoyo a las acciones de liberaci\u00f3n de la madre tierra que libran comuneros desde diciembre del a\u00f1o pasado.<\/p>\n<p>Medell\u00edn: caminos de soluci\u00f3n pol\u00edtica a los conflictos<\/p>\n<p>El comunicado de prensa difundido la semana pasada plante\u00f3 que llegar\u00e1n m\u00e1s de 15.000 personas a la ciudad de Medell\u00edn para movilizarse en favor de la paz. \u201cDiferentes organizaciones sociales, pol\u00edticas, sindicales, estudiantiles, barriales, comunitarias, de v\u00edctimas, de mujeres y ambientalistas, atendimos al llamado de defender los caminos de soluci\u00f3n pol\u00edtica a los conflictos\u201d, afirmaron los voceros de la jornada.<\/p>\n<p>Barranquilla: la costa norte moviliza<\/p>\n<p>A la capital del Atl\u00e1ntico llegar\u00e1n delegaciones desde las dem\u00e1s ciudades de la costa norte colombiana. Partir\u00e1n desde la carrera 21 con calle Murillo desde donde recorrer\u00e1n las calles de la ciudad hasta llegar a la plaza de La Paz, donde se espera cerrar con agrupaciones musicales. Escenarios como el Frente Amplio por la Paz y el Frente C\u00edvico han confirmado su participaci\u00f3n en la movilizaci\u00f3n.<\/p>\n<p>Arauca: contra el PND<\/p>\n<p>Esta regi\u00f3n se ha planteado marchas en Saravena, Arauquita, Tame, Fortul. El argumento principal de la movilizaci\u00f3n es contra el Plan Nacional de Desarrollo del presidente Juan Manuel Santos y por la paz que reclaman los procesos sociales, \u00e9tnicos, campesinos y populares.<\/p>\n<p>C\u00facuta: plant\u00f3n y conmemoraci\u00f3n a Gait\u00e1n<\/p>\n<p>Habr\u00e1 en esta ciudad un plant\u00f3n frente de la alcald\u00eda organizado por las victimas de Estado. En los Patios, Norte de Santander, se har\u00e1 una conmemoraci\u00f3n a Jorge Eliecer Gait\u00e1n.<\/p>\n<p>Las marchas, actos y plantones se repetir\u00e1n en otra decena de ciudades a lo largo de todo el pa\u00eds, configurando lo que se prev\u00e9 sea la movilizaci\u00f3n nacional m\u00e1s masiva del a\u00f1o.<\/span><br \/><span style=\"color: blue;font-family: Verdana\">Fuente: Resumen Latinoamericano, Producci\u00f3n Riachuelo<\/span><\/p>\n","protected":false},"excerpt":{"rendered":"<p>POR LA PAZMovilizaciones y actividades del 9 de abril, ciudad por ciudad [Resumen Latinoamericano\/Colombia Informa, 8 de abril de 2015] &#8211; La convocatoria a movilizar en el D\u00eda de la Memoria y por las V\u00edctimas ya tom\u00f3 fuerza en las principales ciudades del pa\u00eds. Qu\u00e9 est\u00e1 previsto en Bogot\u00e1, Cali, Medell\u00edn, Popay\u00e1n, Barranquilla, Arauca y [&hellip;]<\/p>\n","protected":false},"author":4,"featured_media":0,"comment_status":"open","ping_status":"open","sticky":false,"template":"","format":"standard","meta":{"_monsterinsights_skip_tracking":false,"_monsterinsights_sitenote_active":false,"_monsterinsights_sitenote_note":"","_monsterinsights_sitenote_category":0,"jnews-multi-image_gallery":[],"jnews_single_post":{"format":"standard"},"jnews_primary_category":[],"_joinchat":[],"footnotes":""},"categories":[58],"tags":[70,119],"class_list":["post-587","post","type-post","status-publish","format-standard","hentry","category-noticiariachuelo","tag-de-la-patria-grande","tag-derechos-humanos"],"_links":{"self":[{"href":"http:\/\/fmriachuelo.it10.com.ar\/index.php\/wp-json\/wp\/v2\/posts\/587","targetHints":{"allow":["GET"]}}],"collection":[{"href":"http:\/\/fmriachuelo.it10.com.ar\/index.php\/wp-json\/wp\/v2\/posts"}],"about":[{"href":"http:\/\/fmriachuelo.it10.com.ar\/index.php\/wp-json\/wp\/v2\/types\/post"}],"author":[{"embeddable":true,"href":"http:\/\/fmriachuelo.it10.com.ar\/index.php\/wp-json\/wp\/v2\/users\/4"}],"replies":[{"embeddable":true,"href":"http:\/\/fmriachuelo.it10.com.ar\/index.php\/wp-json\/wp\/v2\/comments?post=587"}],"version-history":[{"count":1,"href":"http:\/\/fmriachuelo.it10.com.ar\/index.php\/wp-json\/wp\/v2\/posts\/587\/revisions"}],"predecessor-version":[{"id":23251,"href":"http:\/\/fmriachuelo.it10.com.ar\/index.php\/wp-json\/wp\/v2\/posts\/587\/revisions\/23251"}],"wp:attachment":[{"href":"http:\/\/fmriachuelo.it10.com.ar\/index.php\/wp-json\/wp\/v2\/media?parent=587"}],"wp:term":[{"taxonomy":"category","embeddable":true,"href":"http:\/\/fmriachuelo.it10.com.ar\/index.php\/wp-json\/wp\/v2\/categories?post=587"},{"taxonomy":"post_tag","embeddable":true,"href":"http:\/\/fmriachuelo.it10.com.ar\/index.php\/wp-json\/wp\/v2\/tags?post=587"}],"curies":[{"name":"wp","href":"https:\/\/api.w.org\/{rel}","templated":true}]}}