{"id":5867,"date":"2017-10-31T14:13:46","date_gmt":"2017-10-31T14:13:46","guid":{"rendered":"http:\/\/fmriachuelo.com.ar\/?p=5867"},"modified":"2017-10-31T14:13:46","modified_gmt":"2017-10-31T14:13:46","slug":"las-org-sociales-marcharon-al-cck-en-repudio-a-la-reforma-laboral","status":"publish","type":"post","link":"http:\/\/fmriachuelo.it10.com.ar\/index.php\/2017\/10\/31\/las-org-sociales-marcharon-al-cck-en-repudio-a-la-reforma-laboral\/","title":{"rendered":"LAS ORG. SOCIALES  MARCHARON AL CCK EN REPUDIO A LA REFORMA LABORAL"},"content":{"rendered":"<p>Ayer por la ma\u00f1ana los trabajadores y trabajadoras de la econom\u00eda popular junto a otras organizaciones pol\u00edticas y sociales se movilizaron \u00a0desde el Obelisco al Centro Cultural Kirchner ante los anuncios realizados desde el gobierno sobre una reforma laboral.<\/p>\n<p>Con la consigna \u201cQueremos saber de qu\u00e9 se trata\u201d la CTEP, Barrios de Pie y la Corriente Clasista y Combativa realizaron una movilizaci\u00f3n ante la convocatoria del gobierno nacional a gobernadores, legisladores y sindicatos,excluyendo as\u00ed a los representantes de las organizaciones sociales. Las mismas se dirigieron al CCK por la calle Corrientes exigiendo que los convoquen a participar de dichos anuncios.<\/p>\n<p><iframe loading=\"lazy\" title=\"30-10-2017 LAS ORG. SOCIALES MARCHARON AL CCK by FMR\" width=\"500\" height=\"450\" scrolling=\"no\" frameborder=\"no\" src=\"https:\/\/w.soundcloud.com\/player\/?visual=true&#038;url=https%3A%2F%2Fapi.soundcloud.com%2Fplaylists%2F364130346&#038;show_artwork=true&#038;maxheight=750&#038;maxwidth=500\"><\/iframe><\/p>\n<p>La agrupaci\u00f3n Barrios de Pie instal\u00f3 ollas populares con la intenci\u00f3n de mostrar que un sector de la poblaci\u00f3n est\u00e1 \u201cafuera del di\u00e1logo que plantea el Presidente\u201d.<\/p>\n<p>\u201cEl gobierno est\u00e1 obsesionado con reducir el d\u00e9ficit fiscal, con acordar con los gobernadores, pactar con los dirigentes sindicales la reforma laboral de flexibilizaci\u00f3n que exigen las c\u00e1maras empresariales para traer m\u00e1s inversiones\u201d, dec\u00eda Daniel Men\u00e9ndez, coordinador nacional de Barrios de Pie.<\/p>\n<p>Soledad, integrante del Movimiento Campesino Ind\u00edgena que tambi\u00e9n particip\u00f3 de la movilizaci\u00f3n, reclam\u00f3 \u00abqueremos que integren la econom\u00eda popular en el consejo donde se va a tratar las leyes laborales, porque estamos excluidos. Pertenecemos a la rama agraria y queremos que incluyan la ley de agricultura familiar\u201d.<\/p>\n<p>FM Riachuelo 100.9 tambi\u00e9n entrevist\u00f3 a Marta Sanagua de la Organizaci\u00f3n Social y Pol\u00edtica Los Pibes: \u201cla reforma es un atropello para todos los trabajadores de la econom\u00eda popular\u201d.<\/p>\n","protected":false},"excerpt":{"rendered":"<p>Ayer por la ma\u00f1ana los trabajadores y trabajadoras de la econom\u00eda popular junto a otras organizaciones pol\u00edticas y sociales se movilizaron \u00a0desde el Obelisco al Centro Cultural Kirchner ante los anuncios realizados desde el gobierno sobre una reforma laboral. Con la consigna \u201cQueremos saber de qu\u00e9 se trata\u201d la CTEP, Barrios de Pie y la [&hellip;]<\/p>\n","protected":false},"author":5,"featured_media":5871,"comment_status":"open","ping_status":"open","sticky":false,"template":"","format":"standard","meta":{"_monsterinsights_skip_tracking":false,"_monsterinsights_sitenote_active":false,"_monsterinsights_sitenote_note":"","_monsterinsights_sitenote_category":0,"jnews-multi-image_gallery":[],"jnews_single_post":[],"jnews_primary_category":[],"_joinchat":[],"footnotes":""},"categories":[76,74,75],"tags":[],"class_list":["post-5867","post","type-post","status-publish","format-standard","has-post-thumbnail","hentry","category-salud-comunitaria","category-san-cayetano","category-trabajo"],"_links":{"self":[{"href":"http:\/\/fmriachuelo.it10.com.ar\/index.php\/wp-json\/wp\/v2\/posts\/5867","targetHints":{"allow":["GET"]}}],"collection":[{"href":"http:\/\/fmriachuelo.it10.com.ar\/index.php\/wp-json\/wp\/v2\/posts"}],"about":[{"href":"http:\/\/fmriachuelo.it10.com.ar\/index.php\/wp-json\/wp\/v2\/types\/post"}],"author":[{"embeddable":true,"href":"http:\/\/fmriachuelo.it10.com.ar\/index.php\/wp-json\/wp\/v2\/users\/5"}],"replies":[{"embeddable":true,"href":"http:\/\/fmriachuelo.it10.com.ar\/index.php\/wp-json\/wp\/v2\/comments?post=5867"}],"version-history":[{"count":0,"href":"http:\/\/fmriachuelo.it10.com.ar\/index.php\/wp-json\/wp\/v2\/posts\/5867\/revisions"}],"wp:featuredmedia":[{"embeddable":true,"href":"http:\/\/fmriachuelo.it10.com.ar\/index.php\/wp-json\/wp\/v2\/media\/5871"}],"wp:attachment":[{"href":"http:\/\/fmriachuelo.it10.com.ar\/index.php\/wp-json\/wp\/v2\/media?parent=5867"}],"wp:term":[{"taxonomy":"category","embeddable":true,"href":"http:\/\/fmriachuelo.it10.com.ar\/index.php\/wp-json\/wp\/v2\/categories?post=5867"},{"taxonomy":"post_tag","embeddable":true,"href":"http:\/\/fmriachuelo.it10.com.ar\/index.php\/wp-json\/wp\/v2\/tags?post=5867"}],"curies":[{"name":"wp","href":"https:\/\/api.w.org\/{rel}","templated":true}]}}