{"id":5860,"date":"2017-10-30T20:23:13","date_gmt":"2017-10-30T20:23:13","guid":{"rendered":"http:\/\/fmriachuelo.com.ar\/?p=5860"},"modified":"2017-10-30T20:23:13","modified_gmt":"2017-10-30T20:23:13","slug":"solidaridad-con-los-trabajadores-de-prensa-enjuiciados","status":"publish","type":"post","link":"http:\/\/fmriachuelo.it10.com.ar\/index.php\/2017\/10\/30\/solidaridad-con-los-trabajadores-de-prensa-enjuiciados\/","title":{"rendered":"SOLIDARIDAD CON LOS TRABAJADORES DE PRENSA ENJUICIADOS"},"content":{"rendered":"<p>[FM Riachuelo 30\/10\/2017] Los trabajadores de prensa del diario Perfil en el d\u00eda de hoy fueron citados en los tribunales de Av. De Los Inmigrantes 1950\u00a0 de la Ciudad Aut\u00f3noma de Buenos Aires.\u00a0 El juicio que corresponde \u00a0a \u00a0una causa abierta del a\u00f1o \u00a02013 por parte del empresario Jorge Fontevecchia contra los delegados de prensa de Editorial Perfil, bajo la acusaci\u00f3n de violar la libertad de prensa por haber realizado un amplio paro de actividades contra 13 despidos producidos durante un d\u00eda de elecci\u00f3n de delegados en la empresa.<\/p>\n<p>Desde las 8 de la ma\u00f1ana diferentes organizaciones sociales, pol\u00edticas, \u00a0sindicatos y medios comunitarios \u00a0acompa\u00f1aron\u00a0 a los acusados\u00a0 mostrando su apoyo y solidaridad. Antes que ingresaran a declarar se realiz\u00f3 una radio abierta en donde diferentes referentes adhirieron su apoyo\u00a0 a los imputados Rub\u00e9n Schofrin, Marcelo Iglesias, Ra\u00fal Mileo, H\u00e9ctor Vel\u00e1zquez, Jos\u00e9 Luis Quartana y Carlos Rodr\u00edguez.<\/p>\n<p><iframe loading=\"lazy\" title=\"30-10-2017 - SOLIDARIDAD CON LOS TRABAJADORES DE PRENSA ENJUICIADOS by FMR\" width=\"500\" height=\"450\" scrolling=\"no\" frameborder=\"no\" src=\"https:\/\/w.soundcloud.com\/player\/?visual=true&#038;url=https%3A%2F%2Fapi.soundcloud.com%2Fplaylists%2F363984208&#038;show_artwork=true&#038;maxheight=750&#038;maxwidth=500\"><\/iframe><\/p>\n<p>Adem\u00e1s habl\u00f3 uno de los enjuiciados\u00a0 Rub\u00e9n Schofrin, Secretario Adjunto de SiPreBA, quien dijo refiri\u00e9ndose a la causa: \u00abnosotros los inocentes, los delegados que fuimos al paro de actividades defendiendo los derechos consagrados en las leyes,\u00a0 defendiendo la libertad de expresi\u00f3n sindical, estamos en el banquillo de los acusados. Y los\u00a0 que vienen como testigos de la acusaci\u00f3n por parte de la patronal, son los verdaderos culpables\u00bb.<\/p>\n<p>Por otra parte el Secretario General de SiPreBA \u00a0Fernando \u00abTato\u00bb\u00a0Dondero\u00a0 manifest\u00f3 \u00a0\u201cel gobierno viene por nosotros, viene por una reforma laboral, que atenta contra los derechos de los trabajadores y trabajadoras.\u201d<\/p>\n<p>Al finalizar la audiencia Rub\u00e9n Schofrin \u00a0agradeci\u00f3 el apoyo recibido y expres\u00f3\u00a0 \u00a0\u201cestamos frente a una intenci\u00f3n monstruosa por parte de una editorial de la clase capitalista del pa\u00eds, que buscan cercenar el derecho de prensa y el derecho a la protesta, para de esa forma imponer el ajuste\u201d.<\/p>\n<p>&nbsp;<\/p>\n","protected":false},"excerpt":{"rendered":"<p>[FM Riachuelo 30\/10\/2017] Los trabajadores de prensa del diario Perfil en el d\u00eda de hoy fueron citados en los tribunales de Av. De Los Inmigrantes 1950\u00a0 de la Ciudad Aut\u00f3noma de Buenos Aires.\u00a0 El juicio que corresponde \u00a0a \u00a0una causa abierta del a\u00f1o \u00a02013 por parte del empresario Jorge Fontevecchia contra los delegados de prensa [&hellip;]<\/p>\n","protected":false},"author":5,"featured_media":5861,"comment_status":"open","ping_status":"open","sticky":false,"template":"","format":"standard","meta":{"_monsterinsights_skip_tracking":false,"_monsterinsights_sitenote_active":false,"_monsterinsights_sitenote_note":"","_monsterinsights_sitenote_category":0,"jnews-multi-image_gallery":[],"jnews_single_post":[],"jnews_primary_category":[],"_joinchat":[],"footnotes":""},"categories":[76,77,75],"tags":[],"class_list":["post-5860","post","type-post","status-publish","format-standard","has-post-thumbnail","hentry","category-salud-comunitaria","category-soberania","category-trabajo"],"_links":{"self":[{"href":"http:\/\/fmriachuelo.it10.com.ar\/index.php\/wp-json\/wp\/v2\/posts\/5860","targetHints":{"allow":["GET"]}}],"collection":[{"href":"http:\/\/fmriachuelo.it10.com.ar\/index.php\/wp-json\/wp\/v2\/posts"}],"about":[{"href":"http:\/\/fmriachuelo.it10.com.ar\/index.php\/wp-json\/wp\/v2\/types\/post"}],"author":[{"embeddable":true,"href":"http:\/\/fmriachuelo.it10.com.ar\/index.php\/wp-json\/wp\/v2\/users\/5"}],"replies":[{"embeddable":true,"href":"http:\/\/fmriachuelo.it10.com.ar\/index.php\/wp-json\/wp\/v2\/comments?post=5860"}],"version-history":[{"count":0,"href":"http:\/\/fmriachuelo.it10.com.ar\/index.php\/wp-json\/wp\/v2\/posts\/5860\/revisions"}],"wp:featuredmedia":[{"embeddable":true,"href":"http:\/\/fmriachuelo.it10.com.ar\/index.php\/wp-json\/wp\/v2\/media\/5861"}],"wp:attachment":[{"href":"http:\/\/fmriachuelo.it10.com.ar\/index.php\/wp-json\/wp\/v2\/media?parent=5860"}],"wp:term":[{"taxonomy":"category","embeddable":true,"href":"http:\/\/fmriachuelo.it10.com.ar\/index.php\/wp-json\/wp\/v2\/categories?post=5860"},{"taxonomy":"post_tag","embeddable":true,"href":"http:\/\/fmriachuelo.it10.com.ar\/index.php\/wp-json\/wp\/v2\/tags?post=5860"}],"curies":[{"name":"wp","href":"https:\/\/api.w.org\/{rel}","templated":true}]}}