{"id":586,"date":"2015-04-09T01:47:00","date_gmt":"2015-04-09T01:47:00","guid":{"rendered":"http:\/\/fmriachuelo.observatorioess.org.ar\/index.php\/2015\/04\/09\/buenos-aires-campamento-antiimperialista\/"},"modified":"2025-03-28T13:18:59","modified_gmt":"2025-03-28T16:18:59","slug":"buenos-aires-campamento-antiimperialista","status":"publish","type":"post","link":"http:\/\/fmriachuelo.it10.com.ar\/index.php\/2015\/04\/09\/buenos-aires-campamento-antiimperialista\/","title":{"rendered":"BUENOS AIRES: CAMPAMENTO ANTIIMPERIALISTA"},"content":{"rendered":"<p><span style=\"color: red;font-family: Verdana, sans-serif;font-size: large\"><strong>LA DIPLOMACIA DE LOS PUEBLOS<\/strong><\/span><br \/><span style=\"color: black;font-family: Verdana\">Al mismo tiempo que se desarrolla la VII Cumbre de las Am\u00e9ricas y la Cumbre de los Pueblos en Panam\u00e1, las organizaciones sociales, pol\u00edticas,&nbsp;sindicales&nbsp;y estudiantiles en Buenos Aires manifiestan su solidaridad. En&nbsp;rechazo a las pol\u00edticas que avasallan los derechos de nuestros pueblos y amenazan la regi\u00f3n declarada como zona de Paz por ello convocan frente a la Embajada de los Estados Unidos de Norteam\u00e9rica, en esta ciudad, a:<\/span><\/p>\n<div style=\"clear: both;text-align: center\"><\/div>\n<p><span style=\"color: black;font-family: Verdana\">&nbsp;<\/span><\/p>\n<div style=\"clear: both;text-align: center\"><span style=\"color: black;font-family: Verdana\"><a href=\"http:\/\/2.bp.blogspot.com\/-5gtNtnGW-Fc\/VSXZnJSMq8I\/AAAAAAAADrg\/Ey7TzNH60Q8\/s1600\/campamento.png\" style=\"margin-left: 1em;margin-right: 1em\"><img loading=\"lazy\" decoding=\"async\" border=\"0\" src=\"http:\/\/2.bp.blogspot.com\/-5gtNtnGW-Fc\/VSXZnJSMq8I\/AAAAAAAADrg\/Ey7TzNH60Q8\/s1600\/campamento.png\" height=\"640\" width=\"449\" \/><\/a><\/span><\/div>\n<p><\/p>\n","protected":false},"excerpt":{"rendered":"<p>LA DIPLOMACIA DE LOS PUEBLOSAl mismo tiempo que se desarrolla la VII Cumbre de las Am\u00e9ricas y la Cumbre de los Pueblos en Panam\u00e1, las organizaciones sociales, pol\u00edticas,&nbsp;sindicales&nbsp;y estudiantiles en Buenos Aires manifiestan su solidaridad. En&nbsp;rechazo a las pol\u00edticas que avasallan los derechos de nuestros pueblos y amenazan la regi\u00f3n declarada como zona de Paz [&hellip;]<\/p>\n","protected":false},"author":4,"featured_media":0,"comment_status":"open","ping_status":"open","sticky":false,"template":"","format":"standard","meta":{"_monsterinsights_skip_tracking":false,"_monsterinsights_sitenote_active":false,"_monsterinsights_sitenote_note":"","_monsterinsights_sitenote_category":0,"jnews-multi-image_gallery":[],"jnews_single_post":{"format":"standard"},"jnews_primary_category":[],"_joinchat":[],"footnotes":""},"categories":[58],"tags":[70,157],"class_list":["post-586","post","type-post","status-publish","format-standard","hentry","category-noticiariachuelo","tag-de-la-patria-grande","tag-nadie-se-salva-solo"],"_links":{"self":[{"href":"http:\/\/fmriachuelo.it10.com.ar\/index.php\/wp-json\/wp\/v2\/posts\/586","targetHints":{"allow":["GET"]}}],"collection":[{"href":"http:\/\/fmriachuelo.it10.com.ar\/index.php\/wp-json\/wp\/v2\/posts"}],"about":[{"href":"http:\/\/fmriachuelo.it10.com.ar\/index.php\/wp-json\/wp\/v2\/types\/post"}],"author":[{"embeddable":true,"href":"http:\/\/fmriachuelo.it10.com.ar\/index.php\/wp-json\/wp\/v2\/users\/4"}],"replies":[{"embeddable":true,"href":"http:\/\/fmriachuelo.it10.com.ar\/index.php\/wp-json\/wp\/v2\/comments?post=586"}],"version-history":[{"count":1,"href":"http:\/\/fmriachuelo.it10.com.ar\/index.php\/wp-json\/wp\/v2\/posts\/586\/revisions"}],"predecessor-version":[{"id":23253,"href":"http:\/\/fmriachuelo.it10.com.ar\/index.php\/wp-json\/wp\/v2\/posts\/586\/revisions\/23253"}],"wp:attachment":[{"href":"http:\/\/fmriachuelo.it10.com.ar\/index.php\/wp-json\/wp\/v2\/media?parent=586"}],"wp:term":[{"taxonomy":"category","embeddable":true,"href":"http:\/\/fmriachuelo.it10.com.ar\/index.php\/wp-json\/wp\/v2\/categories?post=586"},{"taxonomy":"post_tag","embeddable":true,"href":"http:\/\/fmriachuelo.it10.com.ar\/index.php\/wp-json\/wp\/v2\/tags?post=586"}],"curies":[{"name":"wp","href":"https:\/\/api.w.org\/{rel}","templated":true}]}}