{"id":5851,"date":"2017-10-28T04:27:49","date_gmt":"2017-10-28T04:27:49","guid":{"rendered":"http:\/\/fmriachuelo.com.ar\/?p=5851"},"modified":"2017-10-28T04:27:49","modified_gmt":"2017-10-28T04:27:49","slug":"misa-en-solidaridad-con-familias-del-incendio-de-pedrodemendoza","status":"publish","type":"post","link":"http:\/\/fmriachuelo.it10.com.ar\/index.php\/2017\/10\/28\/misa-en-solidaridad-con-familias-del-incendio-de-pedrodemendoza\/","title":{"rendered":"MISA EN SOLIDARIDAD CON FAMILIAS DEL INCENDIO DE AV. PEDRO DE MENDOZA"},"content":{"rendered":"<p>[FM RIACHUELO 27\/10\/2017] Hoy se realiz\u00f3 una misa por los vecinos que el pasado 20 de julio perdieron sus viviendas en el incendio de la calle Av. Pedro de Mendoza al 1400, y todav\u00eda no reciben respuestas por parte del gobierno de la ciudad. El padre Paco estuvo a cargo de la ceremonia en la cual pidi\u00f3 especialmente por las cuatro v\u00edctimas que murieron en el lugar (entre ellos un beb\u00e9) y por las familias que hoy viven en carpas frente a las ruinas del conventillo que antes era su hogar. El padre explic\u00f3: \u201clos vecinos pidieron esta misa para que Dios les de fuerza y esperanza, y para que afloje el coraz\u00f3n de los que tienen la soluci\u00f3n\u201d y asegur\u00f3 \u00a0que \u201c Dios no es neutral, est\u00e1 del lado de los pobres, de los que quieren cambiar la historia, no est\u00e1 de lado de los ricos, los satisfechos, quienes no saben ver el dolor del pr\u00f3jimo\u201d.<\/p>\n<p>En la Boca ya a nadie le sorprende que siempre se prendan fuego los hogares de los vecinos m\u00e1s humildes, que en cada incendio pierdan lo poco que tienen, y se vean obligados a abandonar el barrio. Frente a la ausencia de soluciones a la problem\u00e1tica habilitacional por parte del gobierno (que adem\u00e1s tiene como pol\u00edtica de estado m\u00e1s caracter\u00edstica la de favorecer el negocio inmobiliario) el padre Paco dio una misa y dijo que la estrategia es expulsar a los sectores que \u201cafean\u201d la ciudad: \u201cEsto me recuerda a la dictadura, que en el mundial de \u201878 echaban a los pobres a la provincia para que no afearan la ciudad. Mientras la sociedad gritaba goles torturaban gente y echaban a los pobres.\u201d Y concluy\u00f3: \u201cHay que luchar para que esa historia no se repita\u201d.<\/p>\n<p>Escuchalo en el siguiente enlace:<\/p>\n<p><iframe loading=\"lazy\" title=\"27\/10\/2017 MISA EN SOLIDARIDAD CON LAS FAMILIAS DEL INCENDIO DE LAMADRID by FMR\" width=\"500\" height=\"450\" scrolling=\"no\" frameborder=\"no\" src=\"https:\/\/w.soundcloud.com\/player\/?visual=true&#038;url=https%3A%2F%2Fapi.soundcloud.com%2Fplaylists%2F363279776&#038;show_artwork=true&#038;maxheight=750&#038;maxwidth=500\"><\/iframe><\/p>\n<p>&nbsp;<\/p>\n<p>&nbsp;<\/p>\n<p>&nbsp;<\/p>\n<p>.<\/p>\n","protected":false},"excerpt":{"rendered":"<p>[FM RIACHUELO 27\/10\/2017] Hoy se realiz\u00f3 una misa por los vecinos que el pasado 20 de julio perdieron sus viviendas en el incendio de la calle Av. Pedro de Mendoza al 1400, y todav\u00eda no reciben respuestas por parte del gobierno de la ciudad. El padre Paco estuvo a cargo de la ceremonia en la [&hellip;]<\/p>\n","protected":false},"author":5,"featured_media":5852,"comment_status":"open","ping_status":"open","sticky":false,"template":"","format":"standard","meta":{"_monsterinsights_skip_tracking":false,"_monsterinsights_sitenote_active":false,"_monsterinsights_sitenote_note":"","_monsterinsights_sitenote_category":0,"jnews-multi-image_gallery":[],"jnews_single_post":[],"jnews_primary_category":[],"_joinchat":[],"footnotes":""},"categories":[78,76],"tags":[],"class_list":["post-5851","post","type-post","status-publish","format-standard","has-post-thumbnail","hentry","category-economia-popular","category-salud-comunitaria"],"_links":{"self":[{"href":"http:\/\/fmriachuelo.it10.com.ar\/index.php\/wp-json\/wp\/v2\/posts\/5851","targetHints":{"allow":["GET"]}}],"collection":[{"href":"http:\/\/fmriachuelo.it10.com.ar\/index.php\/wp-json\/wp\/v2\/posts"}],"about":[{"href":"http:\/\/fmriachuelo.it10.com.ar\/index.php\/wp-json\/wp\/v2\/types\/post"}],"author":[{"embeddable":true,"href":"http:\/\/fmriachuelo.it10.com.ar\/index.php\/wp-json\/wp\/v2\/users\/5"}],"replies":[{"embeddable":true,"href":"http:\/\/fmriachuelo.it10.com.ar\/index.php\/wp-json\/wp\/v2\/comments?post=5851"}],"version-history":[{"count":0,"href":"http:\/\/fmriachuelo.it10.com.ar\/index.php\/wp-json\/wp\/v2\/posts\/5851\/revisions"}],"wp:featuredmedia":[{"embeddable":true,"href":"http:\/\/fmriachuelo.it10.com.ar\/index.php\/wp-json\/wp\/v2\/media\/5852"}],"wp:attachment":[{"href":"http:\/\/fmriachuelo.it10.com.ar\/index.php\/wp-json\/wp\/v2\/media?parent=5851"}],"wp:term":[{"taxonomy":"category","embeddable":true,"href":"http:\/\/fmriachuelo.it10.com.ar\/index.php\/wp-json\/wp\/v2\/categories?post=5851"},{"taxonomy":"post_tag","embeddable":true,"href":"http:\/\/fmriachuelo.it10.com.ar\/index.php\/wp-json\/wp\/v2\/tags?post=5851"}],"curies":[{"name":"wp","href":"https:\/\/api.w.org\/{rel}","templated":true}]}}