{"id":585,"date":"2015-04-09T01:55:00","date_gmt":"2015-04-09T01:55:00","guid":{"rendered":"http:\/\/fmriachuelo.observatorioess.org.ar\/index.php\/2015\/04\/09\/ciudad-de-buenos-aires-polemica-por-la-urbanizacion-de-los-piletones\/"},"modified":"2025-03-28T13:19:34","modified_gmt":"2025-03-28T16:19:34","slug":"ciudad-de-buenos-aires-polemica-por-la-urbanizacion-de-los-piletones","status":"publish","type":"post","link":"http:\/\/fmriachuelo.it10.com.ar\/index.php\/2015\/04\/09\/ciudad-de-buenos-aires-polemica-por-la-urbanizacion-de-los-piletones\/","title":{"rendered":"CIUDAD DE BUENOS AIRES: POLEMICA POR LA URBANIZACION DE LOS PILETONES"},"content":{"rendered":"<p><span style=\"color: red;font-family: Verdana, sans-serif;font-size: large\"><strong>EN CAMPA\u00d1A<\/strong><\/span><br \/><span style=\"color: black;font-family: Verdana, sans-serif;font-size: large\"><strong>INAUGURARON LA SUPUESTA URBANIZACION<\/strong><\/span><br \/><span style=\"font-family: Verdana, sans-serif\"><strong>Rodr\u00edguez Larreta y Vidal inauguraron la supuesta urbanizaci\u00f3n del barrio ubicado en Villa Soldati. Los vecinos los desmintieron y hablan de fraude y obras mal hechas.<\/strong><\/span><br \/><span style=\"color: black;font-family: Times New Roman;font-size: large\"><\/p>\n<div style=\"clear: both;text-align: center\"><a href=\"http:\/\/3.bp.blogspot.com\/-oLp8macN1Ic\/VSXbZ7Si1-I\/AAAAAAAADrs\/xUwKQl8dABQ\/s1600\/PILETONES.jpg\" style=\"clear: left;float: left;margin-bottom: 1em;margin-right: 1em\"><img loading=\"lazy\" decoding=\"async\" border=\"0\" src=\"http:\/\/3.bp.blogspot.com\/-oLp8macN1Ic\/VSXbZ7Si1-I\/AAAAAAAADrs\/xUwKQl8dABQ\/s1600\/PILETONES.jpg\" height=\"180\" width=\"320\" \/><\/a><\/div>\n<p><\/span><span style=\"font-family: Verdana, sans-serif\">En un acto cargado de proselitismo, la plana mayor del gobierno porte\u00f1o anunci\u00f3 que, al fin, se hab\u00eda concretado la urbanizaci\u00f3n del barrio Los Piletones. La estrella central fue el jefe de gabinete y precandidato a jefe de gobierno, Horacio Rodr\u00edguez Larreta, quien se mostr\u00f3 sonriente junto a la dirigente barrial Margarita Barrientos.<\/p>\n<p>Acompa\u00f1ado por la vicejefa de gobierno, Mar\u00eda Eugenia Vidal, la ministra de Desarrollo Social, Carolina Stanley y el ministro de Desarrollo Econ\u00f3mico, Francisco Cabrera, Larreta present\u00f3 la urbanizaci\u00f3n y anunci\u00f3, adem\u00e1s, que las familias recibir\u00e1n progresivamente la escritura de las viviendas que habitan.<\/p>\n<p>Seg\u00fan inform\u00f3 la Corporaci\u00f3n Buenos Aires Sur, la urbanizaci\u00f3n muestra un grado de ejecuci\u00f3n del 98 por ciento. Las tareas incluyeron la apertura de calles y el tendido de veredas; la instalaci\u00f3n de redes de agua, cloacas y electricidad; la renovaci\u00f3n de luminarias y la construcci\u00f3n de un polideportivo; un jard\u00edn maternal; una \u201cincubadora\u201d de microemprendimientos; una casa para la atenci\u00f3n de adictos; oficinas judiciales, y una sucursal del Banco Ciudad.<\/p>\n<p>Sin embargo, los vecinos salieron al cruce de la informaci\u00f3n brindada por el gobierno y realizaron el mi\u00e9rcoles 8 una movilizaci\u00f3n frente a la nueva sede del gobierno porte\u00f1o. \u201cLo que se hizo es un parche, pero no hay ning\u00fan servicio b\u00e1sico funcionando de manera regular\u2026 seguimos como antes\u201d, dijo a Diario Z la presidenta de la Junta Vecina, M\u00f3nica Ruejas.<\/span><br \/><span style=\"font-family: Verdana, sans-serif\"><\/span><a name='more'><\/a><span style=\"font-family: Verdana, sans-serif\"><br \/>\u201cQue Los Piletones est\u00e1 urbanizado es una mentira de ac\u00e1 a la China\u201d, explic\u00f3 Julio Cari, vecino del barrio. Tanto Ruejas como Cari aseguraron que las obras realizadas son de \u201cp\u00e9sima calidad, especialmente el asfaltado y la red de agua\u201d. Y agregaron que muchos de los ca\u00f1os fueron atados con alambres y algunos ya est\u00e1n rotos, lo cual provoca inundaciones constantes en el barrio.<\/p>\n<p>Tambi\u00e9n la Asociaci\u00f3n Civil por la Igualdad y la Justicia (ACIJ) critic\u00f3 al gobierno por hablar de urbanizaci\u00f3n. Rosario Fassina, soci\u00f3loga e integrante de Acij, se\u00f1al\u00f3 a Diario Z que \u201cembellecer algunas casas y asfaltar algunas calles no es urbanizar\u201d. \u201cLa mayor\u00eda no tiene servicios b\u00e1sicos. Se pavimentaron calles sin respetar las bocas de tormenta. Todav\u00eda no llovi\u00f3 y ya sufrieron inundaciones. Hay lagunas, literalmente, en las puertas de las casas\u201d, agreg\u00f3.<\/p>\n<p>Otra cuesti\u00f3n que preocupa \u2013y mucho- a los vecinos son las condiciones que el gobierno estar\u00eda imponiendo para que puedan conectar su vivienda a los servicios b\u00e1sicos. Seg\u00fan explic\u00f3 el legislador del Frente de Izquierda (FIT), Marcelo Ramal, \u201ccomo condici\u00f3n para ingresar del plan de urbanizaci\u00f3n, los vecinos deben firmar un boleto de compra y venta a favor de la Corporaci\u00f3n del Sur, que incluye cl\u00e1usulas de desalojos sumarios en caso de mora\u201d. Pero adem\u00e1s, la Corporaci\u00f3n tiene la \u201cprerrogativa de recomprar esos lotes en un futuro, algo que si se realiza masivamente, terminar\u00e1 en la erradicaci\u00f3n de la villa y en un operativo inmobiliario\u201d.<\/p>\n<p>Ruejas asegur\u00f3 que los vecinos est\u00e1n siendo presionados para que firmen el convenio a cambio de obtener la escritura. De aceptar, los vecinos tendr\u00e1n que pagar mensualmente una hipoteca al Banco Ciudad. Los terrenos fueron tasados entre 500 y 750 pesos el m2.<\/p>\n<p>Cari tambi\u00e9n denunci\u00f3 que el gobierno \u201caprieta\u201d a varias familias para que permitan la demolici\u00f3n de sus casas, sin que se les hubiera asignado una casa o lote alternativo. \u201cPor el contrario, en los sectores que se inundan, donde los vecinos requieren un traslado inmediato, no obtienen respuesta alguna y se les niega el acceso a dichas viviendas\u201d, a\u00f1adi\u00f3.<\/span><\/p>\n<p><span style=\"color: black;font-family: Times New Roman;font-size: large\"><span style=\"color: blue;font-family: Verdana;font-size: small\">Fuente: Diario Z, Producci\u00f3n Riachuelo<\/span><\/p>\n<p><span style=\"color: blue;font-family: Verdana, sans-serif;font-size: small\"><\/span>&nbsp;<\/p>\n<div style=\"clear: both;text-align: center\">&nbsp;<\/div>\n<p><\/span><\/p>\n","protected":false},"excerpt":{"rendered":"<p>EN CAMPA\u00d1AINAUGURARON LA SUPUESTA URBANIZACIONRodr\u00edguez Larreta y Vidal inauguraron la supuesta urbanizaci\u00f3n del barrio ubicado en Villa Soldati. Los vecinos los desmintieron y hablan de fraude y obras mal hechas. En un acto cargado de proselitismo, la plana mayor del gobierno porte\u00f1o anunci\u00f3 que, al fin, se hab\u00eda concretado la urbanizaci\u00f3n del barrio Los Piletones. [&hellip;]<\/p>\n","protected":false},"author":4,"featured_media":0,"comment_status":"open","ping_status":"open","sticky":false,"template":"","format":"standard","meta":{"_monsterinsights_skip_tracking":false,"_monsterinsights_sitenote_active":false,"_monsterinsights_sitenote_note":"","_monsterinsights_sitenote_category":0,"jnews-multi-image_gallery":[],"jnews_single_post":{"format":"standard"},"jnews_primary_category":[],"_joinchat":[],"footnotes":""},"categories":[58],"tags":[81,147],"class_list":["post-585","post","type-post","status-publish","format-standard","hentry","category-noticiariachuelo","tag-aguafuertes-portenas","tag-habitat"],"_links":{"self":[{"href":"http:\/\/fmriachuelo.it10.com.ar\/index.php\/wp-json\/wp\/v2\/posts\/585","targetHints":{"allow":["GET"]}}],"collection":[{"href":"http:\/\/fmriachuelo.it10.com.ar\/index.php\/wp-json\/wp\/v2\/posts"}],"about":[{"href":"http:\/\/fmriachuelo.it10.com.ar\/index.php\/wp-json\/wp\/v2\/types\/post"}],"author":[{"embeddable":true,"href":"http:\/\/fmriachuelo.it10.com.ar\/index.php\/wp-json\/wp\/v2\/users\/4"}],"replies":[{"embeddable":true,"href":"http:\/\/fmriachuelo.it10.com.ar\/index.php\/wp-json\/wp\/v2\/comments?post=585"}],"version-history":[{"count":1,"href":"http:\/\/fmriachuelo.it10.com.ar\/index.php\/wp-json\/wp\/v2\/posts\/585\/revisions"}],"predecessor-version":[{"id":23254,"href":"http:\/\/fmriachuelo.it10.com.ar\/index.php\/wp-json\/wp\/v2\/posts\/585\/revisions\/23254"}],"wp:attachment":[{"href":"http:\/\/fmriachuelo.it10.com.ar\/index.php\/wp-json\/wp\/v2\/media?parent=585"}],"wp:term":[{"taxonomy":"category","embeddable":true,"href":"http:\/\/fmriachuelo.it10.com.ar\/index.php\/wp-json\/wp\/v2\/categories?post=585"},{"taxonomy":"post_tag","embeddable":true,"href":"http:\/\/fmriachuelo.it10.com.ar\/index.php\/wp-json\/wp\/v2\/tags?post=585"}],"curies":[{"name":"wp","href":"https:\/\/api.w.org\/{rel}","templated":true}]}}