{"id":5848,"date":"2017-10-25T03:11:54","date_gmt":"2017-10-25T03:11:54","guid":{"rendered":"http:\/\/fmriachuelo.com.ar\/?p=5848"},"modified":"2017-10-25T03:11:54","modified_gmt":"2017-10-25T03:11:54","slug":"trabajadores-volvieron-a-marchar-contra-la-privatizacion-de-vialidad","status":"publish","type":"post","link":"http:\/\/fmriachuelo.it10.com.ar\/index.php\/2017\/10\/25\/trabajadores-volvieron-a-marchar-contra-la-privatizacion-de-vialidad\/","title":{"rendered":"TRABAJADORES VOLVIERON A MARCHAR CONTRA LA PRIVATIZACI\u00d3N DE VIALIDAD"},"content":{"rendered":"<p>[FM RIACHUELO 24\/10\/107] La comisi\u00f3n Bicameral Permanente de Tr\u00e1mite Legislativo estuvo convocada el d\u00eda de hoy para tratar los decretos de necesidad y urgencia promulgados por el gobierno, y entre ellos se trat\u00f3 el 794\/2017 que crea la sociedad an\u00f3nima \u201cCorredores Viales S.A\u201d que promueve la privatizaci\u00f3n del sector.<\/p>\n<p>La \u00a0sociedad que asumir\u00e1 las funciones que hasta ahora (y hace m\u00e1s de 80 a\u00f1os) cumple Vialidad Nacional estar\u00e1 compuesta por un 51% de capital accionario por el Ministerio de Transporte (cartera que conduce Guillermo Dietrich), y el 49% por la Direcci\u00f3n Nacional de Vialidad. El decreto expresa \u201cen caso que el inter\u00e9s p\u00fablico lo requiera podr\u00e1n participar de la sociedad personas de car\u00e1cter privado a trav\u00e9s de los procedimientos de selecci\u00f3n correspondientes\u201d.<\/p>\n<p>La Comisi\u00f3n Bicameral emitir\u00e1 dict\u00e1menes para ser girados a ambas c\u00e1maras del Congreso Nacional, y se espera que el DNU 794\/2017 pueda ser derogado. La Bicameral que cont\u00f3 con la participaci\u00f3n de legisladores y trabajadores viales resolvi\u00f3 citar al ministro de Transporte, Guillermo Dietrich para dar explicaciones (recordemos que ya hab\u00eda sido citado a la comisi\u00f3n de Obras P\u00fablicas de la C\u00e1mara de Diputados, para exponer los argumentos del Gobierno Nacional para la creaci\u00f3n de Corredores Viales S.A. y no se present\u00f3, alegando compromisos impostergables).<\/p>\n<p>Los trabajadores se movilizaron hasta el congreso no s\u00f3lo en defensa de sus puestos de trabajos que se ven severamente afectados con el DNU, sino tambi\u00e9n contra la venta de terrenos del 1\u00b0 Distrito ubicado en Av. Gral Paz y Emilio Castro, donde adem\u00e1s funciona una Escuela T\u00e9cnica Vial. El gobierno de la Ciudad pretende utilizar esos terrenos para favorecer la especulaci\u00f3n inmobiliaria, pol\u00edtica caracter\u00edstica de la gesti\u00f3n de CAMBIEMOS.<\/p>\n<p>Escuch\u00e1 los testimonios de los presentes en el siguiente link:<\/p>\n<p><iframe loading=\"lazy\" title=\"24-10-2017 - COMPA\u00d1ERO DE VIALIDAD EN LUCHA POR SUS PUESTOS DE TRABAJO by FMR\" width=\"500\" height=\"450\" scrolling=\"no\" frameborder=\"no\" src=\"https:\/\/w.soundcloud.com\/player\/?visual=true&#038;url=https%3A%2F%2Fapi.soundcloud.com%2Fplaylists%2F362514402&#038;show_artwork=true&#038;maxheight=750&#038;maxwidth=500\"><\/iframe><\/p>\n","protected":false},"excerpt":{"rendered":"<p>[FM RIACHUELO 24\/10\/107] La comisi\u00f3n Bicameral Permanente de Tr\u00e1mite Legislativo estuvo convocada el d\u00eda de hoy para tratar los decretos de necesidad y urgencia promulgados por el gobierno, y entre ellos se trat\u00f3 el 794\/2017 que crea la sociedad an\u00f3nima \u201cCorredores Viales S.A\u201d que promueve la privatizaci\u00f3n del sector. La \u00a0sociedad que asumir\u00e1 las funciones [&hellip;]<\/p>\n","protected":false},"author":5,"featured_media":5849,"comment_status":"open","ping_status":"open","sticky":false,"template":"","format":"standard","meta":{"_monsterinsights_skip_tracking":false,"_monsterinsights_sitenote_active":false,"_monsterinsights_sitenote_note":"","_monsterinsights_sitenote_category":0,"jnews-multi-image_gallery":[],"jnews_single_post":[],"jnews_primary_category":[],"_joinchat":[],"footnotes":""},"categories":[78,76],"tags":[],"class_list":["post-5848","post","type-post","status-publish","format-standard","has-post-thumbnail","hentry","category-economia-popular","category-salud-comunitaria"],"_links":{"self":[{"href":"http:\/\/fmriachuelo.it10.com.ar\/index.php\/wp-json\/wp\/v2\/posts\/5848","targetHints":{"allow":["GET"]}}],"collection":[{"href":"http:\/\/fmriachuelo.it10.com.ar\/index.php\/wp-json\/wp\/v2\/posts"}],"about":[{"href":"http:\/\/fmriachuelo.it10.com.ar\/index.php\/wp-json\/wp\/v2\/types\/post"}],"author":[{"embeddable":true,"href":"http:\/\/fmriachuelo.it10.com.ar\/index.php\/wp-json\/wp\/v2\/users\/5"}],"replies":[{"embeddable":true,"href":"http:\/\/fmriachuelo.it10.com.ar\/index.php\/wp-json\/wp\/v2\/comments?post=5848"}],"version-history":[{"count":0,"href":"http:\/\/fmriachuelo.it10.com.ar\/index.php\/wp-json\/wp\/v2\/posts\/5848\/revisions"}],"wp:featuredmedia":[{"embeddable":true,"href":"http:\/\/fmriachuelo.it10.com.ar\/index.php\/wp-json\/wp\/v2\/media\/5849"}],"wp:attachment":[{"href":"http:\/\/fmriachuelo.it10.com.ar\/index.php\/wp-json\/wp\/v2\/media?parent=5848"}],"wp:term":[{"taxonomy":"category","embeddable":true,"href":"http:\/\/fmriachuelo.it10.com.ar\/index.php\/wp-json\/wp\/v2\/categories?post=5848"},{"taxonomy":"post_tag","embeddable":true,"href":"http:\/\/fmriachuelo.it10.com.ar\/index.php\/wp-json\/wp\/v2\/tags?post=5848"}],"curies":[{"name":"wp","href":"https:\/\/api.w.org\/{rel}","templated":true}]}}