{"id":5837,"date":"2017-10-24T02:57:40","date_gmt":"2017-10-24T02:57:40","guid":{"rendered":"http:\/\/fmriachuelo.com.ar\/?p=5837"},"modified":"2017-10-24T02:57:40","modified_gmt":"2017-10-24T02:57:40","slug":"amplia-solidaridad-en-el-juicio-contra-la-protesta-social","status":"publish","type":"post","link":"http:\/\/fmriachuelo.it10.com.ar\/index.php\/2017\/10\/24\/amplia-solidaridad-en-el-juicio-contra-la-protesta-social\/","title":{"rendered":"AMPLIA SOLIDARIDAD EN EL JUICIO CONTRA LA PROTESTA SOCIAL"},"content":{"rendered":"<p>[FM RIACHUELO 23\/10\/2017] Hoy se llev\u00f3 adelante otra audiencia en el marco del juicio a la protesta social, donde se pretende criminalizar a los militantes Lito Borello, Luis D\u2019elia y Luis Bord\u00f3n por encabezar el reclamo popular que deriv\u00f3 en la toma de la comisaria 24 de la Boca, despu\u00e9s del asesinato del militante Martin \u201cOso\u201d Cisneros en 2004, y permiti\u00f3 que se pudiera encontrar al asesino, un sicario protegido por la polic\u00eda.<\/p>\n<p>En la jornada de hoy, donde la fiscal Gabriela Baig\u00fan realizaba las acusaciones, las organizaciones y movimientos populares dieron c\u00e1tedra de unidad y solidaridad, y demostraron que \u201csi tocan a uno nos tocan a todos\u201d no s\u00f3lo es una consigna. El amplio arco de organizaciones sociales, pol\u00edticas, sindicales, de derechos humanos, y culturales dio una firme se\u00f1al de repudio a la avanzada contra el derecho a la protesta.<\/p>\n<p>Escuchalos ac\u00e1:<\/p>\n<p><iframe loading=\"lazy\" title=\"23-10-2017 - JUICIO A LA PROTESTA SOCIAL - by FMR\" width=\"500\" height=\"450\" scrolling=\"no\" frameborder=\"no\" src=\"https:\/\/w.soundcloud.com\/player\/?visual=true&#038;url=https%3A%2F%2Fapi.soundcloud.com%2Fplaylists%2F362270734&#038;show_artwork=true&#038;maxheight=750&#038;maxwidth=500\"><\/iframe><\/p>\n<p>Entre los presentes estuvieron Esteban \u201cel Gringo\u201d Castro, el Secretario General de la CTEP expresando el apoyo a su \u201chermano en la lucha\u201d, Lito Borello y coment\u00f3: \u201cAc\u00e1 est\u00e1 en juego la muerte del Oso Cisneros. No debemos olvidar que como Santiago Maldonado, son los j\u00f3venes militantes populares los que ponen el cuerpo por el pueblo.\u201d<\/p>\n<p>Por su parte, Cristina Mena del MTR 12 de Abril record\u00f3 que \u201cla polic\u00eda ligada al narcotr\u00e1fico e intereses espurios termin\u00f3 con la muerte de un compa\u00f1ero. No nos vamos a olvidar de que todo esto est\u00e1 armado para justificar el accionar represivo y mafioso de la polic\u00eda.\u201d Tambi\u00e9n ironiz\u00f3: \u201cEllos siempre tienen buenas intenciones: cuando nos disparan con balas es porque se equivocan, o se les escapan. Pero una piedra contra un patrullero merece todo este juicio.\u201d<\/p>\n<p>Tambi\u00e9n acompa\u00f1aron trabajadores de distintos gremios, entre ellos Luis C\u00e1ceres del sindicato de ladrilleros de la UOLRA que asegur\u00f3 que \u201cel mensaje es para aquellos que no aceptamos esta pol\u00edtica de entrega, que no vamos a tolerar la reforma laboral y previsional, ni nada que vaya en contra de los sectores humildes\u201d.<\/p>\n<p>La cantidad de organizaciones sociales y populares que estuvieron presentes en el juicio demuestra que la unidad y la solidaridad siguen siendo los valores m\u00e1s caracter\u00edsticos de nuestro pueblo. Entre varios participaron de la audiencia Norman Briski, Adolfo Barja del SUTAP, Guillermo Benitez de la Agrupaci\u00f3n\u00a0 22 de Agosto, Hector Carrica de ATE Nacional, el Juez Andr\u00e9s Gallardo, Enrique Palmeyro de Scholas Ocurrentes, Nono Frondizi de ATE Capital, Ramiro Coelho de Radio Gr\u00e1fica, compa\u00f1eras y compa\u00f1eros de La Poderosa, Jonathan Thea de Seamos Libres, Vicente Zito Lema, Chiqui Falcone de la Coordinadora Resistir y Luchar, Vilma Ripoll del MST, el Director de Resumen Latinoamericano Carlos Aznarez, Pablo Antonini de FARCO, Facundo D\u00edaz de \u201cKallpa Wayna\u201d, Julian Galeano y Nestor Jeifetz del MOI, David Santoni del ENPL, Roberto Perd\u00eda y Pablo Puebla de la OLP, Rafael Klejzser del Movimiento Popular La Dignidad, Nahuel Levaggi de la Uni\u00f3n de Trabajadores de la Tierra, Carina Lopez Monja y Cristobal Cervera del FPDS, el Padre Charly de la parroquia Caacup\u00e9, Tano Nardulli, Susana Cabezas y Alejandra Abrego de la Corriente Clasista y Combativa, compa\u00f1eras y compa\u00f1eros de la Sim\u00f3n Bol\u00edvar, Marcelo Jara de la San Martin, Dar\u00edo Zaffalon del Frente de Desocupados Eva Per\u00f3n, Valeria Gracia de Voluntario Global, Juan Marino del Partido Piquetero, Raquel Witis, Estela Cerda, Gumercinda Valdez Gim\u00e9nez y Dolores Sigampa familiares de v\u00edctimas de violencia institucional, Silvia Bingnate madre de una v\u00edctima de Croma\u00f1\u00f3n, Eduardo Soares, Blanca Garcia Sudeste Capital, Gladys Flores y Diana Baez de la cooperativa de trabajo La Lecherita, Marta Chamorro PTP Barracas, Gerardo Robbiano PTP San Martin, el Vasco Murua del MNER, Eleonora Pedot y Miguel Gomez del MNCI-Via Campesina, Vilma Ripoll del MST, compa\u00f1eros y compa\u00f1eras de la Secretaria de Extensi\u00f3n de la UNDAV.<\/p>\n<p>La evidente definici\u00f3n pol\u00edtica en el pedido de c\u00e1rcel para Luis D&#8217;elia, dej\u00f3 m\u00e1s claro que nunca para los presentes que el poder concentrado busca a trav\u00e9s del poder judicial amedrentar y disciplinar a los sectores que se niegan a permanecer sumisos ante\u00a0 el avance de un sistema que excluye y mata. Que\u00a0la justicia no es la misma para ricos y pobres, para los poderosos, que para los militantes, que d\u00eda a d\u00eda dejan la vida por el sue\u00f1o de un mundo m\u00e1s justo. La persecuci\u00f3n a la dirigente juje\u00f1a Milagro Sala, y la crueldad con la que fue tratada la causa de Santiago Maldonado, son apenas ejemplos que dan cuenta de la terrible realidad que hoy enfrenta los luchadores sociales. La conclusi\u00f3n de quienes se acercaron a presenciar el juicio contra la protesta social es que ser\u00eda imposible\u00a0 para el poder implantar su modelo de pobreza, hambre y exclusi\u00f3n, sin primero disciplinar a quienes pelean cotidianamente contra las injusticias. Pero que frente a ese avance, sin dudas, encontrar\u00e1n resistencia.<\/p>\n","protected":false},"excerpt":{"rendered":"<p>[FM RIACHUELO 23\/10\/2017] Hoy se llev\u00f3 adelante otra audiencia en el marco del juicio a la protesta social, donde se pretende criminalizar a los militantes Lito Borello, Luis D\u2019elia y Luis Bord\u00f3n por encabezar el reclamo popular que deriv\u00f3 en la toma de la comisaria 24 de la Boca, despu\u00e9s del asesinato del militante Martin [&hellip;]<\/p>\n","protected":false},"author":5,"featured_media":5838,"comment_status":"open","ping_status":"open","sticky":false,"template":"","format":"standard","meta":{"_monsterinsights_skip_tracking":false,"_monsterinsights_sitenote_active":false,"_monsterinsights_sitenote_note":"","_monsterinsights_sitenote_category":0,"jnews-multi-image_gallery":[],"jnews_single_post":[],"jnews_primary_category":[],"_joinchat":[],"footnotes":""},"categories":[78,76],"tags":[],"class_list":["post-5837","post","type-post","status-publish","format-standard","has-post-thumbnail","hentry","category-economia-popular","category-salud-comunitaria"],"_links":{"self":[{"href":"http:\/\/fmriachuelo.it10.com.ar\/index.php\/wp-json\/wp\/v2\/posts\/5837","targetHints":{"allow":["GET"]}}],"collection":[{"href":"http:\/\/fmriachuelo.it10.com.ar\/index.php\/wp-json\/wp\/v2\/posts"}],"about":[{"href":"http:\/\/fmriachuelo.it10.com.ar\/index.php\/wp-json\/wp\/v2\/types\/post"}],"author":[{"embeddable":true,"href":"http:\/\/fmriachuelo.it10.com.ar\/index.php\/wp-json\/wp\/v2\/users\/5"}],"replies":[{"embeddable":true,"href":"http:\/\/fmriachuelo.it10.com.ar\/index.php\/wp-json\/wp\/v2\/comments?post=5837"}],"version-history":[{"count":0,"href":"http:\/\/fmriachuelo.it10.com.ar\/index.php\/wp-json\/wp\/v2\/posts\/5837\/revisions"}],"wp:featuredmedia":[{"embeddable":true,"href":"http:\/\/fmriachuelo.it10.com.ar\/index.php\/wp-json\/wp\/v2\/media\/5838"}],"wp:attachment":[{"href":"http:\/\/fmriachuelo.it10.com.ar\/index.php\/wp-json\/wp\/v2\/media?parent=5837"}],"wp:term":[{"taxonomy":"category","embeddable":true,"href":"http:\/\/fmriachuelo.it10.com.ar\/index.php\/wp-json\/wp\/v2\/categories?post=5837"},{"taxonomy":"post_tag","embeddable":true,"href":"http:\/\/fmriachuelo.it10.com.ar\/index.php\/wp-json\/wp\/v2\/tags?post=5837"}],"curies":[{"name":"wp","href":"https:\/\/api.w.org\/{rel}","templated":true}]}}