{"id":583,"date":"2015-04-09T13:25:00","date_gmt":"2015-04-09T13:25:00","guid":{"rendered":"http:\/\/fmriachuelo.observatorioess.org.ar\/index.php\/2015\/04\/09\/un-nuevo-sobreseimiento-dicta-la-justicia-para-macri\/"},"modified":"2025-03-28T13:21:07","modified_gmt":"2025-03-28T16:21:07","slug":"un-nuevo-sobreseimiento-dicta-la-justicia-para-macri","status":"publish","type":"post","link":"http:\/\/fmriachuelo.it10.com.ar\/index.php\/2015\/04\/09\/un-nuevo-sobreseimiento-dicta-la-justicia-para-macri\/","title":{"rendered":"UN NUEVO SOBRESEIMIENTO DICTA LA JUSTICIA PARA MACRI"},"content":{"rendered":"<h2><span style=\"color: red;font-family: Verdana, sans-serif\">COMPLICES<\/span><\/h2>\n<h2><span style=\"font-family: Verdana, sans-serif\"><span style=\"font-size: small\">Entrar a un psiqui\u00e1trico a los balazos no es delito dijo la Justicia y perdon\u00f3 a Macri<\/p>\n<p>El juez Jorge Adolfo L\u00f3pez sobresey\u00f3 por segunda vez al jefe de gobierno porte\u00f1o y a sus funcionarios por el incidente en el Borda, en tiempo record<\/span> <\/span><\/h2>\n<p><span style=\"font-family: Verdana, sans-serif\"><\/p>\n<h2 style=\"clear: both;text-align: center\"><a href=\"http:\/\/1.bp.blogspot.com\/-yjaUxW4XR0M\/VSZ9RY4EFHI\/AAAAAAAADsU\/z4yaTGhupLA\/s1600\/COMPLICES.jpg\" style=\"clear: left;float: left;margin-bottom: 1em;margin-right: 1em\"><img loading=\"lazy\" decoding=\"async\" border=\"0\" src=\"http:\/\/1.bp.blogspot.com\/-yjaUxW4XR0M\/VSZ9RY4EFHI\/AAAAAAAADsU\/z4yaTGhupLA\/s1600\/COMPLICES.jpg\" height=\"181\" width=\"320\" \/><\/a><\/h2>\n<p><\/span><span style=\"font-family: Verdana, sans-serif\">El operativo represivo que desat\u00f3 la Polic\u00eda Metropolitana dentro del Hospital Neuropsiqui\u00e1trico est\u00e1 a un paso de quedar impune. El juez Jorge Adolfo L\u00f3pez sobresey\u00f3 por segunda vez al jefe de gobierno, Mauricio Macri; su vicejefa Mar\u00eda Eugenia Vidal; y al jefe de Gabinete Horacio Rodr\u00edguez Larreta, junto a los ministros de Justicia y Seguridad, Guillermo Montenegro; de Desarrollo Urbano, Daniel Chain; de Salud, Graciela Reybaud; y al subjefe de la Metropolitana Ricardo Pedace.<\/p>\n<p>El \u00fanico imputado de todo el pelot\u00f3n de funcionarios es el jefe de la fuerza, Horacio Alberto Gim\u00e9nez, ahora procesado sin prisi\u00f3n preventiva al ser considerado \u00abcoautor de los delitos de abuso de autoridad en concurso ideal con lesiones leves\u00bb. El beneficio para estos funcionarios, salvo para Gim\u00e9nez, es el segundo que decide este magistrado de primera instancia en la causa penal.<\/span><br \/><span style=\"font-family: Verdana, sans-serif\"><\/span><a name='more'><\/a><span style=\"font-family: Verdana, sans-serif\"><br \/>El primero lo decidi\u00f3 a principios de diciembre pasado, un fallo que estuvo en pie hasta fines de abril, cuando la Sala IV de la C\u00e1mara del Crimen anul\u00f3 los sobreseimientos y le orden\u00f3 al magistrado que siguiera investigando porque los datos obtenidos no reun\u00edan el m\u00e9rito suficiente como para sostener su decisi\u00f3n. Seis meses despu\u00e9s, de acuerdo al nuevo fallo de 60 p\u00e1ginas al que accedi\u00f3 Tiempo Argentino, el unico cambio es el procesamiento del jefe de la Metro, luego de sumar como nuevas pruebas, algunos testimonios y el entrecruzamiento de las llamadas realizadas antes y despues de la represi\u00f3n entre todos los celulares de los acusados.<\/p>\n<p>El caso investiga las responsabilidades pol\u00edticas sobre la represi\u00f3n que desat\u00f3 la polic\u00eda porte\u00f1a durante el 26 de abril de 2013, con m\u00e1s de 200 efectivos que ingresaron de noche al instituto para desalojar a los trabajadores, m\u00e9dicos y pacientes que hab\u00edan realizado una toma pac\u00edfica de las instalaciones del Taller Protegido N\u00ba 19, con el fin de evitar su demolici\u00f3n. El operativo, seg\u00fan las denuncias que est\u00e1n en el expediente, cont\u00f3 con la coordinaci\u00f3n de la propia Vidal, e implic\u00f3 un despliegue represivo de cuatro horas dentro del Borda, con disparos de balas de goma, aplicaci\u00f3n de gas pimienta y la detenci\u00f3n de una treintena de profesionales, pacientes y periodistas. A principios de diciembre pasado, L\u00f3pez ya hab\u00eda decidido los sobreseimientos por considerar que \u00abno existen elementos m\u00ednimos objetivos ciertos concretos y directos que conlleven a atribuirles alg\u00fan tipo de participaci\u00f3n criminal en lo ocurrido en el predio\u00bb.<\/p>\n<p>Esa decisi\u00f3n marc\u00f3 una primera inflexi\u00f3n para las denuncias que formularon una decena de legisladores, funcionarios, asesores tutelares y defensores de oficio que accionaron contra los ocho funcionarios por los delitos de \u00abtorturas y apremios ilegales\u00bb, castigados por el art\u00edculo 144 del C\u00f3digo Penal, presuntamente cometidos contra 32 personas, entre ellos, seis pacientes del neuropsiqui\u00e1trico. Todos los querellantes apelaron el primer sobreseimiento, entre ellos la Defensor\u00eda General del Poder Judicial de la Naci\u00f3n, la C\u00e1mara devolvi\u00f3 el expediente a L\u00f3pez, un magistrado reconocido dentro de su fuero por la dureza de sus fallos especialmente con j\u00f3venes delincuentes.<\/p>\n<p>Entre los m\u00e1s beneficiados estuvo Vidal, acusada de haber coordinado el operativo fuera del hospital. L\u00f3pez confirma que existieron comunicaciones con Macri y Larreta entre las horas se\u00f1aladas, pero no en la zona del operativo: \u00abM\u00e1s all\u00e1 que a Mar\u00eda Eugenia Vidal se le detectaron comunicaciones con Mauricio Macri y Horacio Rodr\u00edguez Larreta, como ya se reiter\u00f3 no puede conocerse el contenido de aquellas, las celdas que se activaron no ubicaron a Vidal en la zona del Hospital Borda\u00bb.<\/p>\n<p>Macri y sus funcionarios fueron sobrese\u00eddos de los delitos de homicidio, homicidio calificado en grado de tentativa, lesiones leves, lesiones grav\u00edsimas, abandono de personas, vejaciones y apremios ilegales, da\u00f1o a uso de bienes p\u00fablicos, desobediencia, abuso de autoridad y violaci\u00f3n de los deberes de funcionario p\u00fablico y requerimiento indebido de la fuerza p\u00fablica.<\/span><br \/><span style=\"font-family: Verdana\"><\/span><br \/><span style=\"color: blue;font-family: Verdana\">Fuente: Orsai, Producci\u00f3n Riachuelo<\/span><\/p>\n","protected":false},"excerpt":{"rendered":"<p>COMPLICES Entrar a un psiqui\u00e1trico a los balazos no es delito dijo la Justicia y perdon\u00f3 a Macri El juez Jorge Adolfo L\u00f3pez sobresey\u00f3 por segunda vez al jefe de gobierno porte\u00f1o y a sus funcionarios por el incidente en el Borda, en tiempo record El operativo represivo que desat\u00f3 la Polic\u00eda Metropolitana dentro del [&hellip;]<\/p>\n","protected":false},"author":4,"featured_media":0,"comment_status":"open","ping_status":"open","sticky":false,"template":"","format":"standard","meta":{"_monsterinsights_skip_tracking":false,"_monsterinsights_sitenote_active":false,"_monsterinsights_sitenote_note":"","_monsterinsights_sitenote_category":0,"jnews-multi-image_gallery":[],"jnews_single_post":{"format":"standard"},"jnews_primary_category":[],"_joinchat":[],"footnotes":""},"categories":[58],"tags":[81,89],"class_list":["post-583","post","type-post","status-publish","format-standard","hentry","category-noticiariachuelo","tag-aguafuertes-portenas","tag-violencia-institucional"],"_links":{"self":[{"href":"http:\/\/fmriachuelo.it10.com.ar\/index.php\/wp-json\/wp\/v2\/posts\/583","targetHints":{"allow":["GET"]}}],"collection":[{"href":"http:\/\/fmriachuelo.it10.com.ar\/index.php\/wp-json\/wp\/v2\/posts"}],"about":[{"href":"http:\/\/fmriachuelo.it10.com.ar\/index.php\/wp-json\/wp\/v2\/types\/post"}],"author":[{"embeddable":true,"href":"http:\/\/fmriachuelo.it10.com.ar\/index.php\/wp-json\/wp\/v2\/users\/4"}],"replies":[{"embeddable":true,"href":"http:\/\/fmriachuelo.it10.com.ar\/index.php\/wp-json\/wp\/v2\/comments?post=583"}],"version-history":[{"count":1,"href":"http:\/\/fmriachuelo.it10.com.ar\/index.php\/wp-json\/wp\/v2\/posts\/583\/revisions"}],"predecessor-version":[{"id":23255,"href":"http:\/\/fmriachuelo.it10.com.ar\/index.php\/wp-json\/wp\/v2\/posts\/583\/revisions\/23255"}],"wp:attachment":[{"href":"http:\/\/fmriachuelo.it10.com.ar\/index.php\/wp-json\/wp\/v2\/media?parent=583"}],"wp:term":[{"taxonomy":"category","embeddable":true,"href":"http:\/\/fmriachuelo.it10.com.ar\/index.php\/wp-json\/wp\/v2\/categories?post=583"},{"taxonomy":"post_tag","embeddable":true,"href":"http:\/\/fmriachuelo.it10.com.ar\/index.php\/wp-json\/wp\/v2\/tags?post=583"}],"curies":[{"name":"wp","href":"https:\/\/api.w.org\/{rel}","templated":true}]}}