{"id":5827,"date":"2017-10-23T19:30:56","date_gmt":"2017-10-23T19:30:56","guid":{"rendered":"http:\/\/fmriachuelo.com.ar\/?p=5827"},"modified":"2017-10-23T19:30:56","modified_gmt":"2017-10-23T19:30:56","slug":"indignacion-en-el-juicio-a-la-protesta-social","status":"publish","type":"post","link":"http:\/\/fmriachuelo.it10.com.ar\/index.php\/2017\/10\/23\/indignacion-en-el-juicio-a-la-protesta-social\/","title":{"rendered":"INDIGNACION EN EL JUICIO A LA PROTESTA SOCIAL"},"content":{"rendered":"<p>[23\/10\/2017 FM Riachuelo] En la audiencia de hoy se realizaron las acusaciones, a cargo de la Fiscal Gabriela Baig\u00fan, contra Lito Borello, Luid D\u00b4El\u00eda y Luis Bord\u00f3n por el reclamo en la Comisar\u00eda 24va del barrio porte\u00f1o de La Boca, tras el asesinato del militante popular Mart\u00edn Oso Cisneros, el 25 de junio del a\u00f1o 2004.<\/p>\n<p>Al finalizar la audiencia, FM Riachuelo convers\u00f3 con Lito Borello, referente de la Organizaci\u00f3n Social y Pol\u00edtica Los Pibes y Secretario de Derechos Humanos de la Confederaci\u00f3n de Trabajadores de la Econom\u00eda Popular (CTEP), que al igual que Bord\u00f3n, no fue acusado de los hechos que se les imputaban.<\/p>\n<p><iframe loading=\"lazy\" title=\"23 - 10 - 2017 - LITO BORELLO - Juicio a la protesta social by FMR\" width=\"500\" height=\"400\" scrolling=\"no\" frameborder=\"no\" src=\"https:\/\/w.soundcloud.com\/player\/?visual=true&#038;url=https%3A%2F%2Fapi.soundcloud.com%2Ftracks%2F348243531&#038;show_artwork=true&#038;maxheight=750&#038;maxwidth=500\"><\/iframe><\/p>\n<p>Borello, compartiendo el sentimiento de la gran cantidad de asistentes preocupados por el desarrollo de este verdadero juicio al derecho a la protesta, se\u00f1al\u00f3 su indignaci\u00f3n y su preocupaci\u00f3n por la acusaci\u00f3n a Luis D\u00b4El\u00eda donde se expresaron argumentos condenatorios a la protesta y la organizaci\u00f3n popular cuando persigue objetivos de justicia social para los sectores populares.<\/p>\n<p>&nbsp;<\/p>\n<p>&nbsp;<\/p>\n","protected":false},"excerpt":{"rendered":"<p>[23\/10\/2017 FM Riachuelo] En la audiencia de hoy se realizaron las acusaciones, a cargo de la Fiscal Gabriela Baig\u00fan, contra Lito Borello, Luid D\u00b4El\u00eda y Luis Bord\u00f3n por el reclamo en la Comisar\u00eda 24va del barrio porte\u00f1o de La Boca, tras el asesinato del militante popular Mart\u00edn Oso Cisneros, el 25 de junio del a\u00f1o [&hellip;]<\/p>\n","protected":false},"author":5,"featured_media":5828,"comment_status":"open","ping_status":"open","sticky":false,"template":"","format":"standard","meta":{"_monsterinsights_skip_tracking":false,"_monsterinsights_sitenote_active":false,"_monsterinsights_sitenote_note":"","_monsterinsights_sitenote_category":0,"jnews-multi-image_gallery":[],"jnews_single_post":[],"jnews_primary_category":[],"_joinchat":[],"footnotes":""},"categories":[78,76,75],"tags":[],"class_list":["post-5827","post","type-post","status-publish","format-standard","has-post-thumbnail","hentry","category-economia-popular","category-salud-comunitaria","category-trabajo"],"_links":{"self":[{"href":"http:\/\/fmriachuelo.it10.com.ar\/index.php\/wp-json\/wp\/v2\/posts\/5827","targetHints":{"allow":["GET"]}}],"collection":[{"href":"http:\/\/fmriachuelo.it10.com.ar\/index.php\/wp-json\/wp\/v2\/posts"}],"about":[{"href":"http:\/\/fmriachuelo.it10.com.ar\/index.php\/wp-json\/wp\/v2\/types\/post"}],"author":[{"embeddable":true,"href":"http:\/\/fmriachuelo.it10.com.ar\/index.php\/wp-json\/wp\/v2\/users\/5"}],"replies":[{"embeddable":true,"href":"http:\/\/fmriachuelo.it10.com.ar\/index.php\/wp-json\/wp\/v2\/comments?post=5827"}],"version-history":[{"count":0,"href":"http:\/\/fmriachuelo.it10.com.ar\/index.php\/wp-json\/wp\/v2\/posts\/5827\/revisions"}],"wp:featuredmedia":[{"embeddable":true,"href":"http:\/\/fmriachuelo.it10.com.ar\/index.php\/wp-json\/wp\/v2\/media\/5828"}],"wp:attachment":[{"href":"http:\/\/fmriachuelo.it10.com.ar\/index.php\/wp-json\/wp\/v2\/media?parent=5827"}],"wp:term":[{"taxonomy":"category","embeddable":true,"href":"http:\/\/fmriachuelo.it10.com.ar\/index.php\/wp-json\/wp\/v2\/categories?post=5827"},{"taxonomy":"post_tag","embeddable":true,"href":"http:\/\/fmriachuelo.it10.com.ar\/index.php\/wp-json\/wp\/v2\/tags?post=5827"}],"curies":[{"name":"wp","href":"https:\/\/api.w.org\/{rel}","templated":true}]}}