{"id":5820,"date":"2017-10-20T23:44:28","date_gmt":"2017-10-20T23:44:28","guid":{"rendered":"http:\/\/fmriachuelo.com.ar\/?p=5820"},"modified":"2017-10-20T23:44:28","modified_gmt":"2017-10-20T23:44:28","slug":"embestida-mediatica-contra-la-jueza-liberatori-que-avalo-la-toma-de-escuelas","status":"publish","type":"post","link":"http:\/\/fmriachuelo.it10.com.ar\/index.php\/2017\/10\/20\/embestida-mediatica-contra-la-jueza-liberatori-que-avalo-la-toma-de-escuelas\/","title":{"rendered":"EMBESTIDA MEDIATICA CONTRA LA JUEZA LIBERATORI, QUE AVAL\u00d3 LA TOMA DE ESCUELAS"},"content":{"rendered":"<p style=\"padding-left: 30px\">[FM RIACHUELO 20\/10\/2017 ]Un editorial del diario La Naci\u00f3n pidi\u00f3 expresamente el juicio pol\u00edtico a la magistrada Elena Liberatori por fallar a favor de la comunidad educativa al garantizar el ejercicio del derecho a la protesta a trav\u00e9s de la toma de escuelas. El repudio de diversos sectores judiciales al editorial que presiona fuertemente contra la independencia del Poder Judicial, no se hizo esperar y ya fue denunciada ante el Plenario del Consejo de la Magistratura de la ciudad.<\/p>\n<p>El gobierno \u00abdel cambio\u00bb lleg\u00f3 a la casa rosada habiendo prometido \u201cuna justicia independiente\u201d, por supuesto, se trat\u00f3 de otra de las mentiras que se suma la larga lista de promesas incumplidas. Lejos de esa pregonada \u201cindependencia\u201d el gobierno, \u00a0en el \u00faltimo tiempo ha desatado una verdadera caza de brujas contra sectores de la justicia que no son totalmente funcionales al poder y sus intereses. Tal es el caso de la jueza Elena Liberatori, que fall\u00f3 a favor de la comunidad educativa en su derecho a la protesta, alegando que las tomas de colegios no est\u00e1n tipificadas como delito en la Constituci\u00f3n Nacional.<\/p>\n<p>Este fallo, molest\u00f3 particularmente al diario La Naci\u00f3n que public\u00f3 en su editorial del 16 de Octubre, una fuerte cr\u00edtica a la magistrada y propici\u00f3 que fuera \u201cdenunciada por prevaricato\u201d y que deba \u201cafrontar las consecuencias de haber violado las reglas m\u00e1s elementales de la Constituci\u00f3n Nacional, de los tratados internacional aplicables, del c\u00f3digo penal, de la Constitucional local y del m\u00e1s b\u00e1sico sentido com\u00fan\u201d (sic). El matutino \u00a0se lamenta de que no haya habido una persecuci\u00f3n, v\u00eda denuncia penal, a quienes llevaron a cabo las medidas de ocupaci\u00f3n. Tambi\u00e9n citan a la Constituci\u00f3n de la Ciudad de Buenos Aires que en su art\u00edculo 24 establece que, \u201cconforme lo determine la ley de educaci\u00f3n porte\u00f1a, se aseguran la participaci\u00f3n de la comunidad y la democratizaci\u00f3n en la toma de decisiones.\u201d Y es justamente ese art\u00edculo el que le da legitimidad al reclamo de la comunidad educativa para rechazar la arbitraria reforma que el gobierno de la ciudad a trav\u00e9s de su Ministerio de Educaci\u00f3n intenta imponer en la educaci\u00f3n p\u00fablica.<\/p>\n<p>La reforma que busca modificar la actual estructura educativa para que los alumnos trabajen gratuitamente para empresas, es totalmente inconsulta, ya que en su elaboraci\u00f3n no hubo participaci\u00f3n de la comunidad en su conjunto.<\/p>\n<p>El editorial que pide expresamente el juicio pol\u00edtico a Elena Liberatori, fue repudiada por jueces, fiscales, defensores y asesores de menores e incapaces de la Ciudad de Buenos Aires y de otros fueros federales y provinciales y exponentes de las m\u00e1s diversas tendencias jurisprudenciales. Por su parte el consejero juez Dr. Dar\u00edo Reynoso realiz\u00f3 la denuncia ante el Plenario del Consejo de la Magistratura de la ciudad, ya que dicho organismo tiene el deber legal de velar por la independencia del Poder Judicial, que en este caso se ve severamente afectada por la presi\u00f3n del diario.<\/p>\n<p>Dar\u00edo Reynoso, consejero de la Magistratura del Estamento de los jueces, en di\u00e1logo con Fm Riachuelo (Rompe el Cerco Informativo) explic\u00f3 que se trata de una clara ofensiva contra ciertos sectores de la justicia: \u201chace unos meses intentaron llevar a juicio pol\u00edtico a dos camaristas del foro laboral por sacar un fallo que no le gust\u00f3 al gobierno. El fallo judicial para que la Dra. Gils Carb\u00f3 sea removida sin juicio pol\u00edtico y este ataque medi\u00e1tico a la jueza Liberatori en t\u00e9rminos tan violentos no son hechos aislados\u201d. Tambi\u00e9n remarc\u00f3 que el diario est\u00e1 en pleno derecho a opinar sobre los fallos de los jueces, pero que el editorial contiene errores jur\u00eddicos muy graves y que pareciera un intento de disciplinamiento a la justicia y explic\u00f3: \u201csi no gusta un fallo no se puede atacar o intentar someter a juicio pol\u00edtico, para eso hay que apelar, y esta la C\u00e1mara de apelaci\u00f3n o eventualmente la Corte Suprema de Justicia puede dejar sin validez un fallo\u201d.<\/p>\n<p>Escucha la entrevista completa a trav\u00e9s del siguiente link:<\/p>\n<p><iframe loading=\"lazy\" title=\"20 - 10 - 2017  ABOGADO DARIO REYNOSO- CONSEJERO DE LA MAJISTRATURA by FMR\" width=\"500\" height=\"400\" scrolling=\"no\" frameborder=\"no\" src=\"https:\/\/w.soundcloud.com\/player\/?visual=true&#038;url=https%3A%2F%2Fapi.soundcloud.com%2Ftracks%2F347856686&#038;show_artwork=true&#038;maxheight=750&#038;maxwidth=500\"><\/iframe><\/p>\n","protected":false},"excerpt":{"rendered":"<p>[FM RIACHUELO 20\/10\/2017 ]Un editorial del diario La Naci\u00f3n pidi\u00f3 expresamente el juicio pol\u00edtico a la magistrada Elena Liberatori por fallar a favor de la comunidad educativa al garantizar el ejercicio del derecho a la protesta a trav\u00e9s de la toma de escuelas. El repudio de diversos sectores judiciales al editorial que presiona fuertemente contra [&hellip;]<\/p>\n","protected":false},"author":5,"featured_media":5821,"comment_status":"open","ping_status":"open","sticky":false,"template":"","format":"standard","meta":{"_monsterinsights_skip_tracking":false,"_monsterinsights_sitenote_active":false,"_monsterinsights_sitenote_note":"","_monsterinsights_sitenote_category":0,"jnews-multi-image_gallery":[],"jnews_single_post":[],"jnews_primary_category":[],"_joinchat":[],"footnotes":""},"categories":[78,76,77],"tags":[],"class_list":["post-5820","post","type-post","status-publish","format-standard","has-post-thumbnail","hentry","category-economia-popular","category-salud-comunitaria","category-soberania"],"_links":{"self":[{"href":"http:\/\/fmriachuelo.it10.com.ar\/index.php\/wp-json\/wp\/v2\/posts\/5820","targetHints":{"allow":["GET"]}}],"collection":[{"href":"http:\/\/fmriachuelo.it10.com.ar\/index.php\/wp-json\/wp\/v2\/posts"}],"about":[{"href":"http:\/\/fmriachuelo.it10.com.ar\/index.php\/wp-json\/wp\/v2\/types\/post"}],"author":[{"embeddable":true,"href":"http:\/\/fmriachuelo.it10.com.ar\/index.php\/wp-json\/wp\/v2\/users\/5"}],"replies":[{"embeddable":true,"href":"http:\/\/fmriachuelo.it10.com.ar\/index.php\/wp-json\/wp\/v2\/comments?post=5820"}],"version-history":[{"count":0,"href":"http:\/\/fmriachuelo.it10.com.ar\/index.php\/wp-json\/wp\/v2\/posts\/5820\/revisions"}],"wp:featuredmedia":[{"embeddable":true,"href":"http:\/\/fmriachuelo.it10.com.ar\/index.php\/wp-json\/wp\/v2\/media\/5821"}],"wp:attachment":[{"href":"http:\/\/fmriachuelo.it10.com.ar\/index.php\/wp-json\/wp\/v2\/media?parent=5820"}],"wp:term":[{"taxonomy":"category","embeddable":true,"href":"http:\/\/fmriachuelo.it10.com.ar\/index.php\/wp-json\/wp\/v2\/categories?post=5820"},{"taxonomy":"post_tag","embeddable":true,"href":"http:\/\/fmriachuelo.it10.com.ar\/index.php\/wp-json\/wp\/v2\/tags?post=5820"}],"curies":[{"name":"wp","href":"https:\/\/api.w.org\/{rel}","templated":true}]}}