{"id":582,"date":"2015-04-09T16:43:00","date_gmt":"2015-04-09T16:43:00","guid":{"rendered":"http:\/\/fmriachuelo.observatorioess.org.ar\/index.php\/2015\/04\/09\/panama-cumbre-de-las-americas-foro-de-la-sociedad-civil\/"},"modified":"2025-03-28T13:23:32","modified_gmt":"2025-03-28T16:23:32","slug":"panama-cumbre-de-las-americas-foro-de-la-sociedad-civil","status":"publish","type":"post","link":"http:\/\/fmriachuelo.it10.com.ar\/index.php\/2015\/04\/09\/panama-cumbre-de-las-americas-foro-de-la-sociedad-civil\/","title":{"rendered":"PANAM\u00c1: CUMBRE DE LAS AMERICAS,  FORO DE LA SOCIEDAD CIVIL"},"content":{"rendered":"<p><span style=\"color: red;font-family: Verdana, sans-serif;font-size: large\"><strong>OBSTACULOS A LA PARTICIPACI\u00d3N CUBANA<\/strong><\/span><br \/><span style=\"font-family: Verdana, sans-serif\"><strong>Miembros de la delegaci\u00f3n cubana siguen sin recibir acreditaci\u00f3n para foros en Panam\u00e1<\/strong><\/span><\/p>\n<div style=\"clear: both;text-align: center\"><a href=\"http:\/\/2.bp.blogspot.com\/-JZs0-W1jZV8\/VSarQbEnYpI\/AAAAAAAADso\/JBZL5hY7lWw\/s1600\/panama-acreditaciones-delegacion-cubana8.jpg\" style=\"clear: left;float: left;margin-bottom: 1em;margin-right: 1em\"><img loading=\"lazy\" decoding=\"async\" border=\"0\" src=\"http:\/\/2.bp.blogspot.com\/-JZs0-W1jZV8\/VSarQbEnYpI\/AAAAAAAADso\/JBZL5hY7lWw\/s1600\/panama-acreditaciones-delegacion-cubana8.jpg\" height=\"206\" width=\"320\" \/><\/a><\/div>\n<p><span style=\"font-family: Verdana\">A las 9:40 AM de la ma\u00f1ana,trece  miembros de la delegaci\u00f3n cubana permanecen sin entrar a los salones del hotel El Panam\u00e1, donde est\u00e1 a punto de concluir la primera etapa de las mesas de trabajo de las sesiones del Foro de la Sociedad Civil.<\/span><\/p>\n<p><span style=\"font-family: Verdana, sans-serif\">Cuando faltaban 30 minutos para inicio de las sesiones del Foro de la Sociedad Civil, veintiocho integrantes de la delegaci\u00f3n cubana permanec\u00edan sin acreditar, a pesar de las promesas de los organizadores.<\/p>\n<p>Siguiendo el pie de la letra lo solicitado por todos los representantes de la organizaci\u00f3n de los foros, los delegados cubanos se presentaron en la sede del evento a las 7:00 AM de la ma\u00f1ana. Para todos ellos, este fue el tercer, cuarto y hasta octavo intento de acreditarse desde la tarde del lunes 7 de abril.<\/p>\n<p>Para llegar apenas a la planta baja del hotel El Panam\u00e1, los delegados tuvieron que atravesar un cord\u00f3n de polic\u00edas que les impidi\u00f3 el paso. Despu\u00e9s de pacientes explicaciones, los representantes de la sociedad civil cubana fueron ubicados en un restaurante en los bajos del Hotel El Panam\u00e1, sede del evento, y permanecieron all\u00ed m\u00e1s de una hora, mientras hac\u00edan todo tipo de gestiones con diversas personas que no daban respuesta clara.<br \/><a name='more'><\/a><br \/>Alrededor de las 8:20 AM comenz\u00f3 la acreditaci\u00f3n. Ya hab\u00edan empezado las mesas de trabajo y media hora despu\u00e9s, cuando redacto estas l\u00edneas, todav\u00eda la mayor\u00eda de los que esperaban, estaban sin acreditar. A varios se les explic\u00f3 que hab\u00eda credenciales sin hacer.<\/p>\n<p>Entre las que se confeccionaron, evidentemente a la carrera y con los ecos de las protestas de ayer, aparecieron varias de algunos que se hab\u00edan acreditado en las \u00faltimas horas de ayer.<\/p>\n<p>Cuando ya est\u00e1 andado el Foro de la Sociedad Civil, \u201crepresentantes leg\u00edtimos de la Sociedad Civil cubana no pueden acceder al evento, pero los mercenarios parecen tener el acceso seguro\u201d, asegur\u00f3 a <\/span><span style=\"font-family: Verdana, sans-serif\">Cubadebate<\/span><span style=\"font-family: Verdana, sans-serif\"> la diputada Aixa Hevia que integra la delegaci\u00f3n cubana.<\/p>\n<p>Esta situaci\u00f3n podr\u00eda reeditar las protestas de ayer, cuando integrantes de la delegaci\u00f3n, cuya asistencia hab\u00eda sido confirmada antes de llegar a Panam\u00e1, exigieron la entrega de sus credenciales poco antes de inaugurarse el Foro de la Sociedad Civil.<\/p>\n<p>Los cubanos tambi\u00e9n expresaron su indignaci\u00f3n por <\/span><span style=\"font-family: Verdana, sans-serif\">la presencia en Panam\u00e1 de F\u00e9lix Rodr\u00edguez<\/span><span style=\"font-family: Verdana, sans-serif\">, asesino confeso del Che Guevara y de mercenarios que se jactan de su amistad con <\/span><span style=\"font-family: Verdana, sans-serif\">Posada Carriles<\/span><span style=\"font-family: Verdana, sans-serif\">, otro connotado terrorista y autor intelectual de la voladura de un avi\u00f3n civil cubano con 76 personas a bordo.<br \/><\/span><span style=\"font-family: Verdana, sans-serif\">La inauguraci\u00f3n del Foro de la Sociedad Civil de la Cumbre de las Am\u00e9ricas<\/span><span style=\"font-family: Verdana, sans-serif\"> se dilat\u00f3 este mi\u00e9rcoles por m\u00e1s de una hora luego de que los delegados cubanos de la sociedad civil de la isla, protestaran ante la puerta de acceso al sal\u00f3n plenario por la falta de acreditaci\u00f3n de 22 de sus integrantes, que hab\u00edan sido aceptados previamente por los organizadores mediante comunicaci\u00f3n electr\u00f3nica enviada a La Habana.<br \/><\/span><span style=\"font-family: Verdana, sans-serif\">Como han divulgado los medios<\/span><span style=\"font-family: Verdana, sans-serif\">, entre los actores sociales, intelectuales, l\u00edderes campesinos y estudiantiles cubanos no acreditados, se encuentran el fil\u00f3sofo Fernando Mart\u00ednez Heredia, Premio Nacional de Ciencias Sociales; el novelista y ensayista Abel Prieto; el historiador Roberto Feraudy y el poeta y periodista Omar Gonz\u00e1lez. Estos intelectuales forman parte de la Red de Intelectuales, Artistas y Luchadores Sociales En Defensa de la Humanidad.<br \/>Finalmente<\/p>\n<p><span style=\"color: blue\">Fuente: Cubadebate, Producci\u00f3n Riachuelo<\/span><\/span><\/p>\n","protected":false},"excerpt":{"rendered":"<p>OBSTACULOS A LA PARTICIPACI\u00d3N CUBANAMiembros de la delegaci\u00f3n cubana siguen sin recibir acreditaci\u00f3n para foros en Panam\u00e1 A las 9:40 AM de la ma\u00f1ana,trece miembros de la delegaci\u00f3n cubana permanecen sin entrar a los salones del hotel El Panam\u00e1, donde est\u00e1 a punto de concluir la primera etapa de las mesas de trabajo de las [&hellip;]<\/p>\n","protected":false},"author":4,"featured_media":0,"comment_status":"open","ping_status":"open","sticky":false,"template":"","format":"standard","meta":{"_monsterinsights_skip_tracking":false,"_monsterinsights_sitenote_active":false,"_monsterinsights_sitenote_note":"","_monsterinsights_sitenote_category":0,"jnews-multi-image_gallery":[],"jnews_single_post":{"format":"standard"},"jnews_primary_category":[],"_joinchat":[],"footnotes":""},"categories":[58],"tags":[70],"class_list":["post-582","post","type-post","status-publish","format-standard","hentry","category-noticiariachuelo","tag-de-la-patria-grande"],"_links":{"self":[{"href":"http:\/\/fmriachuelo.it10.com.ar\/index.php\/wp-json\/wp\/v2\/posts\/582","targetHints":{"allow":["GET"]}}],"collection":[{"href":"http:\/\/fmriachuelo.it10.com.ar\/index.php\/wp-json\/wp\/v2\/posts"}],"about":[{"href":"http:\/\/fmriachuelo.it10.com.ar\/index.php\/wp-json\/wp\/v2\/types\/post"}],"author":[{"embeddable":true,"href":"http:\/\/fmriachuelo.it10.com.ar\/index.php\/wp-json\/wp\/v2\/users\/4"}],"replies":[{"embeddable":true,"href":"http:\/\/fmriachuelo.it10.com.ar\/index.php\/wp-json\/wp\/v2\/comments?post=582"}],"version-history":[{"count":1,"href":"http:\/\/fmriachuelo.it10.com.ar\/index.php\/wp-json\/wp\/v2\/posts\/582\/revisions"}],"predecessor-version":[{"id":23258,"href":"http:\/\/fmriachuelo.it10.com.ar\/index.php\/wp-json\/wp\/v2\/posts\/582\/revisions\/23258"}],"wp:attachment":[{"href":"http:\/\/fmriachuelo.it10.com.ar\/index.php\/wp-json\/wp\/v2\/media?parent=582"}],"wp:term":[{"taxonomy":"category","embeddable":true,"href":"http:\/\/fmriachuelo.it10.com.ar\/index.php\/wp-json\/wp\/v2\/categories?post=582"},{"taxonomy":"post_tag","embeddable":true,"href":"http:\/\/fmriachuelo.it10.com.ar\/index.php\/wp-json\/wp\/v2\/tags?post=582"}],"curies":[{"name":"wp","href":"https:\/\/api.w.org\/{rel}","templated":true}]}}