{"id":581,"date":"2015-04-10T01:33:00","date_gmt":"2015-04-10T01:33:00","guid":{"rendered":"http:\/\/fmriachuelo.observatorioess.org.ar\/index.php\/2015\/04\/10\/cumbre-de-las-americas-denuncian-irregularidades-en-el-foro-de-la-sociedad-civil\/"},"modified":"2025-03-28T13:24:00","modified_gmt":"2025-03-28T16:24:00","slug":"cumbre-de-las-americas-denuncian-irregularidades-en-el-foro-de-la-sociedad-civil","status":"publish","type":"post","link":"http:\/\/fmriachuelo.it10.com.ar\/index.php\/2015\/04\/10\/cumbre-de-las-americas-denuncian-irregularidades-en-el-foro-de-la-sociedad-civil\/","title":{"rendered":"CUMBRE DE LAS AM\u00c9RICAS: DENUNCIAN IRREGULARIDADES EN EL FORO DE LA SOCIEDAD CIVIL"},"content":{"rendered":"<p><span style=\"font-family: Verdana, sans-serif\"><strong>DENUNCIAS QUE SE\u00d1ALAN A PARTICIPANTES ILEG\u00cdTIMOS<\/strong><\/span><\/p>\n<div style=\"text-align: center\">\n<div style=\"text-align: left\"><strong><span style=\"color: red;font-family: Verdana, sans-serif;font-size: large\">\u00a1NO HUBO MESA, HAY DENUNCIA!<\/span><\/strong><\/div>\n<\/div>\n<div style=\"clear: both;text-align: center\"><a href=\"http:\/\/4.bp.blogspot.com\/-sFjwSynFLI8\/VScm-48Op9I\/AAAAAAAADs8\/4YnGR8p_bgo\/s1600\/confe03-copia-580x312.jpg\" style=\"clear: left;float: left;margin-bottom: 1em;margin-right: 1em;text-align: left\"><span style=\"font-family: Verdana, sans-serif\"><img loading=\"lazy\" decoding=\"async\" border=\"0\" src=\"http:\/\/4.bp.blogspot.com\/-sFjwSynFLI8\/VScm-48Op9I\/AAAAAAAADs8\/4YnGR8p_bgo\/s1600\/confe03-copia-580x312.jpg\" height=\"172\" width=\"320\" \/><\/span><\/a><\/div>\n<p><b><span style=\"font-family: Verdana, sans-serif\">En dos d<\/span><span style=\"font-family: Verdana, sans-serif\">e las seis mesas de trabajo en el Foro de la Sociedad Civil se produjeron irregularidades que fueron denunciadas en conferencia de prensa por representantes de la sociedad civil.<\/span><\/b><br \/><span style=\"font-family: Verdana, sans-serif\">A continuaci\u00f3n las declaraciones de los participantes en ambas mesas de trabajo.<\/span><br \/><span style=\"font-family: Verdana, sans-serif\"><strong>Mesa Participaci\u00f3n Ciudadana<\/strong><br \/>Declaraci\u00f3n de principios de la sociedad civil reunida en la Mesa de Participaci\u00f3n Ciudadana en el Foro de la Sociedad Civil y Actores Sociales de la 7ma Cumbre de las Am\u00e9ricas.<br \/>Sala Cristal, Hotel Panam\u00e1, Panam\u00e1, 9 de Abril de 2015<\/p>\n<p>Los representantes de la sociedad civil y actores sociales de Ecuador, Nicaragua, El Salvador, Panam\u00e1, M\u00e9xico, Colombia, Venezuela, Cuba y Chile reunidos en el Mesa de Participaci\u00f3n Ciudadana de la Sociedad Civil y Actores Sociales, con la presencia de los facilitadores designados por el Comit\u00e9 Organizador Maribel Jae de Panam\u00e1 y Jorge Arguindegui de Argentina, declaramos luego de un debate transcurrido en armon\u00eda:<\/p>\n<p>&#8211; Denunciar la no acreditaci\u00f3n de varios representantes de la sociedad civil de Am\u00e9rica Latina que aplicaron y fueron aceptados.<\/span><br \/><span style=\"font-family: Verdana, sans-serif\"><\/span><br \/><a name='more'><\/a><span style=\"font-family: Verdana, sans-serif\"><br \/>&#8211; Condenar la complicidad del Comit\u00e9 Organizador para facilitar la reuni\u00f3n de sujetos no legitimados, enemigos hist\u00f3ricos de las causas populares que se pretenden erigirse como representantes de una  sociedad civil que los repudia y que abandonaron el espacio oficial de la mesa, y no permitieron esperar a que se acreditaran todos los representantes de la sociedad civil aplicados al mismo. Ellos no representan a nuestros pueblos.<\/p>\n<p>&#8211; Exigir la acreditaci\u00f3n de los actores sociales y miembros de la sociedad civil que no han sido acreditados, as\u00ed como denunciar la ofensa de un armar un foro paralelo<\/p>\n<p>&#8211; Declaramos que no se instal\u00f3 la Mesa de Participaci\u00f3n Ciudadana en el Foro de  la Sociedad Civil y Actores Sociales en el espacio oficial, en presencia de los facilitadores del evento designados para ello por los organizadores.<\/p>\n<p>&#8211; Rechazar el intento de agresi\u00f3n a los compa\u00f1eros de la delegaci\u00f3n de Ecuador por parte de C\u00e9sar Ricaurte, de Funda Medios, ONG financiada por la USAID, que promueve el Golpe de Estado en Ecuador.<\/p>\n<p>-Exigir que los organizadores del evento declaren ileg\u00edtimo a la Mesa paralela que se ha intentado construir para desconocer la verdadera representaci\u00f3n de la sociedad civil y actores sociales de nuestra Am\u00e9rica.<\/p>\n<p>-Proclamar nuestra firme decisi\u00f3n de construir nuestra Am\u00e9rica unida, independiente y soberana, con mecanismos tan potentes de integraci\u00f3n como la CELAC.<\/p>\n<p>&#8211; Agradecer a los cofacilitadores designados por el Comit\u00e9 Organizador el acompa\u00f1amiento en la Sala.<\/p>\n<p>Dado en el Sal\u00f3n Cristal del Hotel Panam\u00e1, d\u00eda 9 de abril de 2015.<br \/><span style=\"color: #0b5394;font-size: x-small\"><b>FUENTE: CUBA DEBATE\/PRODUCCIONES RIACHUELO<\/b><\/span><\/span><\/p>\n","protected":false},"excerpt":{"rendered":"<p>DENUNCIAS QUE SE\u00d1ALAN A PARTICIPANTES ILEG\u00cdTIMOS \u00a1NO HUBO MESA, HAY DENUNCIA! En dos de las seis mesas de trabajo en el Foro de la Sociedad Civil se produjeron irregularidades que fueron denunciadas en conferencia de prensa por representantes de la sociedad civil.A continuaci\u00f3n las declaraciones de los participantes en ambas mesas de trabajo.Mesa Participaci\u00f3n CiudadanaDeclaraci\u00f3n [&hellip;]<\/p>\n","protected":false},"author":4,"featured_media":0,"comment_status":"open","ping_status":"open","sticky":false,"template":"","format":"standard","meta":{"_monsterinsights_skip_tracking":false,"_monsterinsights_sitenote_active":false,"_monsterinsights_sitenote_note":"","_monsterinsights_sitenote_category":0,"jnews-multi-image_gallery":[],"jnews_single_post":{"format":"standard"},"jnews_primary_category":[],"_joinchat":[],"footnotes":""},"categories":[58],"tags":[70],"class_list":["post-581","post","type-post","status-publish","format-standard","hentry","category-noticiariachuelo","tag-de-la-patria-grande"],"_links":{"self":[{"href":"http:\/\/fmriachuelo.it10.com.ar\/index.php\/wp-json\/wp\/v2\/posts\/581","targetHints":{"allow":["GET"]}}],"collection":[{"href":"http:\/\/fmriachuelo.it10.com.ar\/index.php\/wp-json\/wp\/v2\/posts"}],"about":[{"href":"http:\/\/fmriachuelo.it10.com.ar\/index.php\/wp-json\/wp\/v2\/types\/post"}],"author":[{"embeddable":true,"href":"http:\/\/fmriachuelo.it10.com.ar\/index.php\/wp-json\/wp\/v2\/users\/4"}],"replies":[{"embeddable":true,"href":"http:\/\/fmriachuelo.it10.com.ar\/index.php\/wp-json\/wp\/v2\/comments?post=581"}],"version-history":[{"count":1,"href":"http:\/\/fmriachuelo.it10.com.ar\/index.php\/wp-json\/wp\/v2\/posts\/581\/revisions"}],"predecessor-version":[{"id":23259,"href":"http:\/\/fmriachuelo.it10.com.ar\/index.php\/wp-json\/wp\/v2\/posts\/581\/revisions\/23259"}],"wp:attachment":[{"href":"http:\/\/fmriachuelo.it10.com.ar\/index.php\/wp-json\/wp\/v2\/media?parent=581"}],"wp:term":[{"taxonomy":"category","embeddable":true,"href":"http:\/\/fmriachuelo.it10.com.ar\/index.php\/wp-json\/wp\/v2\/categories?post=581"},{"taxonomy":"post_tag","embeddable":true,"href":"http:\/\/fmriachuelo.it10.com.ar\/index.php\/wp-json\/wp\/v2\/tags?post=581"}],"curies":[{"name":"wp","href":"https:\/\/api.w.org\/{rel}","templated":true}]}}