{"id":5802,"date":"2017-10-19T23:13:32","date_gmt":"2017-10-19T23:13:32","guid":{"rendered":"http:\/\/fmriachuelo.com.ar\/?p=5802"},"modified":"2017-10-19T23:13:32","modified_gmt":"2017-10-19T23:13:32","slug":"marcha-del-encuentro-memoria-verdad-y-justicia-por-santiago-maldonado","status":"publish","type":"post","link":"http:\/\/fmriachuelo.it10.com.ar\/index.php\/2017\/10\/19\/marcha-del-encuentro-memoria-verdad-y-justicia-por-santiago-maldonado\/","title":{"rendered":"MARCHA DEL ENCUENTRO MEMORIA VERDAD Y JUSTICIA POR SANTIAGO MALDONADO"},"content":{"rendered":"<p>[FM RIACHUELO 19\/10\/2017] Las madres de Plaza de Mayo realizaron esta tarde su habitual ronda de los jueves, y fueron acompa\u00f1adas por las organizaciones que forman parte del Encuentro Memoria Verdad y Justicia. La Secretaria de Derechos Humanos de la CTEP, integrante del espacio, tambi\u00e9n estuvo presente \u00a0reclamando justicia por Santiago Maldonado, a dos d\u00edas de haberse encontrado un cuerpo en el R\u00edo Chubut.<\/p>\n<p>Lito Borello, el Secretario de Derechos Humanos de la CTEP expres\u00f3: \u201cNo hay m\u00e1s que un s\u00f3lo responsable en la desaparici\u00f3n forzada de Santiago: el gobierno y el Estado. M\u00e1s all\u00e1 de un clima electoral que hegem\u00f3nicamente los medios tratan de imponer, esta movilizaci\u00f3n es una se\u00f1al de que el pueblo no est\u00e1 anestesiado. Sabemos el nivel de agresi\u00f3n que significa para nuestro pueblo la pol\u00edtica de \u00e9ste gobierno.\u201d<\/p>\n<p>LA CTEP agrupa a organizaciones con una gran variedad de miradas pol\u00edticas, sin embargo la unidad permite que se puedan perseguir los mismos objetivos para construir un mundo diferente, donde el capitalismo no excluya, criminalice, ni mate. La incorporaci\u00f3n de la Secretaria de Derechos Humanos de la CTEP al Encuentro Memoria Verdad y Justicia, significa un paso adelante en la construcci\u00f3n de ese otro mundo posible. Lito Borello al respecto dijo que \u201ces un buen s\u00edntoma estar ac\u00e1 presente con otras organizaciones hermanas, y para aquellas que conforman \u00a0la CTEP, participar en cada una de las luchas del pueblo\u201d.<\/p>\n<p>Cristina Mena, referente del Movimiento Teresa Rodr\u00edguez (MTR 12 de Abril), estuvo presente en la movilizaci\u00f3n y en di\u00e1logo con Fm Riachuelo (Rompe el Cerco Informativo) expres\u00f3: \u00abNo nos vamos a tragar estas mentiras y\u00a0no vamos a permitir que sigan avanzando sobre los derechos civiles de todo el pueblo.\u00c9sta es una jornada de verdadera militancia, de unidad pol\u00edtica de la clase, de compa\u00f1erismo y de respeto\u00bb.<\/p>\n<p>En el acto se hizo lectura de un documento en el cual se repudi\u00f3 el accionar del Estado en el caso de Santiago y se expres\u00f3 la total solidaridad a la familia.<\/p>\n<p>Escuch\u00e1 la lectura y los testimonios ac\u00e1:<\/p>\n<p><iframe loading=\"lazy\" title=\"19-10-2017 - MOVILIZACI\u00d3N MEMORIA, VERDAD Y JUSTICIA POR SANTIAGO MALDONADO by FMR\" width=\"500\" height=\"450\" scrolling=\"no\" frameborder=\"no\" src=\"https:\/\/w.soundcloud.com\/player\/?visual=true&#038;url=https%3A%2F%2Fapi.soundcloud.com%2Fplaylists%2F361275262&#038;show_artwork=true&#038;maxheight=750&#038;maxwidth=500\"><\/iframe><\/p>\n","protected":false},"excerpt":{"rendered":"<p>[FM RIACHUELO 19\/10\/2017] Las madres de Plaza de Mayo realizaron esta tarde su habitual ronda de los jueves, y fueron acompa\u00f1adas por las organizaciones que forman parte del Encuentro Memoria Verdad y Justicia. La Secretaria de Derechos Humanos de la CTEP, integrante del espacio, tambi\u00e9n estuvo presente \u00a0reclamando justicia por Santiago Maldonado, a dos d\u00edas [&hellip;]<\/p>\n","protected":false},"author":5,"featured_media":5803,"comment_status":"open","ping_status":"open","sticky":false,"template":"","format":"standard","meta":{"_monsterinsights_skip_tracking":false,"_monsterinsights_sitenote_active":false,"_monsterinsights_sitenote_note":"","_monsterinsights_sitenote_category":0,"jnews-multi-image_gallery":[],"jnews_single_post":[],"jnews_primary_category":[],"_joinchat":[],"footnotes":""},"categories":[78,76],"tags":[],"class_list":["post-5802","post","type-post","status-publish","format-standard","has-post-thumbnail","hentry","category-economia-popular","category-salud-comunitaria"],"_links":{"self":[{"href":"http:\/\/fmriachuelo.it10.com.ar\/index.php\/wp-json\/wp\/v2\/posts\/5802","targetHints":{"allow":["GET"]}}],"collection":[{"href":"http:\/\/fmriachuelo.it10.com.ar\/index.php\/wp-json\/wp\/v2\/posts"}],"about":[{"href":"http:\/\/fmriachuelo.it10.com.ar\/index.php\/wp-json\/wp\/v2\/types\/post"}],"author":[{"embeddable":true,"href":"http:\/\/fmriachuelo.it10.com.ar\/index.php\/wp-json\/wp\/v2\/users\/5"}],"replies":[{"embeddable":true,"href":"http:\/\/fmriachuelo.it10.com.ar\/index.php\/wp-json\/wp\/v2\/comments?post=5802"}],"version-history":[{"count":0,"href":"http:\/\/fmriachuelo.it10.com.ar\/index.php\/wp-json\/wp\/v2\/posts\/5802\/revisions"}],"wp:featuredmedia":[{"embeddable":true,"href":"http:\/\/fmriachuelo.it10.com.ar\/index.php\/wp-json\/wp\/v2\/media\/5803"}],"wp:attachment":[{"href":"http:\/\/fmriachuelo.it10.com.ar\/index.php\/wp-json\/wp\/v2\/media?parent=5802"}],"wp:term":[{"taxonomy":"category","embeddable":true,"href":"http:\/\/fmriachuelo.it10.com.ar\/index.php\/wp-json\/wp\/v2\/categories?post=5802"},{"taxonomy":"post_tag","embeddable":true,"href":"http:\/\/fmriachuelo.it10.com.ar\/index.php\/wp-json\/wp\/v2\/tags?post=5802"}],"curies":[{"name":"wp","href":"https:\/\/api.w.org\/{rel}","templated":true}]}}