{"id":579,"date":"2015-04-10T02:28:00","date_gmt":"2015-04-10T02:28:00","guid":{"rendered":"http:\/\/fmriachuelo.observatorioess.org.ar\/index.php\/2015\/04\/10\/colombia-multitudinaria-manifestacion\/"},"modified":"2025-03-28T13:30:15","modified_gmt":"2025-03-28T16:30:15","slug":"colombia-multitudinaria-manifestacion","status":"publish","type":"post","link":"http:\/\/fmriachuelo.it10.com.ar\/index.php\/2015\/04\/10\/colombia-multitudinaria-manifestacion\/","title":{"rendered":"COLOMBIA: MULTITUDINARIA MANIFESTACION"},"content":{"rendered":"<p><span style=\"color: red;font-family: Verdana, sans-serif;font-size: large\"><strong>MILES POR LA PAZ<\/strong><\/span><\/p>\n<div style=\"clear: both;text-align: center\"><a href=\"http:\/\/2.bp.blogspot.com\/-8D4AUV3KqfY\/VScyZKKjVTI\/AAAAAAAADtg\/P7amiHWwgkw\/s1600\/marcha-colombia_jpg_1718483346.jpg\" style=\"clear: left;float: left;margin-bottom: 1em;margin-right: 1em\"><img decoding=\"async\" border=\"0\" src=\"http:\/\/2.bp.blogspot.com\/-8D4AUV3KqfY\/VScyZKKjVTI\/AAAAAAAADtg\/P7amiHWwgkw\/s1600\/marcha-colombia_jpg_1718483346.jpg\" \/><\/a><\/div>\n<p><span style=\"font-family: Verdana, sans-serif\"><strong><\/strong><\/span><\/p>\n<div><a href=\"http:\/\/1.bp.blogspot.com\/-lLuFIs9d67k\/VSc04adx0bI\/AAAAAAAADts\/okWMpRo4xsA\/s1600\/victimas.jpg\" style=\"clear: left;float: left;margin-bottom: 1em;margin-right: 1em\"><img loading=\"lazy\" decoding=\"async\" border=\"0\" src=\"http:\/\/1.bp.blogspot.com\/-lLuFIs9d67k\/VSc04adx0bI\/AAAAAAAADts\/okWMpRo4xsA\/s1600\/victimas.jpg\" height=\"400\" width=\"238\" \/><\/a><span style=\"font-family: Verdana, sans-serif\">Varias ciudades del pa\u00eds suramericano fueron el epicentro de multitudinarias marchas para conmemorar el D\u00eda Nacional de Solidaridad con las V\u00edctimas del conflicto armado. <br \/>Miles de colombianos marcharon este jueves en respaldo a los Di\u00e1logos de Paz que mantiene el Gobierno del presidente Juan Manuel Santos y las Fuerzas Armadas Revolucionarias de Colombia-Ej\u00e9rcito del Pueblo (FARC-EP).  <br \/>La marcha fue convocada por movimientos sociales y defensores de Derechos Humanos como la activista y exsenadora Piedad C\u00f3rdoba, que no dud\u00f3 en recorrer las calles de Bogot\u00e1 (capital) por la paz de su pa\u00eds.<\/p>\n<p>La actividad de calle coincide con la conmemoraci\u00f3n del D\u00eda de Solidaridad con las V\u00edctimas del conflicto armado que hasta la fecha suma m\u00e1s de <strong>600 mil muertos.  <\/strong><\/span><br \/><a name='more'><\/a><span style=\"font-family: Verdana, sans-serif\">Previamente, la exsenadora Piedad C\u00f3rdoba sostuvo que la movilizaci\u00f3n representa una oportunidad para exigir la instauraci\u00f3n del cese al fuego bilateral, medida antecedida por la tregua unilateral decretada por las (FARC-EP).<\/p>\n<p>Antes de viajar a Panam\u00e1 para participar en la VII Cumbre de las Am\u00e9ricas, el presidente de Colombia, Juan Manuel Santos, particip\u00f3 en la movilizaci\u00f3n por la paz de su pa\u00eds. <\/p>\n<p>A trav\u00e9s de su cuenta en Twitter @JuanManSantos el mandatario encendi\u00f3 una llama #PorLasV\u00edctimasPorLaPaz<\/span>. <\/div>\n<div><\/div>\n<p><span style=\"font-family: Verdana, sans-serif\">La movilizaci\u00f3n cerr\u00f3 con un concierto en el que participaron artistas nacionales e internacionales, ni\u00f1os y promotores de la paz en Colombia y el mundo. <\/span><br \/><span style=\"font-family: Verdana, sans-serif\"><br \/>\u00abUn saludo patri\u00f3tico, cargado de fraternidad, extendemos desde las monta\u00f1as de nuestro pa\u00eds y desde La Habana, al universo de marchantes hombres y mujeres, adultos y ancianos, j\u00f3venes y ni\u00f1os\u00bb, indic\u00f3 la delegaci\u00f3n de paz de las FARC en un comunicado fechado en La Habana. <\/span><br \/><span style=\"color: #0b5394;font-family: Verdana;font-size: x-small\"><b>FUENTE: TELESUR\/PRODUCCIONES RIACHUELO<\/b><\/span><\/p>\n","protected":false},"excerpt":{"rendered":"<p>MILES POR LA PAZ Varias ciudades del pa\u00eds suramericano fueron el epicentro de multitudinarias marchas para conmemorar el D\u00eda Nacional de Solidaridad con las V\u00edctimas del conflicto armado. Miles de colombianos marcharon este jueves en respaldo a los Di\u00e1logos de Paz que mantiene el Gobierno del presidente Juan Manuel Santos y las Fuerzas Armadas Revolucionarias [&hellip;]<\/p>\n","protected":false},"author":4,"featured_media":0,"comment_status":"open","ping_status":"open","sticky":false,"template":"","format":"standard","meta":{"_monsterinsights_skip_tracking":false,"_monsterinsights_sitenote_active":false,"_monsterinsights_sitenote_note":"","_monsterinsights_sitenote_category":0,"jnews-multi-image_gallery":[],"jnews_single_post":{"format":"standard"},"jnews_primary_category":[],"_joinchat":[],"footnotes":""},"categories":[58],"tags":[70,119],"class_list":["post-579","post","type-post","status-publish","format-standard","hentry","category-noticiariachuelo","tag-de-la-patria-grande","tag-derechos-humanos"],"_links":{"self":[{"href":"http:\/\/fmriachuelo.it10.com.ar\/index.php\/wp-json\/wp\/v2\/posts\/579","targetHints":{"allow":["GET"]}}],"collection":[{"href":"http:\/\/fmriachuelo.it10.com.ar\/index.php\/wp-json\/wp\/v2\/posts"}],"about":[{"href":"http:\/\/fmriachuelo.it10.com.ar\/index.php\/wp-json\/wp\/v2\/types\/post"}],"author":[{"embeddable":true,"href":"http:\/\/fmriachuelo.it10.com.ar\/index.php\/wp-json\/wp\/v2\/users\/4"}],"replies":[{"embeddable":true,"href":"http:\/\/fmriachuelo.it10.com.ar\/index.php\/wp-json\/wp\/v2\/comments?post=579"}],"version-history":[{"count":1,"href":"http:\/\/fmriachuelo.it10.com.ar\/index.php\/wp-json\/wp\/v2\/posts\/579\/revisions"}],"predecessor-version":[{"id":23261,"href":"http:\/\/fmriachuelo.it10.com.ar\/index.php\/wp-json\/wp\/v2\/posts\/579\/revisions\/23261"}],"wp:attachment":[{"href":"http:\/\/fmriachuelo.it10.com.ar\/index.php\/wp-json\/wp\/v2\/media?parent=579"}],"wp:term":[{"taxonomy":"category","embeddable":true,"href":"http:\/\/fmriachuelo.it10.com.ar\/index.php\/wp-json\/wp\/v2\/categories?post=579"},{"taxonomy":"post_tag","embeddable":true,"href":"http:\/\/fmriachuelo.it10.com.ar\/index.php\/wp-json\/wp\/v2\/tags?post=579"}],"curies":[{"name":"wp","href":"https:\/\/api.w.org\/{rel}","templated":true}]}}