{"id":578,"date":"2015-04-11T08:02:00","date_gmt":"2015-04-11T08:02:00","guid":{"rendered":"http:\/\/fmriachuelo.observatorioess.org.ar\/index.php\/2015\/04\/11\/maduro-entregara-a-obama-carta-de-victmas-de-invasion-de-1989\/"},"modified":"2025-03-28T13:31:13","modified_gmt":"2025-03-28T16:31:13","slug":"maduro-entregara-a-obama-carta-de-victmas-de-invasion-de-1989","status":"publish","type":"post","link":"http:\/\/fmriachuelo.it10.com.ar\/index.php\/2015\/04\/11\/maduro-entregara-a-obama-carta-de-victmas-de-invasion-de-1989\/","title":{"rendered":"MADURO ENTREGAR\u00c1 A OBAMA CARTA DE V\u00cdCTMAS DE INVASI\u00d3N DE 1989"},"content":{"rendered":"<p><b style=\"color: red;font-family: Verdana, sans-serif\"><span style=\"font-size: large\">LA CUMBRE DE LAS AM\u00c9RICAS RESCATA HISTORIA A SU PASO<\/span><\/b><\/p>\n<div style=\"text-align: left\"><span style=\"font-family: Verdana, sans-serif\">POR PRIMERA VEZ UN PRESIDENTE DE LATINOAM\u00c9RICA VISIT\u00d3 EL MONUMENTO DE LOS CA\u00cdDOS EN EL BARRIO EL CHORRILLO TRAS LA INVASI\u00d3N DE EE.UU. A PANAM\u00c1 EN 1989<\/span><\/div>\n<div style=\"text-align: left\"><span style=\"font-family: Verdana, sans-serif\"><br \/><\/span><\/div>\n<div><a href=\"http:\/\/www.telesurtv.net\/__export\/1428690624437\/sites\/telesur\/img\/news\/2015\/04\/10\/chorrillo0.jpg_1718483346.jpg\" style=\"clear: left;float: left;margin-bottom: 1em;margin-right: 1em;text-align: left\"><img loading=\"lazy\" decoding=\"async\" alt=\"Presidente Nicol\u00e1s Maduro entrega ofrenda floral al monumento a los caidos en Chorrillo, Panam\u00e1. \" border=\"0\" src=\"http:\/\/www.telesurtv.net\/__export\/1428690624437\/sites\/telesur\/img\/news\/2015\/04\/10\/chorrillo0.jpg_1718483346.jpg\" height=\"180\" width=\"320\" \/><\/a><\/div>\n<div style=\"text-align: left\"><span style=\"font-family: Verdana, sans-serif\">El presidente de Venezuela, Nicol\u00e1s Maduro, se comprometi\u00f3 con el Comit\u00e9 de Familiares de los Ca\u00eddos del 20 de diciembre de 1989 en Panam\u00e1 a entregar una carta al mandatario de Estados Unidos, Barack Obama, en la que el comit\u00e9 expone directamente sus demandas hist\u00f3ricas en torno al caso. \u201cMe comprometo a entregar la carta del Comit\u00e9 Paname\u00f1o de V\u00edctimas de la invasi\u00f3n norteamericana al presidente Barack Obama; y en mi discurso hablar\u00e9 sobre la justicia. Estados Unidos debe pedir perd\u00f3n a Panam\u00e1 y a Am\u00e9rica Latina por la invasi\u00f3n de 1989 (\u2026), con la verdad ni ofendo ni temo, esta es la verdad. Est\u00e1 prohibido olvidar\u201d, enfatiz\u00f3 el Jefe de Estado.<\/span><\/div>\n<div><a name='more'><\/a><\/p>\n<div style=\"text-align: left\"><span style=\"font-family: Verdana, sans-serif\">Maduro enfatiz\u00f3 este viernes que Estados Unidos debe pedirle perd\u00f3n a Panam\u00e1 por la masacre de El Chorrillo ocurrida en 1989. En este sentido, asumi\u00f3 \u201ctomar esta causa personalmente, para que se haga justicia y se le pida perd\u00f3n al pueblo de Panam\u00e1 y logremos una indemnizaci\u00f3n integral a las familias del Chorrillo, de Col\u00f3n y de toda Panam\u00e1. Me comprometo con el alma que lo voy a hacer a nombre del dolor de miles que sufrieron la p\u00e9rdida de sus familiares\u201d. Previo a su participaci\u00f3n en la VII Cumbre de las Am\u00e9ricas el presidente Maduro visit\u00f3 la popular barriada paname\u00f1a El Chorrillo situada en ciudad de Panam\u00e1 (capital). De igual modo, el Jefe de estado venezolano anunci\u00f3 que har\u00e1 la propuesta a la Alianza Bolivariana para los Pueblos de Nuestra Am\u00e9rica (ALBA) para que la Misi\u00f3n Milagro y otras misiones humanitarias se movilicen al barrio de El Chorrillo. \u201cPropongo que extendamos nuestra mano a nuestros hermanos\u201d. A su llegada al Aeropuerto Internacional de Tocumen, Maduro indic\u00f3 que Venezuela se encuentra en una lucha por lograr el respeto de su naci\u00f3n y para alcanzar la paz, justicia y uni\u00f3n. \u201cEstamos en una tremenda lucha porque se respete a Venezuela y la haremos respetar (\u2026) venimos a esta cumbre con el mejor esp\u00edritu constructivo, de construir la paz, de construir uni\u00f3n de construir la justicia, pero en base al respecto\u201d, dijo el mandatario venezolano. Asimismo, destac\u00f3 que \u201cal llegar a Panam\u00e1 se siente en el centro del sue\u00f1o de Bol\u00edvar, el cual se ha hecho realidad con este encuentro hist\u00f3rico\u201d. En este sentido, indic\u00f3 que \u201chace 200 a\u00f1os en la carta de Jamaica, Sim\u00f3n Bol\u00edvar, so\u00f1ando en tiempos futuros predijo que aqu\u00ed en Panam\u00e1 podr\u00eda ser el centro de la reuni\u00f3n de los pueblos y gobiernos independientes que surgieran hace 200 a\u00f1os de la lucha por sembrar rep\u00fablica\u201d.<\/span><\/div>\n<p><span style=\"font-family: Verdana, sans-serif\"><\/span><\/div>\n<div style=\"text-align: left\"><span style=\"color: #0b5394;font-family: Verdana, sans-serif;font-size: x-small\"><b>FUENTE: TELESUR\/PRODUCCIONES RIACHUELO<\/b><\/span><\/div>\n","protected":false},"excerpt":{"rendered":"<p>LA CUMBRE DE LAS AM\u00c9RICAS RESCATA HISTORIA A SU PASO POR PRIMERA VEZ UN PRESIDENTE DE LATINOAM\u00c9RICA VISIT\u00d3 EL MONUMENTO DE LOS CA\u00cdDOS EN EL BARRIO EL CHORRILLO TRAS LA INVASI\u00d3N DE EE.UU. A PANAM\u00c1 EN 1989 El presidente de Venezuela, Nicol\u00e1s Maduro, se comprometi\u00f3 con el Comit\u00e9 de Familiares de los Ca\u00eddos del 20 [&hellip;]<\/p>\n","protected":false},"author":4,"featured_media":0,"comment_status":"open","ping_status":"open","sticky":false,"template":"","format":"standard","meta":{"_monsterinsights_skip_tracking":false,"_monsterinsights_sitenote_active":false,"_monsterinsights_sitenote_note":"","_monsterinsights_sitenote_category":0,"jnews-multi-image_gallery":[],"jnews_single_post":{"format":"standard"},"jnews_primary_category":[],"_joinchat":[],"footnotes":""},"categories":[58],"tags":[70],"class_list":["post-578","post","type-post","status-publish","format-standard","hentry","category-noticiariachuelo","tag-de-la-patria-grande"],"_links":{"self":[{"href":"http:\/\/fmriachuelo.it10.com.ar\/index.php\/wp-json\/wp\/v2\/posts\/578","targetHints":{"allow":["GET"]}}],"collection":[{"href":"http:\/\/fmriachuelo.it10.com.ar\/index.php\/wp-json\/wp\/v2\/posts"}],"about":[{"href":"http:\/\/fmriachuelo.it10.com.ar\/index.php\/wp-json\/wp\/v2\/types\/post"}],"author":[{"embeddable":true,"href":"http:\/\/fmriachuelo.it10.com.ar\/index.php\/wp-json\/wp\/v2\/users\/4"}],"replies":[{"embeddable":true,"href":"http:\/\/fmriachuelo.it10.com.ar\/index.php\/wp-json\/wp\/v2\/comments?post=578"}],"version-history":[{"count":1,"href":"http:\/\/fmriachuelo.it10.com.ar\/index.php\/wp-json\/wp\/v2\/posts\/578\/revisions"}],"predecessor-version":[{"id":23262,"href":"http:\/\/fmriachuelo.it10.com.ar\/index.php\/wp-json\/wp\/v2\/posts\/578\/revisions\/23262"}],"wp:attachment":[{"href":"http:\/\/fmriachuelo.it10.com.ar\/index.php\/wp-json\/wp\/v2\/media?parent=578"}],"wp:term":[{"taxonomy":"category","embeddable":true,"href":"http:\/\/fmriachuelo.it10.com.ar\/index.php\/wp-json\/wp\/v2\/categories?post=578"},{"taxonomy":"post_tag","embeddable":true,"href":"http:\/\/fmriachuelo.it10.com.ar\/index.php\/wp-json\/wp\/v2\/tags?post=578"}],"curies":[{"name":"wp","href":"https:\/\/api.w.org\/{rel}","templated":true}]}}