{"id":5779,"date":"2017-10-12T23:06:56","date_gmt":"2017-10-12T23:06:56","guid":{"rendered":"http:\/\/fmriachuelo.com.ar\/?p=5779"},"modified":"2017-10-12T23:06:56","modified_gmt":"2017-10-12T23:06:56","slug":"sobreseyeron-a-fm-ocupas-despues-de-meses-de-silenciamiento-por-parte-del-enacom","status":"publish","type":"post","link":"http:\/\/fmriachuelo.it10.com.ar\/index.php\/2017\/10\/12\/sobreseyeron-a-fm-ocupas-despues-de-meses-de-silenciamiento-por-parte-del-enacom\/","title":{"rendered":"SOBRESEYERON A FM OCUPAS DESPU\u00c9S DE MESES DE SILENCIAMIENTO POR PARTE DEL ENACOM"},"content":{"rendered":"<p>El Juzgado Federal en lo Criminal y Correccional Nro. 1 de Mor\u00f3n determin\u00f3 el sobreseimiento de la emisora comunitaria FM Ocupas en la causa iniciada por el Ente Nacional de Comunicaciones, por interferencias en comunicaciones del A\u00e9rodromo de Mor\u00f3n. Qued\u00f3 en evidencia la pol\u00edtica del organismo de perseguir y criminalizar a aquellos medios que levanten su voz contra el actual gobierno.<\/p>\n<p>Mariano Sanchez, el responsable de la emisora dialog\u00f3 con FM Riachuelo, escuchalo ac\u00e1:<\/p>\n<p><iframe loading=\"lazy\" title=\"12 - 10 - 2017 - ENT.COMP. A MARIANO SANCHEZ - RADIO OCUPAS by FMR\" width=\"500\" height=\"400\" scrolling=\"no\" frameborder=\"no\" src=\"https:\/\/w.soundcloud.com\/player\/?visual=true&#038;url=https%3A%2F%2Fapi.soundcloud.com%2Ftracks%2F346633623&#038;show_artwork=true&#038;maxheight=750&#038;maxwidth=500\"><\/iframe><\/p>\n<p>&nbsp;<\/p>\n<p>El pasado 26 de Febrero, la radio comunitaria de Mor\u00f3n \u00a0tuvo que apagar su transmisi\u00f3n, despu\u00e9s de que el ENACOM\u00a0 (Ente Nacional de Comunicaciones) se presentara para informarles que la Fuerza A\u00e9rea hab\u00eda notado una interferencia en un canal \u201cauxiliar o secundario\u201d. \u00a0Una vez constatado que la interferencia era provocada por la radio, FM ocupas inmediatamente se dispuso a resolver el problema, ya con la transmisi\u00f3n apagada. Seg\u00fan el protocolo 9435\/16, el ENACOM \u201cdispone un plazo de tres d\u00edas h\u00e1biles para realizar el descargo\u201d que debe ser acompa\u00f1ado por un informe t\u00e9cnico firmado por un ingeniero matriculado en COPITEC, que corrobore la resoluci\u00f3n del problema de interferencia.<\/p>\n<p>La radio comunitaria, que lleva adelante una comprometida labor social, trabajando cotidianamente con personas con discapacidad, tuvo que resolver en tiempo r\u00e9cord\u00a0 lo estipulado por el protocolo del ENACOM.\u00a0 El informe, certificado por un profesional, y que constataba la resoluci\u00f3n de la interferencia, fue presentado el 3 de Marzo en la sede del organismo. La normativa indica que una vez presentado dicho informe, el ENACOM cuenta con 6 d\u00edas h\u00e1biles para constatar que el problema est\u00e1 solucionado y permitir que la radio vuelva a encenderse, respetando y garantizando el pleno ejercicio del derecho a la libertad de expresi\u00f3n del medio comunitario.<\/p>\n<p>Sin embargo, el organismo no cumpli\u00f3 con su propia normativa y no s\u00f3lo que no volvi\u00f3 a los 6 d\u00edas h\u00e1biles, sino que se tom\u00f3 m\u00e1s de medio a\u00f1o. Como si ya no quedara en total evidencia la persecuci\u00f3n y ensa\u00f1amiento con la radio popular, el ENACOM inici\u00f3 una causa penal 13 d\u00edas despu\u00e9s de que la radio haya presentado el informe acreditando que el problema ya estaba resuelto, siendo el mismo organismo el que estaba en falta al no ir a constatarlo.<\/p>\n<p>La persecuci\u00f3n y criminalizaci\u00f3n de los medios comunitarios y populares, en un contexto de blindaje medi\u00e1tico, configuran un claro peligro para la democracia, ya que son \u00e9stos medios los que le dan voz a los reclamos de aquellos sectores marginados y excluidos, deliberadamente invisibilizados por los medios del poder. \u00a0Fm Ocupas no fue la \u00fanica radio que se intent\u00f3 apagar: FM Milenio\u00a0de Formosa,\u00a0Radio M, de La Matanza y Radio F\u00f3rmula\u00a0de Merlo (integrantes de la\u00a0Uni\u00f3n de Medios\u00a0Audiovisuales y Afines de La Matanza \u2013 UCAYA),\u00a0FM Coiron\u00a0de Comodoro Rivadavia, y el reciente caso de\u00a0FM Pirca\u00a0de Jujuy, son otras emisoras que vienen sufriendo situaciones similares.<\/p>\n<p>&nbsp;<\/p>\n","protected":false},"excerpt":{"rendered":"<p>El Juzgado Federal en lo Criminal y Correccional Nro. 1 de Mor\u00f3n determin\u00f3 el sobreseimiento de la emisora comunitaria FM Ocupas en la causa iniciada por el Ente Nacional de Comunicaciones, por interferencias en comunicaciones del A\u00e9rodromo de Mor\u00f3n. Qued\u00f3 en evidencia la pol\u00edtica del organismo de perseguir y criminalizar a aquellos medios que levanten [&hellip;]<\/p>\n","protected":false},"author":5,"featured_media":5780,"comment_status":"open","ping_status":"open","sticky":false,"template":"","format":"standard","meta":{"_monsterinsights_skip_tracking":false,"_monsterinsights_sitenote_active":false,"_monsterinsights_sitenote_note":"","_monsterinsights_sitenote_category":0,"jnews-multi-image_gallery":[],"jnews_single_post":[],"jnews_primary_category":[],"_joinchat":[],"footnotes":""},"categories":[78,76],"tags":[],"class_list":["post-5779","post","type-post","status-publish","format-standard","has-post-thumbnail","hentry","category-economia-popular","category-salud-comunitaria"],"_links":{"self":[{"href":"http:\/\/fmriachuelo.it10.com.ar\/index.php\/wp-json\/wp\/v2\/posts\/5779","targetHints":{"allow":["GET"]}}],"collection":[{"href":"http:\/\/fmriachuelo.it10.com.ar\/index.php\/wp-json\/wp\/v2\/posts"}],"about":[{"href":"http:\/\/fmriachuelo.it10.com.ar\/index.php\/wp-json\/wp\/v2\/types\/post"}],"author":[{"embeddable":true,"href":"http:\/\/fmriachuelo.it10.com.ar\/index.php\/wp-json\/wp\/v2\/users\/5"}],"replies":[{"embeddable":true,"href":"http:\/\/fmriachuelo.it10.com.ar\/index.php\/wp-json\/wp\/v2\/comments?post=5779"}],"version-history":[{"count":0,"href":"http:\/\/fmriachuelo.it10.com.ar\/index.php\/wp-json\/wp\/v2\/posts\/5779\/revisions"}],"wp:featuredmedia":[{"embeddable":true,"href":"http:\/\/fmriachuelo.it10.com.ar\/index.php\/wp-json\/wp\/v2\/media\/5780"}],"wp:attachment":[{"href":"http:\/\/fmriachuelo.it10.com.ar\/index.php\/wp-json\/wp\/v2\/media?parent=5779"}],"wp:term":[{"taxonomy":"category","embeddable":true,"href":"http:\/\/fmriachuelo.it10.com.ar\/index.php\/wp-json\/wp\/v2\/categories?post=5779"},{"taxonomy":"post_tag","embeddable":true,"href":"http:\/\/fmriachuelo.it10.com.ar\/index.php\/wp-json\/wp\/v2\/tags?post=5779"}],"curies":[{"name":"wp","href":"https:\/\/api.w.org\/{rel}","templated":true}]}}