{"id":5772,"date":"2017-10-12T14:43:38","date_gmt":"2017-10-12T14:43:38","guid":{"rendered":"http:\/\/fmriachuelo.com.ar\/?p=5772"},"modified":"2017-10-12T14:43:38","modified_gmt":"2017-10-12T14:43:38","slug":"festival-para-recordar-a-natalia-y-nuria-a-un-ano-del-femicidio","status":"publish","type":"post","link":"http:\/\/fmriachuelo.it10.com.ar\/index.php\/2017\/10\/12\/festival-para-recordar-a-natalia-y-nuria-a-un-ano-del-femicidio\/","title":{"rendered":"FESTIVAL PARA RECORDAR A NATALIA Y NURIA A UN A\u00d1O DEL FEMICIDIO"},"content":{"rendered":"<p>[FM RIACHUELO 12\/10\/2017] En el d\u00eda de ayer se llevo a cabo un\u00a0 festival\u00a0 recordando a Natalia y Nuria en la Escuela de Bellas Artes Manuel Belgrano, ubicada en Wenceslao Villafa\u00f1e 1342\u00a0 CABA ,\u00a0 en conmemoraci\u00f3n por el doble femicidio, ocurrido el 11 de Octubre del \u00a0a\u00f1o 2016.<\/p>\n<p>A un a\u00f1o del ataque brutal, ocurrido en la Plaza Irala del barrio porte\u00f1o de la Boca, que\u00a0 se llevo las vidas de Nuria Couto y Natalia Grevenshicova, en manos de Mariano Bonetto, sus familiares y amigos llevaron adelante una jornada art\u00edstica para recordarlas.<\/p>\n<p><iframe loading=\"lazy\" title=\"FESTIVAL ANIVERSARIO ASESINATO NATALIA Y NURIA by FMR\" width=\"500\" height=\"450\" scrolling=\"no\" frameborder=\"no\" src=\"https:\/\/w.soundcloud.com\/player\/?visual=true&#038;url=https%3A%2F%2Fapi.soundcloud.com%2Fplaylists%2F359413219&#038;show_artwork=true&#038;maxheight=750&#038;maxwidth=500\"><\/iframe><\/p>\n<p>Sus compa\u00f1eros\u00a0 exigieron justicia y c\u00e1rcel para el femicida\u00a0 diciendo: \u00abqueremos estudiar, formarnos y poder ser cr\u00edticos con nuestra realidad, exigimos la real aplicaci\u00f3n de la ley de Educaci\u00f3n Sexual Integral y un protocolo en caso de violencia de g\u00e9nero\u00bb<\/p>\n<p>Tambi\u00e9n expresaron en otro de los discursos que se escucharon en la jornada que: \u00abes necesario que en todas las escuelas se acompa\u00f1e a las v\u00edctimas, y capacite a nuestrxs docentes y directivos\u00bb.<\/p>\n<p>El festival se desarrollo pasadas las 14 horas con la lectura de una poes\u00eda de Romina, amiga y compa\u00f1era de Natalia. Sigui\u00f3 con Lali, amiga de Nuria que interpreto un rap para expresar desde el arte lo mucho que la extra\u00f1a y recuerda.<\/p>\n<p>En nota a la FM Riachuelo 100.9\u00a0 \u00a0Ana la mam\u00e1 de\u00a0 Natalia\u00a0 expres\u00f3 :\u00bb quiero agradecer a todos\u00a0 los chicos por el festival que organizaron\u00bb,\u00a0 y agreg\u00f3: \u00absufro y recuerdo a mi hija desde hace un a\u00f1o\u00bb.<\/p>\n<p>Hubo m\u00fasica en vivo, talleres, feria americana y de artesan\u00edas, comidas, rifas y un mural para recordarlas siempre.<\/p>\n","protected":false},"excerpt":{"rendered":"<p>[FM RIACHUELO 12\/10\/2017] En el d\u00eda de ayer se llevo a cabo un\u00a0 festival\u00a0 recordando a Natalia y Nuria en la Escuela de Bellas Artes Manuel Belgrano, ubicada en Wenceslao Villafa\u00f1e 1342\u00a0 CABA ,\u00a0 en conmemoraci\u00f3n por el doble femicidio, ocurrido el 11 de Octubre del \u00a0a\u00f1o 2016. A un a\u00f1o del ataque brutal, ocurrido [&hellip;]<\/p>\n","protected":false},"author":5,"featured_media":5773,"comment_status":"open","ping_status":"open","sticky":false,"template":"","format":"standard","meta":{"_monsterinsights_skip_tracking":false,"_monsterinsights_sitenote_active":false,"_monsterinsights_sitenote_note":"","_monsterinsights_sitenote_category":0,"jnews-multi-image_gallery":[],"jnews_single_post":[],"jnews_primary_category":[],"_joinchat":[],"footnotes":""},"categories":[78,76,77],"tags":[],"class_list":["post-5772","post","type-post","status-publish","format-standard","has-post-thumbnail","hentry","category-economia-popular","category-salud-comunitaria","category-soberania"],"_links":{"self":[{"href":"http:\/\/fmriachuelo.it10.com.ar\/index.php\/wp-json\/wp\/v2\/posts\/5772","targetHints":{"allow":["GET"]}}],"collection":[{"href":"http:\/\/fmriachuelo.it10.com.ar\/index.php\/wp-json\/wp\/v2\/posts"}],"about":[{"href":"http:\/\/fmriachuelo.it10.com.ar\/index.php\/wp-json\/wp\/v2\/types\/post"}],"author":[{"embeddable":true,"href":"http:\/\/fmriachuelo.it10.com.ar\/index.php\/wp-json\/wp\/v2\/users\/5"}],"replies":[{"embeddable":true,"href":"http:\/\/fmriachuelo.it10.com.ar\/index.php\/wp-json\/wp\/v2\/comments?post=5772"}],"version-history":[{"count":0,"href":"http:\/\/fmriachuelo.it10.com.ar\/index.php\/wp-json\/wp\/v2\/posts\/5772\/revisions"}],"wp:featuredmedia":[{"embeddable":true,"href":"http:\/\/fmriachuelo.it10.com.ar\/index.php\/wp-json\/wp\/v2\/media\/5773"}],"wp:attachment":[{"href":"http:\/\/fmriachuelo.it10.com.ar\/index.php\/wp-json\/wp\/v2\/media?parent=5772"}],"wp:term":[{"taxonomy":"category","embeddable":true,"href":"http:\/\/fmriachuelo.it10.com.ar\/index.php\/wp-json\/wp\/v2\/categories?post=5772"},{"taxonomy":"post_tag","embeddable":true,"href":"http:\/\/fmriachuelo.it10.com.ar\/index.php\/wp-json\/wp\/v2\/tags?post=5772"}],"curies":[{"name":"wp","href":"https:\/\/api.w.org\/{rel}","templated":true}]}}