{"id":577,"date":"2015-04-11T16:39:00","date_gmt":"2015-04-11T16:39:00","guid":{"rendered":"http:\/\/fmriachuelo.observatorioess.org.ar\/index.php\/2015\/04\/11\/campamento-antimperialista-en-buenos-aires\/"},"modified":"2025-03-28T13:32:06","modified_gmt":"2025-03-28T16:32:06","slug":"campamento-antimperialista-en-buenos-aires","status":"publish","type":"post","link":"http:\/\/fmriachuelo.it10.com.ar\/index.php\/2015\/04\/11\/campamento-antimperialista-en-buenos-aires\/","title":{"rendered":"CAMPAMENTO ANTIMPERIALISTA EN BUENOS AIRES"},"content":{"rendered":"<p><a href=\"https:\/\/images-blogger-opensocial.googleusercontent.com\/gadgets\/proxy?url=http%3A%2F%2F4.bp.blogspot.com%2F-qyu3zJWTIp8%2FVSlJjApP8lI%2FAAAAAAAADuQ%2FMerZDfrcSvE%2Fs1600%2FCAMPAMENTO%252B1.png&amp;container=blogger&amp;gadget=a&amp;rewriteMime=image%2F*\" style=\"clear: left;float: left;margin-bottom: 1em;margin-right: 1em\"><img loading=\"lazy\" decoding=\"async\" border=\"0\" src=\"http:\/\/4.bp.blogspot.com\/-qyu3zJWTIp8\/VSlJjApP8lI\/AAAAAAAADuQ\/MerZDfrcSvE\/s1600\/CAMPAMENTO%2B1.png\" height=\"194\" width=\"320\" \/><\/a><span style=\"color: red;font-family: Verdana, sans-serif;font-size: large\"><strong>LA DIPLOMACIA DE LOS PUEBLOS<\/strong><\/span><br \/><strong style=\"font-family: Verdana, sans-serif;text-align: center\">[FMR Viernes 10\/4\/2015] A casi 10 a\u00f1os del NO AL ALCA en Mar del Plata las organizaciones sociales, pol\u00edticas, sindicales y estudiantiles marcharon y acamparon frente a la Embajada de EE.UU. en Buenos Aires. Al mismo tiempo que se desarrolla la VII Cumbre de las Am\u00e9ricas y la Cumbre de los Pueblos en Panam\u00e1, y como en muchas otras ciudades de Nuestra Patria Grande, el pueblo organizado rechaz\u00f3 las pol\u00edticas que avasallan los derechos de nuestros pueblos y amenazan la regi\u00f3n declarada como zona de Paz.<\/strong><span style=\"color: red;font-family: Verdana, sans-serif;font-size: large\"><\/span><br \/><strong style=\"font-family: Verdana, sans-serif;text-align: center\"><br \/><\/strong><\/p>\n<div style=\"clear: both;text-align: center\"><a href=\"http:\/\/2.bp.blogspot.com\/-JUCqOiS0nIc\/VSlNVAPoS5I\/AAAAAAAADuc\/rAPDoFNZBXo\/s1600\/CAMPAMENTO%2B2.png\" style=\"clear: left;float: left;margin-bottom: 1em;margin-right: 1em\"><span style=\"clear: left;float: left;font-family: Verdana, sans-serif;margin-bottom: 1em;margin-right: 1em\"><img loading=\"lazy\" decoding=\"async\" border=\"0\" src=\"http:\/\/2.bp.blogspot.com\/-JUCqOiS0nIc\/VSlNVAPoS5I\/AAAAAAAADuc\/rAPDoFNZBXo\/s1600\/CAMPAMENTO%2B2.png\" height=\"137\" width=\"320\" \/><\/span><\/a><\/div>\n<p><span style=\"font-family: Verdana, sans-serif\">Numerosos compa\u00f1eros de las distintas organizaciones fueron tomando la palabra desde las 12 del mediod\u00eda hasta las 5 de la tarde acercando el apoyo a Venezuela y en defensa de nuestro continente ante la ofensiva imperial.<\/span><br \/><span style=\"font-family: Verdana, sans-serif\"><br \/><\/span><span style=\"font-family: Verdana, sans-serif\">Por Internet el campamento pudo escuchar en directo la entrevista que el corresponsal de Resumen Latinoamericano en Panam\u00e1, Diego Virgolini, realiz\u00f3 a Olmedo Beluche, militante paname\u00f1o, quien relato el desarrollo de la cumbre. <\/p>\n<p>Desde su injusta prisi\u00f3n domiciliaria el dirigente Boli Lezcano del Movimiento Popular Revolucionario Quebracho v\u00eda telef\u00f3nica expres\u00f3 su apoyo al campamento y a la lucha de los pueblos.<\/p>\n<p>\u200b<span style=\"color: red\"><strong>FM Riachuelo<\/strong> <\/span>recogi\u00f3 el testimonio de <b><span style=\"color: #0b5394\">Salvador Salas del colectivo ALEXIS VIVE, del barrio 23 de Enero de Caracas<\/span><\/b>, presente en el campamento y de <b><span style=\"color: #0b5394\">Carlos Azn\u00e1rez de Resumen Latinoamericano<\/span><\/b> quien hizo las veces de presentador de la actividad.<\/span><\/p>\n<div>&#8230;<\/div>\n<p>Powered by Cincopa <a href=\"http:\/\/www.cincopa.com\/video-hosting\">Video Hosting for Business<\/a> solution.<span>New Gallery 2015\/4\/13<\/span><\/p>\n","protected":false},"excerpt":{"rendered":"<p>LA DIPLOMACIA DE LOS PUEBLOS[FMR Viernes 10\/4\/2015] A casi 10 a\u00f1os del NO AL ALCA en Mar del Plata las organizaciones sociales, pol\u00edticas, sindicales y estudiantiles marcharon y acamparon frente a la Embajada de EE.UU. en Buenos Aires. Al mismo tiempo que se desarrolla la VII Cumbre de las Am\u00e9ricas y la Cumbre de los [&hellip;]<\/p>\n","protected":false},"author":4,"featured_media":0,"comment_status":"open","ping_status":"open","sticky":false,"template":"","format":"standard","meta":{"_monsterinsights_skip_tracking":false,"_monsterinsights_sitenote_active":false,"_monsterinsights_sitenote_note":"","_monsterinsights_sitenote_category":0,"jnews-multi-image_gallery":[],"jnews_single_post":{"format":"standard"},"jnews_primary_category":[],"_joinchat":[],"footnotes":""},"categories":[58],"tags":[70,167],"class_list":["post-577","post","type-post","status-publish","format-standard","hentry","category-noticiariachuelo","tag-de-la-patria-grande","tag-politica-internacional"],"_links":{"self":[{"href":"http:\/\/fmriachuelo.it10.com.ar\/index.php\/wp-json\/wp\/v2\/posts\/577","targetHints":{"allow":["GET"]}}],"collection":[{"href":"http:\/\/fmriachuelo.it10.com.ar\/index.php\/wp-json\/wp\/v2\/posts"}],"about":[{"href":"http:\/\/fmriachuelo.it10.com.ar\/index.php\/wp-json\/wp\/v2\/types\/post"}],"author":[{"embeddable":true,"href":"http:\/\/fmriachuelo.it10.com.ar\/index.php\/wp-json\/wp\/v2\/users\/4"}],"replies":[{"embeddable":true,"href":"http:\/\/fmriachuelo.it10.com.ar\/index.php\/wp-json\/wp\/v2\/comments?post=577"}],"version-history":[{"count":1,"href":"http:\/\/fmriachuelo.it10.com.ar\/index.php\/wp-json\/wp\/v2\/posts\/577\/revisions"}],"predecessor-version":[{"id":23263,"href":"http:\/\/fmriachuelo.it10.com.ar\/index.php\/wp-json\/wp\/v2\/posts\/577\/revisions\/23263"}],"wp:attachment":[{"href":"http:\/\/fmriachuelo.it10.com.ar\/index.php\/wp-json\/wp\/v2\/media?parent=577"}],"wp:term":[{"taxonomy":"category","embeddable":true,"href":"http:\/\/fmriachuelo.it10.com.ar\/index.php\/wp-json\/wp\/v2\/categories?post=577"},{"taxonomy":"post_tag","embeddable":true,"href":"http:\/\/fmriachuelo.it10.com.ar\/index.php\/wp-json\/wp\/v2\/tags?post=577"}],"curies":[{"name":"wp","href":"https:\/\/api.w.org\/{rel}","templated":true}]}}