{"id":5762,"date":"2017-10-11T00:18:28","date_gmt":"2017-10-11T00:18:28","guid":{"rendered":"http:\/\/fmriachuelo.com.ar\/?p=5762"},"modified":"2017-10-11T00:18:28","modified_gmt":"2017-10-11T00:18:28","slug":"contra-la-privatizacion-de-vialidad-trabajadores-marcharon-al-congreso-de-la-nacion","status":"publish","type":"post","link":"http:\/\/fmriachuelo.it10.com.ar\/index.php\/2017\/10\/11\/contra-la-privatizacion-de-vialidad-trabajadores-marcharon-al-congreso-de-la-nacion\/","title":{"rendered":"CONTRA LA PRIVATIZACI\u00d3N DE VIALIDAD, TRABAJADORES MARCHARON AL CONGRESO DE LA NACI\u00d3N"},"content":{"rendered":"<p>[FM RIACHUELO 10\/10\/2017] Como si se tratara de una burla, en el d\u00eda del trabajador vial, se public\u00f3 en el Bolet\u00edn Oficial el decreto 794\/2017, que crea Corredores Viales S.A., sociedad que asumir\u00e1 las funciones que hasta ahora (y hace m\u00e1s de 80 a\u00f1os) cumple Vialidad Nacional. Estar\u00e1 compuesta por un 51% de capital accionario por el Ministerio de Transporte ( cartera que conduce Guillermo Dietrich), y el 49% por la Direcci\u00f3n Nacional de Vialidad. El decreto expresa \u201cen caso que el inter\u00e9s p\u00fablico lo requiera podr\u00e1n participar de la sociedad personas de car\u00e1cter privado a trav\u00e9s de los procedimientos de selecci\u00f3n correspondientes\u201d.<\/p>\n<p>Se esperaba que el d\u00eda de hoy el ministro de transporte, Guillermo Dietrich, asistiera\u00a0 a la comisi\u00f3n de Obras P\u00fablicas de la C\u00e1mara de Diputados, para que exponga los argumentos del Gobierno Nacional para la creaci\u00f3n de Corredores Viales S.A. Sin embargo, alegando \u201ccompromisos impostergables\u201d no se present\u00f3. El desplante cay\u00f3 muy mal a los trabajadores, que se movilizaron a lo largo y ancho del pa\u00eds para exigir la anulaci\u00f3n del DNU 794\/2017.<\/p>\n<p>Frente al Congreso Nacional, los trabajadores viales, con el apoyo y solidaridad de otros trabajadores, organizaciones sociales y pol\u00edticas, se concentraron para expresar su repudio a la inminente\u00a0 privatizaci\u00f3n de Vialidad Nacional y entregaron 61 carpetas en el parlamento: 41 a diputados, y 21 a senadores con dos petitorios, uno en rechazo a la privatizaci\u00f3n de Vialidad Nacional y el otro contra la venta del distrito y escuelita en el barrio de Mataderos<\/p>\n<p>Ma\u00f1ana y el jueves, los secretarios generales del Sindicato\u00a0 de Trabajadores Viales de todas las seccionales del pa\u00eds se reunir\u00e1n en Buenos Aires para debatir y decidir cu\u00e1l ser\u00e1 el plan de lucha a seguir para resistir la privatizaci\u00f3n.<\/p>\n<p>FM Riachuelo estuvo presente junto a los trabajadores, escuch\u00e1 los testimonios ac\u00e1:<\/p>\n<p><iframe loading=\"lazy\" title=\"MARCHA AL CONGRESO DE TRABAJADORES DE VIALIDAD EN CONTRA DE LA PRIVATIZACION by FMR\" width=\"500\" height=\"450\" scrolling=\"no\" frameborder=\"no\" src=\"https:\/\/w.soundcloud.com\/player\/?visual=true&#038;url=https%3A%2F%2Fapi.soundcloud.com%2Fplaylists%2F359028023&#038;show_artwork=true&#038;maxheight=750&#038;maxwidth=500\"><\/iframe><\/p>\n","protected":false},"excerpt":{"rendered":"<p>[FM RIACHUELO 10\/10\/2017] Como si se tratara de una burla, en el d\u00eda del trabajador vial, se public\u00f3 en el Bolet\u00edn Oficial el decreto 794\/2017, que crea Corredores Viales S.A., sociedad que asumir\u00e1 las funciones que hasta ahora (y hace m\u00e1s de 80 a\u00f1os) cumple Vialidad Nacional. Estar\u00e1 compuesta por un 51% de capital accionario [&hellip;]<\/p>\n","protected":false},"author":5,"featured_media":5763,"comment_status":"open","ping_status":"open","sticky":false,"template":"","format":"standard","meta":{"_monsterinsights_skip_tracking":false,"_monsterinsights_sitenote_active":false,"_monsterinsights_sitenote_note":"","_monsterinsights_sitenote_category":0,"jnews-multi-image_gallery":[],"jnews_single_post":[],"jnews_primary_category":[],"_joinchat":[],"footnotes":""},"categories":[78,76,75],"tags":[],"class_list":["post-5762","post","type-post","status-publish","format-standard","has-post-thumbnail","hentry","category-economia-popular","category-salud-comunitaria","category-trabajo"],"_links":{"self":[{"href":"http:\/\/fmriachuelo.it10.com.ar\/index.php\/wp-json\/wp\/v2\/posts\/5762","targetHints":{"allow":["GET"]}}],"collection":[{"href":"http:\/\/fmriachuelo.it10.com.ar\/index.php\/wp-json\/wp\/v2\/posts"}],"about":[{"href":"http:\/\/fmriachuelo.it10.com.ar\/index.php\/wp-json\/wp\/v2\/types\/post"}],"author":[{"embeddable":true,"href":"http:\/\/fmriachuelo.it10.com.ar\/index.php\/wp-json\/wp\/v2\/users\/5"}],"replies":[{"embeddable":true,"href":"http:\/\/fmriachuelo.it10.com.ar\/index.php\/wp-json\/wp\/v2\/comments?post=5762"}],"version-history":[{"count":0,"href":"http:\/\/fmriachuelo.it10.com.ar\/index.php\/wp-json\/wp\/v2\/posts\/5762\/revisions"}],"wp:featuredmedia":[{"embeddable":true,"href":"http:\/\/fmriachuelo.it10.com.ar\/index.php\/wp-json\/wp\/v2\/media\/5763"}],"wp:attachment":[{"href":"http:\/\/fmriachuelo.it10.com.ar\/index.php\/wp-json\/wp\/v2\/media?parent=5762"}],"wp:term":[{"taxonomy":"category","embeddable":true,"href":"http:\/\/fmriachuelo.it10.com.ar\/index.php\/wp-json\/wp\/v2\/categories?post=5762"},{"taxonomy":"post_tag","embeddable":true,"href":"http:\/\/fmriachuelo.it10.com.ar\/index.php\/wp-json\/wp\/v2\/tags?post=5762"}],"curies":[{"name":"wp","href":"https:\/\/api.w.org\/{rel}","templated":true}]}}