{"id":576,"date":"2015-04-12T02:42:00","date_gmt":"2015-04-12T02:42:00","guid":{"rendered":"http:\/\/fmriachuelo.observatorioess.org.ar\/index.php\/2015\/04\/12\/vii-cumbre-de-las-americas-debut-de-cuba\/"},"modified":"2025-03-28T13:33:05","modified_gmt":"2025-03-28T16:33:05","slug":"vii-cumbre-de-las-americas-debut-de-cuba","status":"publish","type":"post","link":"http:\/\/fmriachuelo.it10.com.ar\/index.php\/2015\/04\/12\/vii-cumbre-de-las-americas-debut-de-cuba\/","title":{"rendered":"VII CUMBRE DE LAS AMERICAS: DEBUT DE CUBA"},"content":{"rendered":"<p><span style=\"color: red;font-family: Verdana, sans-serif;font-size: large\"><strong>DIGNIDAD Y POLITICA: UN EJEMPLO<\/strong><\/span><br \/><span style=\"font-family: Verdana, sans-serif\"><strong>AMPLIA REPERCUSI\u00d3N EN MEDIOS INTERNACIONALES DE LAS PALABRAS DE RA\u00daL CASTRO EN LA VI CUMBRE DE LAS AM\u00c9RCAS<\/strong><\/span><\/p>\n<div style=\"clear: both;text-align: center\"><a href=\"http:\/\/2.bp.blogspot.com\/-7IbyiW0tmg8\/VSnbAI87KdI\/AAAAAAAADuw\/e5hTtX9US_A\/s1600\/medios-%2B-raul-2.jpg\" style=\"clear: left;float: left;margin-bottom: 1em;margin-right: 1em\"><img loading=\"lazy\" decoding=\"async\" border=\"0\" src=\"http:\/\/2.bp.blogspot.com\/-7IbyiW0tmg8\/VSnbAI87KdI\/AAAAAAAADuw\/e5hTtX9US_A\/s1600\/medios-%2B-raul-2.jpg\" height=\"183\" width=\"320\" \/><\/a><\/div>\n<p><span style=\"font-family: Verdana, sans-serif\">Medios de prensa de todo el mundo reflejan en sus portadas la amplia repercusi\u00f3n que ha tenido la presencia del mandatario cubano, <\/span><span style=\"font-family: Verdana, sans-serif\">Ra\u00fal Castro Ruz<\/span><span style=\"font-family: Verdana, sans-serif\"> en la VII Cumbre de las Am\u00e9ricas. Desde la llegada a tierras paname\u00f1as hasta el m\u00e1s reciente discurso pronunciado por el presidente de la mayor de las Antillas ha sido plasmado en la agenda de los medios de Comunicaci\u00f3n.<\/span><br \/><span style=\"font-family: Verdana, sans-serif\"><br \/>El sitio web 20 Minutos encabeza su p\u00e1gina diciendo que <strong>\u201cCastro, ovacionado en su primera Cumbre de las Am\u00e9ricas<\/strong>, exculpa a Obama: \u201cEs honesto\u201d.<\/p>\n<p>Seg\u00fan rese\u00f1a el medio digital en la sala de prensa, los periodistas se agolparon frente a la pantalla gigante para seguir atentamente el discurso del l\u00edder cubano, quien arranc\u00f3 carcajadas de toda su audiencia cuando confes\u00f3 que le supuso \u201cun gran esfuerzo\u201d limitar su hist\u00f3rico discurso a los 8 minutos establecidos por el protocolo. \u201cY como deben seis cumbres que excluyeron, 6 por 8: 48\u2033 minutos tocar\u00eda hablar, coment\u00f3, jocoso, el presidente de Cuba.<\/span><br \/><a name='more'><\/a><span style=\"font-family: Verdana, sans-serif\">El propio portal refiere que durante su discurso, Castro ha eximido al presidente de EE UU, <\/span><span style=\"font-family: Verdana, sans-serif\">Barack Obama<\/span><span style=\"font-family: Verdana, sans-serif\">, de la responsabilidad de la pol\u00edtica desarrollada por los \u201c10 presidentes\u201d predecesores contra la isla. El presidente cubano calific\u00f3 a Obama de \u201chonesto\u201d y le pidi\u00f3 disculpas expresamente por su emotividad en \u201cdefensa de la revoluci\u00f3n\u201d.<\/p>\n<p>Tambi\u00e9n destacaron  que el mandatario cubano reiter\u00f3 a Obama la disposici\u00f3n de Cuba al \u201cdi\u00e1logo respetuoso y a la convivencia civilizada\u201d con Estados Unidos \u201cdentro de nuestras profundas diferencias\u201d.<\/p>\n<p>Sobre este propio particular se hizo eco el portal web Sputnik al declarar que \u201cCuba, dispuesta a entablar un di\u00e1logo respetuoso con EEUU, dice Ra\u00fal Castro\u201d.<\/p>\n<p>La agencia AFP detall\u00f3 aspectos relacionados con  el restablecimiento de las relaciones diplom\u00e1ticas entre ambas naciones y su impacto en la regi\u00f3n.<\/p>\n<p>\u201cSentado con Ra\u00fal Castro en la mesa de negociaciones de la VII <\/span><a href=\"http:\/\/www.cubadebate.cu\/etiqueta\/cumbre-de-las-americas\/\"><span style=\"font-family: Verdana, sans-serif\">Cumbre de las Am\u00e9ricas<\/span><\/a><span style=\"font-family: Verdana, sans-serif\">, Obama asegur\u00f3 que los \u201ccambios de pol\u00edtica hacia Cuba\u201d marcan un antes y un despu\u00e9s en las relaciones del hemisferio.\u201d<\/p>\n<p>El sitio web Euro News tambi\u00e9n comparte las grandes expectativas que sobre un posible encuentro entre los presidentes de Cuba y Estados Unidos pudiera darse en el marco de la Cumbre.<\/p>\n<p>La portada refleja que \u201cSegunda jornada de la Cumbre de las Am\u00e9ricas a la espera de la reuni\u00f3n entre Castro y Obama.\u201d<\/p>\n<p>La multinacional Telesur destac\u00f3 que el l\u00edder cubano record\u00f3 la lucha hist\u00f3rica del pueblo cubano por su libertad y resalt\u00f3 que a pesar del hostigamiento contra el pueblo cubano a trav\u00e9s del bloqueo econ\u00f3mico la Revoluci\u00f3n cubana no cej\u00f3 un segundo en sus principios.<\/p>\n<p>\u201cComienza la segunda e hist\u00f3rica jornada de la <\/span><a href=\"http:\/\/es.euronews.com\/tag\/cumbre\/\"><span style=\"font-family: Verdana, sans-serif\">Cumbre<\/span><\/a><span style=\"font-family: Verdana, sans-serif\"> de las Am\u00e9ricas en <\/span><a href=\"http:\/\/es.euronews.com\/tag\/panama\/\"><span style=\"font-family: Verdana, sans-serif\">Panam\u00e1<\/span><\/a><span style=\"font-family: Verdana, sans-serif\">, en la que el presidente cubano <\/span><a href=\"http:\/\/es.euronews.com\/tag\/raul-castro\/\"><span style=\"font-family: Verdana, sans-serif\">Ra\u00fal Castro<\/span><\/a><span style=\"font-family: Verdana, sans-serif\"> y su hom\u00f3logo estadounidense <\/span><a href=\"http:\/\/es.euronews.com\/tag\/barack-obama\/\"><span style=\"font-family: Verdana, sans-serif\">Barack Obama<\/span><\/a><span style=\"font-family: Verdana, sans-serif\"> mantendr\u00e1n su esperada primera reuni\u00f3n cara a cara, dentro del proceso abierto por ambos pa\u00edses para restablecer sus relaciones diplom\u00e1ticas.\u201d<br \/>Encuentro Hist\u00f3rico<\/p>\n<p>El saludo entre los mandatarios Ra\u00fal Castro y Barack Obama sin dudas algunas fue tendencia mundial en estas jornadas.<\/p>\n<p>Los principales medios en los Estados Unidos reflejaron lo acontecido:<\/p>\n<p>The Wall Street Journal (\u201cObama y Ra\u00fal Castro planean reuni\u00f3n hist\u00f3rica en la Cumbre de Panam\u00e1 el s\u00e1bado\u201d); The New York Times (\u201cApret\u00f3n de manos por Obama y Ra\u00fal Castro de Cuba\u201d); The Washington Post (\u201cObama y Castro hablar\u00e1n al margen de la Cumbre\u201d); NBC (\u201cBarack Obama y Ra\u00fal Castro se dan la mano en la Cumbre\u201d); The Miami Herald (\u201cEncuentro hist\u00f3rico: Obama y Ra\u00fal Castro tendr\u00e1n \u201cinteracci\u00f3n en la Cumbre\u201d); CNN (\u201cHist\u00f3rico apret\u00f3n de manos: Obama y Castro se encuentran y saludan\u201d);<\/p>\n<p>Washington Times (\u201cObama da la mano a Castro en la cumbre\u201d); USA Today (\u201cObama, Castro se encontrar\u00e1n el s\u00e1bado tras hist\u00f3rico apret\u00f3n de manos\u201d), Huffington Post (\u201cObama estrecha la mano de Ra\u00fal Castro antes de reuni\u00f3n hist\u00f3rica\u201d).<\/p>\n<p>Los principales medios latinoamericanos se hicieron eco de la informaci\u00f3n: en M\u00e9xico Excelsior (\u201cBarack Obama y Ra\u00fal Castro se dan la mano en Cumbre de las Am\u00e9ricas\u201d), Milenio (\u201cInicia Cumbre con saludo entre Obama y Ra\u00fal Castro\u201d), La Jornada (\u201cObama saluda a Castro mientras agita a disidentes), en Panam\u00e1 El Siglo (\u201cObama y Ra\u00fal Castro se dan la mano en VII Cumbre de las Am\u00e9ricas\u201d), en Venezuela Telesur (\u201cRa\u00fal Castro y Barack Obama se saludan previo a inicio de Cumbre\u201d)<\/span><span style=\"color: blue;font-family: Verdana, sans-serif\">Fuente: Cubadebate, Producci\u00f3n Riachuelo<\/span><\/p>\n","protected":false},"excerpt":{"rendered":"<p>DIGNIDAD Y POLITICA: UN EJEMPLOAMPLIA REPERCUSI\u00d3N EN MEDIOS INTERNACIONALES DE LAS PALABRAS DE RA\u00daL CASTRO EN LA VI CUMBRE DE LAS AM\u00c9RCAS Medios de prensa de todo el mundo reflejan en sus portadas la amplia repercusi\u00f3n que ha tenido la presencia del mandatario cubano, Ra\u00fal Castro Ruz en la VII Cumbre de las Am\u00e9ricas. Desde [&hellip;]<\/p>\n","protected":false},"author":4,"featured_media":0,"comment_status":"open","ping_status":"open","sticky":false,"template":"","format":"standard","meta":{"_monsterinsights_skip_tracking":false,"_monsterinsights_sitenote_active":false,"_monsterinsights_sitenote_note":"","_monsterinsights_sitenote_category":0,"jnews-multi-image_gallery":[],"jnews_single_post":{"format":"standard"},"jnews_primary_category":[],"_joinchat":[],"footnotes":""},"categories":[58],"tags":[70,167],"class_list":["post-576","post","type-post","status-publish","format-standard","hentry","category-noticiariachuelo","tag-de-la-patria-grande","tag-politica-internacional"],"_links":{"self":[{"href":"http:\/\/fmriachuelo.it10.com.ar\/index.php\/wp-json\/wp\/v2\/posts\/576","targetHints":{"allow":["GET"]}}],"collection":[{"href":"http:\/\/fmriachuelo.it10.com.ar\/index.php\/wp-json\/wp\/v2\/posts"}],"about":[{"href":"http:\/\/fmriachuelo.it10.com.ar\/index.php\/wp-json\/wp\/v2\/types\/post"}],"author":[{"embeddable":true,"href":"http:\/\/fmriachuelo.it10.com.ar\/index.php\/wp-json\/wp\/v2\/users\/4"}],"replies":[{"embeddable":true,"href":"http:\/\/fmriachuelo.it10.com.ar\/index.php\/wp-json\/wp\/v2\/comments?post=576"}],"version-history":[{"count":1,"href":"http:\/\/fmriachuelo.it10.com.ar\/index.php\/wp-json\/wp\/v2\/posts\/576\/revisions"}],"predecessor-version":[{"id":23264,"href":"http:\/\/fmriachuelo.it10.com.ar\/index.php\/wp-json\/wp\/v2\/posts\/576\/revisions\/23264"}],"wp:attachment":[{"href":"http:\/\/fmriachuelo.it10.com.ar\/index.php\/wp-json\/wp\/v2\/media?parent=576"}],"wp:term":[{"taxonomy":"category","embeddable":true,"href":"http:\/\/fmriachuelo.it10.com.ar\/index.php\/wp-json\/wp\/v2\/categories?post=576"},{"taxonomy":"post_tag","embeddable":true,"href":"http:\/\/fmriachuelo.it10.com.ar\/index.php\/wp-json\/wp\/v2\/tags?post=576"}],"curies":[{"name":"wp","href":"https:\/\/api.w.org\/{rel}","templated":true}]}}