{"id":5751,"date":"2017-10-07T19:33:49","date_gmt":"2017-10-07T19:33:49","guid":{"rendered":"http:\/\/fmriachuelo.com.ar\/?p=5751"},"modified":"2017-10-07T19:33:49","modified_gmt":"2017-10-07T19:33:49","slug":"lucha-popular-por-el-territorio-urbano-y-rural","status":"publish","type":"post","link":"http:\/\/fmriachuelo.it10.com.ar\/index.php\/2017\/10\/07\/lucha-popular-por-el-territorio-urbano-y-rural\/","title":{"rendered":"LUCHA POPULAR POR EL TERRITORIO URBANO Y RURAL"},"content":{"rendered":"<p>[FM RIACHUELO 07\/10\/2017] Ayer se realiz\u00f3  la charla \u201cDesbordes de la dicotom\u00eda urbano\/rural: actores sociales, territorio, conflictos y ambiente\u201d, organizada por las \u00e1reas de estudios urbanos y  rurales del Instituto de Investigaci\u00f3n  Gino Germani. La actividad tuvo como eje central el antagonismo construido y naturalizado \u201ccampo-ciudad\u201d, que funciona como una estrategia de poder para invisibilizar las relaciones socio-territoriales que se van entretejiendo cotidianamente entre ambas espacialidades. <\/p>\n<p>Los exponentes invitados fueron: Eduardo Reese del Centro de Estudios Legales y Sociales (CELS), Ana \u00c1lvarez de la Red Agroforestal Chaco Argentina (REDAF), Lito Borello de la Organizaci\u00f3n social y Pol\u00edtica Los Pibes y secretario de Derechos Humanos de la CTEP, Sebasti\u00e1n Grenoville  del Instituto Nacional de Tecnolog\u00eda Agropecuaria (INTA), Nieves Baldaccini del Foro en Defensa del R\u00edo de La Plata, Carlos Vicente de la ONG GRAIN, y Nahuel Levaggi de la Uni\u00f3n de Trabajadores de la Tierra (UTT).<\/p>\n<p>Las reflexiones giraron en torno a las luchas que se dan tanto en las zonas rurales como urbanas, por la tierra, en tanto espacio para llevar adelante pr\u00e1cticas populares (de vivienda autogestionada en las ciudades, y de agricultura familiar en el campo) que presenten una alternativa y a su vez, resistencia, al modelo capitalista y de especulaci\u00f3n inmobiliaria y financiera. <\/p>\n<p>Lito Borello, secretario de Derechos Humanos de a CTEP, resalt\u00f3 el rol fundamental de la econom\u00eda popular en el siglo XXI, haciendo hincapi\u00e9 en el derecho a la protesta social. \u201cEl denominador com\u00fan son las pol\u00edticas y la lucha de intereses, ah\u00ed es donde la pelea por la tierra de las comunidades en el campo, se une con la pelea por la vivienda digna en la ciudad\u201d. Y expres\u00f3 la consigna de la CTEP: \u201cNing\u00fan campesino sin tierra, ninguna familia sin techo, ning\u00fan trabajador sin derechos\u201d.<\/p>\n<p>Nieves Baldaccini, explic\u00f3 como se oculta la responsabilidad de las grandes corporaciones y grupos concentrados que explotan las tierras y sus recursos naturales para generar ganancias sin mirar las consecuencias medioambientales: \u201cCuando hay inundaciones siempre se culpa al Estado  por la falta de obras, cuando en realidad la responsabilidad del Estado debe ser la de limitar la especulaci\u00f3n inmobiliaria y construcci\u00f3n de barrios cerrados sobre humedales\u201d. <\/p>\n<p>Por su parte Nahuel Levaggi  de la UTT, sostuvo que: \u201cTenemos que pensar un proyecto com\u00fan de territorialidad y pa\u00eds compartido entre el campo y la ciudad\u201d. Y agreg\u00f3 que si la geograf\u00eda divide por zonas y por distancia, \u201ces el sujeto social que permite la uni\u00f3n y relaci\u00f3n entre ambos espacios\u201d. Record\u00f3 a su vez  la visibilidad que alcanz\u00f3 el sector concentrado del campo durante el conflicto de 2008: \u201cellos tiraban litros de leche, porque no les duele el hambre. Nosotros (los peque\u00f1os productores) protestamos regalando nuestros productos porque es nuestro pueblo el que pasa hambre y miseria\u201d. Y cerr\u00f3: \u201cla lucha del productor familiar tiene que ser de la mano del trabajador de la ciudad\u201d.<\/p>\n<p>Escuch\u00e1 las intervenciones completas:<br \/>\n<iframe loading=\"lazy\" title=\"06-10-2017 CHARLA &quot;DESBORDES DE LA DICOTOM\u00cdA URBANO\/RURAL&quot; EN EL INSTITUTO GINO GERMANI by FMR\" width=\"500\" height=\"450\" scrolling=\"no\" frameborder=\"no\" src=\"https:\/\/w.soundcloud.com\/player\/?visual=true&#038;url=https%3A%2F%2Fapi.soundcloud.com%2Fplaylists%2F358228898&#038;show_artwork=true&#038;maxheight=750&#038;maxwidth=500\"><\/iframe><\/p>\n","protected":false},"excerpt":{"rendered":"<p>[FM RIACHUELO 07\/10\/2017] Ayer se realiz\u00f3 la charla \u201cDesbordes de la dicotom\u00eda urbano\/rural: actores sociales, territorio, conflictos y ambiente\u201d, organizada por las \u00e1reas de estudios urbanos y rurales del Instituto de Investigaci\u00f3n Gino Germani. La actividad tuvo como eje central el antagonismo construido y naturalizado \u201ccampo-ciudad\u201d, que funciona como una estrategia de poder para invisibilizar [&hellip;]<\/p>\n","protected":false},"author":5,"featured_media":5752,"comment_status":"open","ping_status":"open","sticky":false,"template":"","format":"standard","meta":{"_monsterinsights_skip_tracking":false,"_monsterinsights_sitenote_active":false,"_monsterinsights_sitenote_note":"","_monsterinsights_sitenote_category":0,"jnews-multi-image_gallery":[],"jnews_single_post":[],"jnews_primary_category":[],"_joinchat":[],"footnotes":""},"categories":[78,79,76,74,75],"tags":[],"class_list":["post-5751","post","type-post","status-publish","format-standard","has-post-thumbnail","hentry","category-economia-popular","category-nadie-se-salva-solo","category-salud-comunitaria","category-san-cayetano","category-trabajo"],"_links":{"self":[{"href":"http:\/\/fmriachuelo.it10.com.ar\/index.php\/wp-json\/wp\/v2\/posts\/5751","targetHints":{"allow":["GET"]}}],"collection":[{"href":"http:\/\/fmriachuelo.it10.com.ar\/index.php\/wp-json\/wp\/v2\/posts"}],"about":[{"href":"http:\/\/fmriachuelo.it10.com.ar\/index.php\/wp-json\/wp\/v2\/types\/post"}],"author":[{"embeddable":true,"href":"http:\/\/fmriachuelo.it10.com.ar\/index.php\/wp-json\/wp\/v2\/users\/5"}],"replies":[{"embeddable":true,"href":"http:\/\/fmriachuelo.it10.com.ar\/index.php\/wp-json\/wp\/v2\/comments?post=5751"}],"version-history":[{"count":0,"href":"http:\/\/fmriachuelo.it10.com.ar\/index.php\/wp-json\/wp\/v2\/posts\/5751\/revisions"}],"wp:featuredmedia":[{"embeddable":true,"href":"http:\/\/fmriachuelo.it10.com.ar\/index.php\/wp-json\/wp\/v2\/media\/5752"}],"wp:attachment":[{"href":"http:\/\/fmriachuelo.it10.com.ar\/index.php\/wp-json\/wp\/v2\/media?parent=5751"}],"wp:term":[{"taxonomy":"category","embeddable":true,"href":"http:\/\/fmriachuelo.it10.com.ar\/index.php\/wp-json\/wp\/v2\/categories?post=5751"},{"taxonomy":"post_tag","embeddable":true,"href":"http:\/\/fmriachuelo.it10.com.ar\/index.php\/wp-json\/wp\/v2\/tags?post=5751"}],"curies":[{"name":"wp","href":"https:\/\/api.w.org\/{rel}","templated":true}]}}