{"id":575,"date":"2015-04-12T02:47:00","date_gmt":"2015-04-12T02:47:00","guid":{"rendered":"http:\/\/fmriachuelo.observatorioess.org.ar\/index.php\/2015\/04\/12\/violento-desalojo-contra-los-trabajadores-de-la-economia-popular\/"},"modified":"2025-03-28T13:55:53","modified_gmt":"2025-03-28T16:55:53","slug":"violento-desalojo-contra-los-trabajadores-de-la-economia-popular","status":"publish","type":"post","link":"http:\/\/fmriachuelo.it10.com.ar\/index.php\/2015\/04\/12\/violento-desalojo-contra-los-trabajadores-de-la-economia-popular\/","title":{"rendered":"VIOLENTO DESALOJO CONTRA LOS TRABAJADORES DE LA ECONOMIA POPULAR"},"content":{"rendered":"<p><span style=\"color: red;font-family: Verdana, sans-serif;font-size: large\"><strong>BRUTALIDAD CONTRA LOS TRABAJADORES<\/strong><\/span><br \/><span style=\"font-family: Verdana, sans-serif\"><strong>Reproducimos<\/strong><\/span>&nbsp;<span style=\"font-family: Verdana, sans-serif\"><strong>y nos solidarizamos<\/strong><\/span><\/p>\n<div style=\"clear: both;text-align: center\"><a href=\"http:\/\/3.bp.blogspot.com\/-HTyUppnnS7E\/VSnb_NDucnI\/AAAAAAAADu8\/QLUQGdCxAZA\/s1600\/315958_258891770813927_100000793184215_653247_731960630_n.jpg\" style=\"clear: left;float: left;margin-bottom: 1em;margin-right: 1em\"><img decoding=\"async\" border=\"0\" src=\"http:\/\/3.bp.blogspot.com\/-HTyUppnnS7E\/VSnb_NDucnI\/AAAAAAAADu8\/QLUQGdCxAZA\/s1600\/315958_258891770813927_100000793184215_653247_731960630_n.jpg\" \/><\/a><\/div>\n<p><span style=\"font-family: Verdana, sans-serif\"><strong>Desalojo en la Feria Riberita<br \/> Topadoras y Concentraci\u00f3n a favor del Capital y contra los Trabajadores<\/strong><br \/> Como hace dos a\u00f1os, la vera del Riachuelo amaneci\u00f3 con un cinematogr\u00e1fico operativo. Diez mil puestos de la feria independiente conocida como \u201cLa Riberita\u201d fueron brutalmente destrozados y varios vendedores detenidos. Incomprensiblemente, semejante acto de salvajismo ha levantado el caluroso aplauso de pol\u00edticos variopintos, la C\u00e1mara Argentina de la Mediana Empresa, la embajada norteamericana, etc. \u00a1Hasta los patrones de las grandes ferias internadas como Castillo y Antequera brindaron su ferviente apoyo al desalojo de los \u201cpuestos ilegales\u201d!<\/span><a name='more'><\/a><span style=\"font-family: Verdana, sans-serif\"><br \/>Desde la CTEP, en cambio, queremos manifestar nuestro m\u00e1s en\u00e9rgico repudio frente a semejante acto de salvajismo contra los trabajadores. Lo \u00fanico que se lograr\u00e1 con esta medida, al igual que en 2012, es privar a m\u00e1s de 20.000 vecinos de Lomas de Zamora, Lan\u00fas y La Matanza de sus fuentes de trabajo mientras se fortalece la concentraci\u00f3n de un mercado multimillonario en las manos de dos polos capitalistas. En efecto, las empresas Punta Mogotes y Urkupi\u00f1a cuentan con el extra\u00f1o privilegio de tener habilitaci\u00f3n para realizar exactamente la misma actividad que los puesteros independientes de la Ribera pero cobrando exorbitantes alquileres que van a parar a las arcas de los mencionados empresarios y sus asociados pol\u00edticos y policiales. <\/p>\n<p> La Confederaci\u00f3n de Trabajadores de la Econom\u00eda Popular (CTEP), intenta permanentemente llevar presencia del Estado a La Salada de otra forma: con trabajo decente, gesti\u00f3n cooperativa, distribuci\u00f3n equitativa de las ganancias, control de procedencia de mercader\u00eda, erradicaci\u00f3n de las mafias, formalizaci\u00f3n laboral, regularizaci\u00f3n impositiva, lucha contra el trabajo esclavo, la explotaci\u00f3n infantil y el narcotr\u00e1fico. Hemos fracasado rotundamente. El Estado siempre estuvo de la vereda de enfrente. Pareciera que resulta c\u00f3modo contar con mafias que ordenan el territorio y neutralizar el trabajo de las organizaciones populares que apostar decididamente a una intervenci\u00f3n que dignifique la vida de los trabajadores excluidos y permita el desarrollo comunitario de la econom\u00eda popular.<\/p>\n<p> Como en 2012, hoy el Estado eligi\u00f3 el bando del Capital, de la concentraci\u00f3n mafiosa de un mercado popular. Con arbitrariedad y prepotencia, defendi\u00f3 los intereses de los poderosos empresarios feriales en contra de los m\u00e1s d\u00e9biles. En pocas horas dejaron sin trabajo a decenas de miles de hermanos nuestros y triplicaron las ya abultadas ganancias de la gran burgues\u00eda del subdesarrollo, aliada al poder pol\u00edtico local, promotora descarada de una salvaje flexibilizaci\u00f3n laboral \u201cde facto\u201d y adalid de la cultura del paco que asolan nuestras barriadas. Este solo acto de concentraci\u00f3n econ\u00f3mica, el Estado le ha dejado a un mill\u00f3n de clientes en manos de las mafias de La Salada. A los trabajadores de la econom\u00eda popular que se ganaban el mango en la Riberita, en cambio, los ha hundido a\u00fan m\u00e1s en la exclusi\u00f3n.<\/p>\n<p> Muchas veces no se entiende lo traum\u00e1tico que puede ser ver una pala mec\u00e1nica solo para destruir asentamientos barriales o como en este caso su \u00fanica fuente de trabajo y no para traer cloaca, agua potable y otros servicios los cuales le den dignidad y mejor calidad de vida. El desalojo de la Riberita adem\u00e1s de concentrar un mercado popular ha cometido un crimen peor: le ha puesto un arma en las manos a miles de pibes y pibas pobres \u2013hoy privados de la dignidad del trabajo.<\/span><a href=\"https:\/\/www.facebook.com\/frentepopulardariosantillan\"><span style=\"font-family: Verdana, sans-serif\">Frente Popular Dar\u00edo Santill\u00e1n<\/span><\/a><span style=\"font-family: Verdana, sans-serif\">, <\/span><a href=\"https:\/\/www.facebook.com\/PGMovimientoPopularArgentinai\"><span style=\"font-family: Verdana, sans-serif\">Patria Grande<\/span><\/a><span style=\"font-family: Verdana, sans-serif\">, <\/span><a href=\"https:\/\/www.facebook.com\/SeamosL\"><span style=\"font-family: Verdana, sans-serif\">Seamos Libres<\/span><\/a><span style=\"font-family: Verdana, sans-serif\">, <\/span><a href=\"https:\/\/www.facebook.com\/corrientevillera\"><span style=\"font-family: Verdana, sans-serif\">Corriente Villera Independiente<\/span><\/a><\/p>\n<p><span style=\"color: blue;font-family: Verdana, sans-serif\">Fuente: Ctep Argentina, Producci\u00f3n Riachuelo<\/span><\/p>\n","protected":false},"excerpt":{"rendered":"<p>BRUTALIDAD CONTRA LOS TRABAJADORESReproducimos&nbsp;y nos solidarizamos Desalojo en la Feria Riberita Topadoras y Concentraci\u00f3n a favor del Capital y contra los Trabajadores Como hace dos a\u00f1os, la vera del Riachuelo amaneci\u00f3 con un cinematogr\u00e1fico operativo. Diez mil puestos de la feria independiente conocida como \u201cLa Riberita\u201d fueron brutalmente destrozados y varios vendedores detenidos. Incomprensiblemente, semejante [&hellip;]<\/p>\n","protected":false},"author":4,"featured_media":0,"comment_status":"open","ping_status":"open","sticky":false,"template":"","format":"standard","meta":{"_monsterinsights_skip_tracking":false,"_monsterinsights_sitenote_active":false,"_monsterinsights_sitenote_note":"","_monsterinsights_sitenote_category":0,"jnews-multi-image_gallery":[],"jnews_single_post":{"format":"standard"},"jnews_primary_category":[],"_joinchat":[],"footnotes":""},"categories":[58],"tags":[64,86,89],"class_list":["post-575","post","type-post","status-publish","format-standard","hentry","category-noticiariachuelo","tag-economia-popular","tag-noti-ctep","tag-violencia-institucional"],"_links":{"self":[{"href":"http:\/\/fmriachuelo.it10.com.ar\/index.php\/wp-json\/wp\/v2\/posts\/575","targetHints":{"allow":["GET"]}}],"collection":[{"href":"http:\/\/fmriachuelo.it10.com.ar\/index.php\/wp-json\/wp\/v2\/posts"}],"about":[{"href":"http:\/\/fmriachuelo.it10.com.ar\/index.php\/wp-json\/wp\/v2\/types\/post"}],"author":[{"embeddable":true,"href":"http:\/\/fmriachuelo.it10.com.ar\/index.php\/wp-json\/wp\/v2\/users\/4"}],"replies":[{"embeddable":true,"href":"http:\/\/fmriachuelo.it10.com.ar\/index.php\/wp-json\/wp\/v2\/comments?post=575"}],"version-history":[{"count":1,"href":"http:\/\/fmriachuelo.it10.com.ar\/index.php\/wp-json\/wp\/v2\/posts\/575\/revisions"}],"predecessor-version":[{"id":23266,"href":"http:\/\/fmriachuelo.it10.com.ar\/index.php\/wp-json\/wp\/v2\/posts\/575\/revisions\/23266"}],"wp:attachment":[{"href":"http:\/\/fmriachuelo.it10.com.ar\/index.php\/wp-json\/wp\/v2\/media?parent=575"}],"wp:term":[{"taxonomy":"category","embeddable":true,"href":"http:\/\/fmriachuelo.it10.com.ar\/index.php\/wp-json\/wp\/v2\/categories?post=575"},{"taxonomy":"post_tag","embeddable":true,"href":"http:\/\/fmriachuelo.it10.com.ar\/index.php\/wp-json\/wp\/v2\/tags?post=575"}],"curies":[{"name":"wp","href":"https:\/\/api.w.org\/{rel}","templated":true}]}}