{"id":5743,"date":"2017-10-04T14:04:25","date_gmt":"2017-10-04T14:04:25","guid":{"rendered":"http:\/\/fmriachuelo.com.ar\/?p=5743"},"modified":"2017-10-04T14:04:25","modified_gmt":"2017-10-04T14:04:25","slug":"encuentro-antirrepresivo-en-casa-popular-el-patio","status":"publish","type":"post","link":"http:\/\/fmriachuelo.it10.com.ar\/index.php\/2017\/10\/04\/encuentro-antirrepresivo-en-casa-popular-el-patio\/","title":{"rendered":"ENCUENTRO ANTIRREPRESIVO EN CASA POPULAR EL PATIO"},"content":{"rendered":"<p>[Fm Riachuelo 04\/10\/2017] El pasado s\u00e1bado 29 de septiembre se realiz\u00f3 en la Casa Popular El Patio de la Organizaci\u00f3n Social y Pol\u00edtica Los Pibes, \u00a0una \u201cCharla- Taller Antirrepresivo\u201d sobre estrategias y herramientas para defenderse de la violencia institucional. Fu\u00e9 organizado por la Cooperativa Letras del Sur junto al Colectivo de Abogad@s \u00a0Limando Rejas y \u00a0acompa\u00f1ados por compa\u00f1eros y vecinos de la plaza Matheu<\/p>\n<p><iframe loading=\"lazy\" title=\"REPORTE RIACHUELO by FMR\" width=\"500\" height=\"400\" scrolling=\"no\" frameborder=\"no\" src=\"https:\/\/w.soundcloud.com\/player\/?visual=true&#038;url=https%3A%2F%2Fapi.soundcloud.com%2Ftracks%2F345104825&#038;show_artwork=true&#038;maxheight=750&#038;maxwidth=500\"><\/iframe><\/p>\n<p>FM Riachuelo 100.9 habl\u00f3 con Santiago, integrante del Colectivo Limando Rejas, que nos explic\u00f3 los objetivos de la reuni\u00f3n, haciendo hincapi\u00e9 en la necesidad de la organizaci\u00f3n social, para poder conjuntamente poner freno a los abusos cometidos desde las distintas fuerzas de seguridad, dijo al respecto: \u00a0\u00abdonde hay organizaci\u00f3n social, la polic\u00eda retrocede\u00bb.<br \/>\nEn el encuentro tambi\u00e9n estuvo presente Lito Borello, Sec. De DDHH de la CTEP, quien subray\u00f3 : \u201cla violencia institucional es un elemento que el Gobierno Nacional lleva adelante criminalizando y reprimiendo a los sectores populares con el objetivo de aplacar la resistencia que estos sectores presentan ante las medidas tomadas por el gobierno\u201d.<\/p>\n<p>Tambi\u00e9n habl\u00f3 sobre la gran convocatoria que tuvo la jornada diciendo: \u00abla participaci\u00f3n fue muy nutrida, y muy rica en diversidad de opiniones, es un tema que nos ocupa, que nos preocupa\u00bb.<\/p>\n<p>Y \u00a0por \u00faltimo se \u00a0refiri\u00f3 al \u201crol fundamental que tienen los medios comunitarios\u201d, present\u00e1ndolos como una faceta imprescindible para \u201clibrar la batalla contra la hegemon\u00eda comunicacional que hoy es parte del poder\u201d.<\/p>\n<p>Lo m\u00e1s destacado del encuentro es la idea de la conformaci\u00f3n de un conjunto de organizaciones, vecinos y abogados que teja, con el intercambio de saberes, una Red para que las personas que padezcan la violencia institucional, sepan c\u00f3mo defenderse y cu\u00e1les son sus derechos.<\/p>\n","protected":false},"excerpt":{"rendered":"<p>[Fm Riachuelo 04\/10\/2017] El pasado s\u00e1bado 29 de septiembre se realiz\u00f3 en la Casa Popular El Patio de la Organizaci\u00f3n Social y Pol\u00edtica Los Pibes, \u00a0una \u201cCharla- Taller Antirrepresivo\u201d sobre estrategias y herramientas para defenderse de la violencia institucional. Fu\u00e9 organizado por la Cooperativa Letras del Sur junto al Colectivo de Abogad@s \u00a0Limando Rejas y [&hellip;]<\/p>\n","protected":false},"author":5,"featured_media":5745,"comment_status":"open","ping_status":"open","sticky":false,"template":"","format":"standard","meta":{"_monsterinsights_skip_tracking":false,"_monsterinsights_sitenote_active":false,"_monsterinsights_sitenote_note":"","_monsterinsights_sitenote_category":0,"jnews-multi-image_gallery":[],"jnews_single_post":[],"jnews_primary_category":[],"_joinchat":[],"footnotes":""},"categories":[78,79,76,77],"tags":[],"class_list":["post-5743","post","type-post","status-publish","format-standard","has-post-thumbnail","hentry","category-economia-popular","category-nadie-se-salva-solo","category-salud-comunitaria","category-soberania"],"_links":{"self":[{"href":"http:\/\/fmriachuelo.it10.com.ar\/index.php\/wp-json\/wp\/v2\/posts\/5743","targetHints":{"allow":["GET"]}}],"collection":[{"href":"http:\/\/fmriachuelo.it10.com.ar\/index.php\/wp-json\/wp\/v2\/posts"}],"about":[{"href":"http:\/\/fmriachuelo.it10.com.ar\/index.php\/wp-json\/wp\/v2\/types\/post"}],"author":[{"embeddable":true,"href":"http:\/\/fmriachuelo.it10.com.ar\/index.php\/wp-json\/wp\/v2\/users\/5"}],"replies":[{"embeddable":true,"href":"http:\/\/fmriachuelo.it10.com.ar\/index.php\/wp-json\/wp\/v2\/comments?post=5743"}],"version-history":[{"count":0,"href":"http:\/\/fmriachuelo.it10.com.ar\/index.php\/wp-json\/wp\/v2\/posts\/5743\/revisions"}],"wp:featuredmedia":[{"embeddable":true,"href":"http:\/\/fmriachuelo.it10.com.ar\/index.php\/wp-json\/wp\/v2\/media\/5745"}],"wp:attachment":[{"href":"http:\/\/fmriachuelo.it10.com.ar\/index.php\/wp-json\/wp\/v2\/media?parent=5743"}],"wp:term":[{"taxonomy":"category","embeddable":true,"href":"http:\/\/fmriachuelo.it10.com.ar\/index.php\/wp-json\/wp\/v2\/categories?post=5743"},{"taxonomy":"post_tag","embeddable":true,"href":"http:\/\/fmriachuelo.it10.com.ar\/index.php\/wp-json\/wp\/v2\/tags?post=5743"}],"curies":[{"name":"wp","href":"https:\/\/api.w.org\/{rel}","templated":true}]}}