{"id":5739,"date":"2017-10-04T13:13:07","date_gmt":"2017-10-04T13:13:07","guid":{"rendered":"http:\/\/fmriachuelo.com.ar\/?p=5739"},"modified":"2017-10-04T13:13:07","modified_gmt":"2017-10-04T13:13:07","slug":"feriazo-en-plaza-de-mayo-en-reclamo-por-los-derechos-de-los-pequenos-agricultores","status":"publish","type":"post","link":"http:\/\/fmriachuelo.it10.com.ar\/index.php\/2017\/10\/04\/feriazo-en-plaza-de-mayo-en-reclamo-por-los-derechos-de-los-pequenos-agricultores\/","title":{"rendered":"FERIAZO EN PLAZA DE MAYO EN RECLAMO POR LOS DERECHOS DE LOS PEQUE\u00d1OS AGRICULTORES"},"content":{"rendered":"<p>[FM Riachuelo 03\/10\/2017]\u00a0Los peque\u00f1os productores este martes por la ma\u00f1ana realizaron un reclamo frente al Congreso Nacional y posteriormente realizaron un FERIAZO en \u00a0Plaza de Mayo. La protesta tambi\u00e9n \u00a0se llev\u00f3 a cabo en diferentes puntos del pa\u00eds.<\/p>\n<p>Los motivos del reclamo fueron, la exigencia al Gobierno para que se generen pol\u00edticas p\u00fablicas \u00a0para el sector campesino y \u00a0peque\u00f1os productores. Piden por la reglamentaci\u00f3n de la Ley de Acceso Justo a la Tierra,la Ley de Agricultura Familiar y Ley de Emergencia Alimentaria, como as\u00ed tambi\u00e9n acceder a subsidios del Estado para poder hacerle frente a situaciones cr\u00edticas, tales como inundaciones y sequ\u00edas.<\/p>\n<p><iframe loading=\"lazy\" title=\"03-10-2017 - COBERTURA FERIAZO DE CONGRESO A PLAZA DE MAYO by FMR\" width=\"500\" height=\"450\" scrolling=\"no\" frameborder=\"no\" src=\"https:\/\/w.soundcloud.com\/player\/?visual=true&#038;url=https%3A%2F%2Fapi.soundcloud.com%2Fplaylists%2F357332968&#038;show_artwork=true&#038;maxheight=750&#038;maxwidth=500\"><\/iframe><\/p>\n<p>Los agricultores que se hicieron presentes frente al Congreso Nacional \u00a0aseguran que \u00e9ste gobierno desde que asumi\u00f3 el poder, s\u00f3lo ejecuta medidas que perjudican al sector de peque\u00f1os productores agropecuarios, favoreciendo \u00a0de esa forma a los grandes.<\/p>\n<p>Los \u00a0peque\u00f1os productores y campesinos, a modo de protesta, instalaron una feria en Plaza de Mayo con la intenci\u00f3n de demostrarle al consumidor que actualmente las verduras las esta pagando 400 veces m\u00e1s caras \u00a0en referencia al precio de costo.<\/p>\n<p>\u201cCuando se lanz\u00f3 el Programa Cambio Rural, que brinda asistencia t\u00e9cnica a los productores de la econom\u00eda social, se puso una cl\u00e1usula en donde solo pod\u00edan acceder \u201clos nacidos en suelo argentino\u201d. \u00a0\u00c9sto deja afuera a los productores bolivianos que son los principales agricultores en nuestro pa\u00eds\u201d, explic\u00f3 <strong><em>Nahuel Levaggi<\/em><\/strong> referente de Uni\u00f3n de Trabajadores de la Tierra (UTT).<\/p>\n<p>FM Riachuelo 100.9 se hizo presente en el lugar y hablo con<strong><em> Mercedes Taboada,<\/em><\/strong>integrante del Movimiento Nacional Campesino Ind\u00edgena,quien enumer\u00f3 los motivos de la protesta: \u201cestamos en una emergencia terminal, la econom\u00eda campesina reclama pol\u00edticas p\u00fablicas serias para las econom\u00edas regionales. Pedimos la implementaci\u00f3n y reglamentaci\u00f3n de la Ley de Agricultura Familiar, el tratamiento del proyecto de Ley de Acceso Justo a la Tierra y la Ley de Emergencia Alimentaria.\u201d<\/p>\n<p><strong><em>Sebasti\u00e1n Fajardo,<\/em><\/strong>Delegado de Asociaci\u00f3n de Trabajadores del Estado (ATE) y trabajador del Instituto Nacional de Tecnolog\u00eda Agropecuaria (INTA) tambi\u00e9n apoyando el reclamo dijo: \u201centendemos que es importante unificar\u00a0 las peleas\u00a0 entre los trabajadores del estado y los\u00a0 productores para de alguna manera torcerle el brazo a este gobierno\u201d.<\/p>\n<p><strong>LOS TRABAJADORES DE LA ECONOM\u00cdA POPULAR SIGUEN LUCHANDO EN LA CALLE Y EN UNIDAD POR LOGRAR LA INDEPENDENCIA ALIMENTARIA!!<\/strong><\/p>\n<p>&nbsp;<\/p>\n","protected":false},"excerpt":{"rendered":"<p>[FM Riachuelo 03\/10\/2017]\u00a0Los peque\u00f1os productores este martes por la ma\u00f1ana realizaron un reclamo frente al Congreso Nacional y posteriormente realizaron un FERIAZO en \u00a0Plaza de Mayo. La protesta tambi\u00e9n \u00a0se llev\u00f3 a cabo en diferentes puntos del pa\u00eds. Los motivos del reclamo fueron, la exigencia al Gobierno para que se generen pol\u00edticas p\u00fablicas \u00a0para el [&hellip;]<\/p>\n","protected":false},"author":5,"featured_media":5740,"comment_status":"open","ping_status":"open","sticky":false,"template":"","format":"standard","meta":{"_monsterinsights_skip_tracking":false,"_monsterinsights_sitenote_active":false,"_monsterinsights_sitenote_note":"","_monsterinsights_sitenote_category":0,"jnews-multi-image_gallery":[],"jnews_single_post":[],"jnews_primary_category":[],"_joinchat":[],"footnotes":""},"categories":[78,76,74],"tags":[],"class_list":["post-5739","post","type-post","status-publish","format-standard","has-post-thumbnail","hentry","category-economia-popular","category-salud-comunitaria","category-san-cayetano"],"_links":{"self":[{"href":"http:\/\/fmriachuelo.it10.com.ar\/index.php\/wp-json\/wp\/v2\/posts\/5739","targetHints":{"allow":["GET"]}}],"collection":[{"href":"http:\/\/fmriachuelo.it10.com.ar\/index.php\/wp-json\/wp\/v2\/posts"}],"about":[{"href":"http:\/\/fmriachuelo.it10.com.ar\/index.php\/wp-json\/wp\/v2\/types\/post"}],"author":[{"embeddable":true,"href":"http:\/\/fmriachuelo.it10.com.ar\/index.php\/wp-json\/wp\/v2\/users\/5"}],"replies":[{"embeddable":true,"href":"http:\/\/fmriachuelo.it10.com.ar\/index.php\/wp-json\/wp\/v2\/comments?post=5739"}],"version-history":[{"count":0,"href":"http:\/\/fmriachuelo.it10.com.ar\/index.php\/wp-json\/wp\/v2\/posts\/5739\/revisions"}],"wp:featuredmedia":[{"embeddable":true,"href":"http:\/\/fmriachuelo.it10.com.ar\/index.php\/wp-json\/wp\/v2\/media\/5740"}],"wp:attachment":[{"href":"http:\/\/fmriachuelo.it10.com.ar\/index.php\/wp-json\/wp\/v2\/media?parent=5739"}],"wp:term":[{"taxonomy":"category","embeddable":true,"href":"http:\/\/fmriachuelo.it10.com.ar\/index.php\/wp-json\/wp\/v2\/categories?post=5739"},{"taxonomy":"post_tag","embeddable":true,"href":"http:\/\/fmriachuelo.it10.com.ar\/index.php\/wp-json\/wp\/v2\/tags?post=5739"}],"curies":[{"name":"wp","href":"https:\/\/api.w.org\/{rel}","templated":true}]}}