{"id":572,"date":"2015-04-13T07:07:00","date_gmt":"2015-04-13T07:07:00","guid":{"rendered":"http:\/\/fmriachuelo.observatorioess.org.ar\/index.php\/2015\/04\/13\/cumbre-de-los-pueblos-ratifica-america-latina-como-zona-de-paz\/"},"modified":"2025-03-28T14:01:46","modified_gmt":"2025-03-28T17:01:46","slug":"cumbre-de-los-pueblos-ratifica-america-latina-como-zona-de-paz","status":"publish","type":"post","link":"http:\/\/fmriachuelo.it10.com.ar\/index.php\/2015\/04\/13\/cumbre-de-los-pueblos-ratifica-america-latina-como-zona-de-paz\/","title":{"rendered":"CUMBRE DE LOS PUEBLOS RATIFICA AM\u00c9RICA LATINA COMO ZONA DE PAZ"},"content":{"rendered":"<div><a href=\"http:\/\/www.granma.cu\/file\/img\/2015\/04\/medium\/f0032953.jpg\" style=\"clear: left;float: left;margin-bottom: 1em;margin-right: 1em\"><img loading=\"lazy\" decoding=\"async\" alt=\"CUMBRE DE LOS PUEBLOS \" border=\"0\" src=\"http:\/\/www.granma.cu\/file\/img\/2015\/04\/medium\/f0032953.jpg\" height=\"195\" width=\"320\" \/><\/a><b><span style=\"color: red;font-family: Verdana, sans-serif;font-size: large\">LOS PUEBLOS EXIGEN DIGNIDAD Y PAZ<\/span><\/b><\/div>\n<div><\/div>\n<p><span style=\"font-family: Verdana, sans-serif\"><b>[Panam\u00e1 12\/4\/15]&nbsp;<\/b><\/span><b><span style=\"font-family: Verdana, sans-serif\">Los delegados a esta cita conminaron al presidente estadounidense, Barack Obama, a \u201cderogar inmediatamente\u201d la or\u00adden ejecutiva que pretende se\u00f1alar a Ve\u00adnezuela como una amenaza a la seguridad nacional de su pa\u00eds y que mereci\u00f3 el rechazo un\u00e1nime del continente.&nbsp;<\/span><span style=\"font-family: Verdana, sans-serif\">Los presidentes de Venezuela, Nicol\u00e1s Maduro, y de Ecuador, Rafael Correa, insistieron en que hay que seguir luchando por la igualdad y la justicia social en la regi\u00f3n.<\/span><\/b><\/p>\n<div><a href=\"http:\/\/www.granma.cu\/file\/img\/2015\/04\/medium\/f0033087.jpg\" style=\"clear: left;float: left;margin-bottom: 1em;margin-right: 1em\"><img loading=\"lazy\" decoding=\"async\" border=\"0\" src=\"http:\/\/www.granma.cu\/file\/img\/2015\/04\/medium\/f0033087.jpg\" height=\"200\" style=\"cursor: move\" width=\"143\" \/><\/a><span style=\"font-family: Verdana, sans-serif\">Durante el acto de clausura de la Cumbre de los Pueblos en Panam\u00e1, el mandatario venezolano afirm\u00f3 que el encuentro evidenci\u00f3 \u201cla victoria de la paz\u201d, inform\u00f3 Telesur.<\/p>\n<p>En su alocuci\u00f3n frente a l\u00edderes sociales, Maduro denunci\u00f3 que la Cumbre de los Pue\u00adblos \u201cha sido cubierta por algunos me\u00addios de comunicaci\u00f3n, porque los pueblos no existen para las oligarqu\u00edas, solo sirven cuando van a buscar los votos\u201d.<\/span><br \/><a name='more'><\/a><span style=\"font-family: Verdana, sans-serif\">\u201cHoy, gracias al legado del Comandante Hugo Ch\u00e1vez, de Fidel Castro Ruz, Rafael Co\u00adrrea, Evo Morales, N\u00e9stor Kichner, como dijera la presidenta Cristina hace a\u00f1os, primera vez en la historia conocida que los presidentes se parecen a sus pueblos\u201d, destac\u00f3 Ma\u00adduro.<\/p>\n<p>El mandatario tambi\u00e9n resalt\u00f3 la participaci\u00f3n del presidente de Cuba, Ra\u00fal Castro, en la VII Cumbre de Las Am\u00e9ricas. \u201cSu entrada es otra de las absoluciones de la historia\u201d, asegur\u00f3.<\/p>\n<p>Por su parte, el jefe de Estado ecuatoriano, Rafael Correa, indic\u00f3 que \u201cla VII Cumbre de las Am\u00e9ricas fue una Cumbre hist\u00f3rica en la que se evidenci\u00f3 que jam\u00e1s vamos a ser el patio trasero de nadie\u201d.<\/p>\n<p>El expresidente de Honduras, Manuel Ze\u00adlaya, tambi\u00e9n estuvo presente en el cierre de la Cumbre de los Pueblos.<br \/>Al inicio del acto, Sa\u00fal M\u00e9ndez, dirigente sindical, dijo que durante la Cumbre \u201chemos debatido acciones y encuentros comunes en diversas mesas de trabajo\u201d.<\/p>\n<p>\u201cEsta Cumbre permiti\u00f3 que por primera vez un artista de la talla de Silvio Rodr\u00edguez se presentara en nuestro pa\u00eds, esta cumbre permiti\u00f3 que el presidente de Bolivia compartiera con sus hermanos de los pueblos de Pa\u00adnam\u00e1 y participara en un partido de f\u00fatbol en el que nos venci\u00f3 con magistrales goles\u2026 Esta cumbre nos ha permitido tener hoy con nosotros a estos genuinos l\u00edderes\u201d de La\u00adti\u00adnoam\u00e9rica.<br \/>Foto: Ismael Francisco<\/span><span style=\"font-family: Verdana, sans-serif\">Asimismo, el l\u00edder sindicalista rindi\u00f3 honores al l\u00edder revolucionario Ernesto Che Gue\u00advara, cuyo asesino estuvo presente en Pa\u00adnam\u00e1, lo que fue rechazado por el pueblo.<\/p>\n<p>Este encuentro de los pueblos, a diferencia de la VII Cumbre de la Am\u00e9ricas, s\u00ed tuvo una declaraci\u00f3n final en la que se proclam\u00f3 a Am\u00e9rica Latina y el Caribe como zona de paz.<\/p>\n<p>La declaraci\u00f3n rechaza adem\u00e1s el acoso militar, agresiones y amenazas de toda \u00edndole que despliegan Estados Unidos y sus aliados estrat\u00e9gicos.<\/p>\n<p>Seg\u00fan informa PL, el documento fue aprobado por los m\u00e1s de tres mil 500 representantes de organizaciones obreras, sindicales, cam\u00adpesinas, pueblos originarios, estudiantiles, de mujeres, sociales y del movimiento popular del continente, reunidos en el Paraninfo de la Universidad de Panam\u00e1.<\/p>\n<p>\u201cPor eso, apoyamos las declaraciones de la Secretar\u00eda General de Unasur (Uni\u00f3n de Na\u00adciones Suramericanas) que solicita la exclusi\u00f3n de todas las bases militares en nuestra Regi\u00f3n de Paz y la afirmaci\u00f3n de que ning\u00fan pa\u00eds tiene derecho a juzgar la conducta de otro ni much\u00edsimo menos a imponerle sanciones o castigos por cuenta propia\u201d, se\u00f1ala el texto.<\/p>\n<p>Exigimos el levantamiento inmediato e in\u00adcondicional del bloqueo genocida contra la Rep\u00fablica de Cuba por parte del Gobierno de Estados Unidos, sin m\u00e1s condici\u00f3n que la del respeto a las leyes internacionales y a la Carta de Naciones Unidas, recalca la Declaraci\u00f3n.<\/p>\n<p>Igualmente los delegados a esta cita conminaron al presidente estadounidense, Barack Obama, a \u201cderogar inmediatamente\u201d la or\u00adden ejecutiva que pretende se\u00f1alar a Ve\u00adnezuela como una amenaza a la seguridad nacional de su pa\u00eds y que mereci\u00f3 el rechazo un\u00e1nime del continente.<br \/>Foto: Ismael Francisco<\/p>\n<p>\u201cNosotros, los Pueblos de Am\u00e9rica, reafirmamos que Puerto Rico es una naci\u00f3n latinoamericana y caribe\u00f1a, con su propia e inconfundible identidad e historia, cuyos derechos a la independencia y la soberan\u00eda son violados por una tutela colonial impuesta hace m\u00e1s de un siglo de forma ilegal, injusta e inmoral por parte del imperialismo norteamericano\u201d, agrega el texto.<\/p>\n<p>Hicieron patente adem\u00e1s, su apoyo a la paz en Colombia y solicitaron que se construya un proceso firme y con justicia social para facilitar su \u00e9xito. Tambi\u00e9n apoyaron la recuperaci\u00f3n por Argentina de las Islas Malvinas y el reclamo de Bolivia de contar con una salida al mar.<\/p>\n<p>Los firmantes demandaron el inmediato retiro de las tropas de ocupaci\u00f3n de Hait\u00ed y exigen al Gobierno de M\u00e9xico el esclarecimiento de la desaparici\u00f3n forzosa de los 43 estudiantes en Ayotzinapa.<\/p>\n<p>\u201cManifestamos la necesidad imperiosa de la construcci\u00f3n y profundizaci\u00f3n de una sociedad nueva, con justicia social y con equidad de g\u00e9nero, con la participaci\u00f3n activa de los j\u00f3venes y de los diferentes actores sociales, con la solidaridad como un principio fundamental para el desarrollo integral y soberano de nuestros pueblos. Una verdadera democracia\u201d, asegura el documento.<\/p>\n<p>Particular pronunciamiento contra las pol\u00edticas neoliberales incluye la declaraci\u00f3n en tanto las consideran \u201ceficaz instrumento para profundizar la pobreza, la miseria, la desi\u00adgualdad, la exclusi\u00f3n y la m\u00e1s injusta distribuci\u00f3n de la riqueza que se conoce\u201d.<\/p>\n<p>Por ello llaman a luchar y defender los recursos naturales, la biodiversidad, la so\u00adberan\u00eda alimentaria, las conquistas y derechos sociales, entre ellos, empleo, trabajo, seguridad social, libertad sindical, entre otros problemas que aquejan hoy a las ma\u00adyor\u00edas.<\/p>\n<p>Saludaron la iniciativa de crear el bloque de trabajadores del ALBA, lo que ayuda a la necesidad de unidad con el objetivo de construir una correlaci\u00f3n de fuerzas que permita sustituir el poder dominante por otro que defienda los intereses populares.<\/span><\/div>\n<div><span style=\"font-family: Verdana, sans-serif\"><br \/><\/span><\/div>\n<div><span style=\"color: #0b5394;font-family: Verdana, sans-serif;font-size: x-small\"><b>FUENTES: TELESUR\/PRENSA LATINA\/GRANMA<\/b><\/span><\/div>\n","protected":false},"excerpt":{"rendered":"<p>LOS PUEBLOS EXIGEN DIGNIDAD Y PAZ [Panam\u00e1 12\/4\/15]&nbsp;Los delegados a esta cita conminaron al presidente estadounidense, Barack Obama, a \u201cderogar inmediatamente\u201d la or\u00adden ejecutiva que pretende se\u00f1alar a Ve\u00adnezuela como una amenaza a la seguridad nacional de su pa\u00eds y que mereci\u00f3 el rechazo un\u00e1nime del continente.&nbsp;Los presidentes de Venezuela, Nicol\u00e1s Maduro, y de Ecuador, [&hellip;]<\/p>\n","protected":false},"author":4,"featured_media":0,"comment_status":"open","ping_status":"open","sticky":false,"template":"","format":"standard","meta":{"_monsterinsights_skip_tracking":false,"_monsterinsights_sitenote_active":false,"_monsterinsights_sitenote_note":"","_monsterinsights_sitenote_category":0,"jnews-multi-image_gallery":[],"jnews_single_post":{"format":"standard"},"jnews_primary_category":[],"_joinchat":[],"footnotes":""},"categories":[58],"tags":[70,167],"class_list":["post-572","post","type-post","status-publish","format-standard","hentry","category-noticiariachuelo","tag-de-la-patria-grande","tag-politica-internacional"],"_links":{"self":[{"href":"http:\/\/fmriachuelo.it10.com.ar\/index.php\/wp-json\/wp\/v2\/posts\/572","targetHints":{"allow":["GET"]}}],"collection":[{"href":"http:\/\/fmriachuelo.it10.com.ar\/index.php\/wp-json\/wp\/v2\/posts"}],"about":[{"href":"http:\/\/fmriachuelo.it10.com.ar\/index.php\/wp-json\/wp\/v2\/types\/post"}],"author":[{"embeddable":true,"href":"http:\/\/fmriachuelo.it10.com.ar\/index.php\/wp-json\/wp\/v2\/users\/4"}],"replies":[{"embeddable":true,"href":"http:\/\/fmriachuelo.it10.com.ar\/index.php\/wp-json\/wp\/v2\/comments?post=572"}],"version-history":[{"count":1,"href":"http:\/\/fmriachuelo.it10.com.ar\/index.php\/wp-json\/wp\/v2\/posts\/572\/revisions"}],"predecessor-version":[{"id":23270,"href":"http:\/\/fmriachuelo.it10.com.ar\/index.php\/wp-json\/wp\/v2\/posts\/572\/revisions\/23270"}],"wp:attachment":[{"href":"http:\/\/fmriachuelo.it10.com.ar\/index.php\/wp-json\/wp\/v2\/media?parent=572"}],"wp:term":[{"taxonomy":"category","embeddable":true,"href":"http:\/\/fmriachuelo.it10.com.ar\/index.php\/wp-json\/wp\/v2\/categories?post=572"},{"taxonomy":"post_tag","embeddable":true,"href":"http:\/\/fmriachuelo.it10.com.ar\/index.php\/wp-json\/wp\/v2\/tags?post=572"}],"curies":[{"name":"wp","href":"https:\/\/api.w.org\/{rel}","templated":true}]}}