{"id":5711,"date":"2017-09-28T03:26:58","date_gmt":"2017-09-28T03:26:58","guid":{"rendered":"http:\/\/fmriachuelo.com.ar\/?p=5711"},"modified":"2017-09-28T03:26:58","modified_gmt":"2017-09-28T03:26:58","slug":"movilizacion-de-organizaciones-por-la-prorroga-de-la-ley-26160-media-sancion-en-el-senado","status":"publish","type":"post","link":"http:\/\/fmriachuelo.it10.com.ar\/index.php\/2017\/09\/28\/movilizacion-de-organizaciones-por-la-prorroga-de-la-ley-26160-media-sancion-en-el-senado\/","title":{"rendered":"MOVILIZACI\u00d3N DE ORGANIZACIONES POR LA PRORROGA DE LA LEY 26160, MEDIA SANCI\u00d3N EN EL SENADO"},"content":{"rendered":"<p>[FM Riachuelo 27\/09\/2017] En horas del medio d\u00eda de hoy organizaciones sociales, populares y pol\u00edticas realizaron una multitudinaria movilizaci\u00f3n, \u00a0frente al Congreso Nacional, \u00a0que en el d\u00eda de hoy trataba la prorroga de la Ley 26.160, que suspende los desalojos de las tierras que habitan las comunidades originarias de todo el pais. La masiva presencia impuls\u00f3 que a \u00faltima hora de la tarde se diera media sanci\u00f3n en el Senado a la ley que ahora ser\u00e1 tratada en la C\u00e1mara de Diputados.<\/p>\n<p>Escuch\u00e1 los distintos testimonios de la <span style=\"color: #ff0000\"><strong>Cobertura Riachuelo<\/strong><\/span>:<\/p>\n<p>Masiva presencia de organizaciones de la econom\u00eda popular, junto a otras representaciones que acompa\u00f1aron a los pueblos originarios que vienen acampando frente al Congreso Nacional, y que llegaron de distintos puntos del pa\u00eds,al que se sumaron tambi\u00e9n desde las asociaciones gremiales, \u00a0pol\u00edticas y culturales. Una imperiosa necesidad de amparar a las comunidades que habitan ancestralmente y que forman parte de su acervo hist\u00f3rico y cultural. Frente a las pol\u00edticas de criminalizaci\u00f3n y expulsi\u00f3n del gobierno nacional que transfiere los recursos a las grandes corporaciones, hoy se hicieron presentes los representantes del conjunto del pueblo como muestra de solidaridad y en defensa de la madre tierra.<\/p>\n<p>&nbsp;<\/p>\n","protected":false},"excerpt":{"rendered":"<p>[FM Riachuelo 27\/09\/2017] En horas del medio d\u00eda de hoy organizaciones sociales, populares y pol\u00edticas realizaron una multitudinaria movilizaci\u00f3n, \u00a0frente al Congreso Nacional, \u00a0que en el d\u00eda de hoy trataba la prorroga de la Ley 26.160, que suspende los desalojos de las tierras que habitan las comunidades originarias de todo el pais. La masiva presencia [&hellip;]<\/p>\n","protected":false},"author":5,"featured_media":5712,"comment_status":"open","ping_status":"open","sticky":false,"template":"","format":"standard","meta":{"_monsterinsights_skip_tracking":false,"_monsterinsights_sitenote_active":false,"_monsterinsights_sitenote_note":"","_monsterinsights_sitenote_category":0,"jnews-multi-image_gallery":[],"jnews_single_post":[],"jnews_primary_category":[],"_joinchat":[],"footnotes":""},"categories":[76,74],"tags":[],"class_list":["post-5711","post","type-post","status-publish","format-standard","has-post-thumbnail","hentry","category-salud-comunitaria","category-san-cayetano"],"_links":{"self":[{"href":"http:\/\/fmriachuelo.it10.com.ar\/index.php\/wp-json\/wp\/v2\/posts\/5711","targetHints":{"allow":["GET"]}}],"collection":[{"href":"http:\/\/fmriachuelo.it10.com.ar\/index.php\/wp-json\/wp\/v2\/posts"}],"about":[{"href":"http:\/\/fmriachuelo.it10.com.ar\/index.php\/wp-json\/wp\/v2\/types\/post"}],"author":[{"embeddable":true,"href":"http:\/\/fmriachuelo.it10.com.ar\/index.php\/wp-json\/wp\/v2\/users\/5"}],"replies":[{"embeddable":true,"href":"http:\/\/fmriachuelo.it10.com.ar\/index.php\/wp-json\/wp\/v2\/comments?post=5711"}],"version-history":[{"count":0,"href":"http:\/\/fmriachuelo.it10.com.ar\/index.php\/wp-json\/wp\/v2\/posts\/5711\/revisions"}],"wp:featuredmedia":[{"embeddable":true,"href":"http:\/\/fmriachuelo.it10.com.ar\/index.php\/wp-json\/wp\/v2\/media\/5712"}],"wp:attachment":[{"href":"http:\/\/fmriachuelo.it10.com.ar\/index.php\/wp-json\/wp\/v2\/media?parent=5711"}],"wp:term":[{"taxonomy":"category","embeddable":true,"href":"http:\/\/fmriachuelo.it10.com.ar\/index.php\/wp-json\/wp\/v2\/categories?post=5711"},{"taxonomy":"post_tag","embeddable":true,"href":"http:\/\/fmriachuelo.it10.com.ar\/index.php\/wp-json\/wp\/v2\/tags?post=5711"}],"curies":[{"name":"wp","href":"https:\/\/api.w.org\/{rel}","templated":true}]}}