{"id":570,"date":"2015-04-13T11:59:00","date_gmt":"2015-04-13T11:59:00","guid":{"rendered":"http:\/\/fmriachuelo.observatorioess.org.ar\/index.php\/2015\/04\/13\/la-patria-grande-territorio-de-paz\/"},"modified":"2025-03-28T14:03:55","modified_gmt":"2025-03-28T17:03:55","slug":"la-patria-grande-territorio-de-paz","status":"publish","type":"post","link":"http:\/\/fmriachuelo.it10.com.ar\/index.php\/2015\/04\/13\/la-patria-grande-territorio-de-paz\/","title":{"rendered":"LA PATRIA GRANDE TERRITORIO DE PAZ"},"content":{"rendered":"<div style=\"margin-bottom: 0pt;text-align: left\"><span style=\"color: red;font-family: Verdana, sans-serif;font-size: large\"><b>EL ACAMPE ANTIMPERIALISTA<\/b><\/span><br \/><a href=\"http:\/\/4.bp.blogspot.com\/-2cQ_c-W1fow\/VSuoXdBu6DI\/AAAAAAAADxY\/xSxWPa_8Ow8\/s1600\/553306_875443969181453_5820381883312397221_n.jpg\" style=\"clear: left;float: left;margin-bottom: 1em;margin-right: 1em\"><img loading=\"lazy\" decoding=\"async\" border=\"0\" src=\"http:\/\/4.bp.blogspot.com\/-2cQ_c-W1fow\/VSuoXdBu6DI\/AAAAAAAADxY\/xSxWPa_8Ow8\/s1600\/553306_875443969181453_5820381883312397221_n.jpg\" height=\"172\" width=\"400\" \/><\/a><b style=\"color: #222222;font-family: Verdana, sans-serif\"><\/b><br \/><b style=\"color: #222222;font-family: Verdana, sans-serif\"><b style=\"color: #222222;font-family: Verdana, sans-serif\"><br \/><\/b><\/b><b style=\"color: #222222;font-family: Verdana, sans-serif\"><b style=\"color: #222222;font-family: Verdana, sans-serif\"><br \/><\/b><\/b><b style=\"color: #222222;font-family: Verdana, sans-serif\"><b style=\"color: #222222;font-family: Verdana, sans-serif\"><br \/><\/b><\/b><b style=\"color: #222222;font-family: Verdana, sans-serif\"><b style=\"color: #222222;font-family: Verdana, sans-serif\"><br \/><\/b><\/b><b style=\"color: #222222;font-family: Verdana, sans-serif\"><b style=\"color: #222222;font-family: Verdana, sans-serif\"><br \/><\/b><\/b><b style=\"color: #222222;font-family: Verdana, sans-serif\"><b style=\"color: #222222;font-family: Verdana, sans-serif\"><br \/><\/b><\/b><b style=\"color: #222222;font-family: Verdana, sans-serif\"><b style=\"color: #222222;font-family: Verdana, sans-serif\"><br \/><\/b><\/b><b style=\"color: #222222;font-family: Verdana, sans-serif\"><b style=\"color: #222222;font-family: Verdana, sans-serif\"><br \/><\/b><\/b><b style=\"color: #222222;font-family: Verdana, sans-serif\"><b style=\"color: #222222;font-family: Verdana, sans-serif\"><br \/><\/b><\/b><b style=\"color: #222222;font-family: Verdana, sans-serif\"><b style=\"color: #222222;font-family: Verdana, sans-serif\"><br \/><\/b><\/b><b style=\"color: #222222;font-family: Verdana, sans-serif\"><b style=\"color: #222222;font-family: Verdana, sans-serif\"><br \/><\/b><\/b><b style=\"color: #222222;font-family: Verdana, sans-serif\">Mientras se iniciaba la VII Cumbre de las Am\u00e9ricas en Panam\u00e1 y los presid<\/b><b style=\"color: #222222;font-family: Verdana, sans-serif\">entes de todo el continente iban arribando, los pueblos organizados de distintas latitudes de la Patria Grande mostraron su presencia.<\/b><\/p>\n<div style=\"margin-bottom: 0pt\"><span style=\"color: #222222\"><span style=\"font-family: Verdana, sans-serif\"><b>En la Ciudad de Buenos Aires, nuevamente el pueblo organizado le dijo NO a la amenaza, la barbarie, la extorsi\u00f3n y a la presencia imperial en sus territorios.<\/b><\/span><\/span><\/div>\n<div style=\"margin-bottom: 0pt\"><span style=\"color: #222222\"><span style=\"font-family: Verdana, sans-serif\"><b>Un importante n\u00famero de organizaciones sociales y pol\u00edticas confluyeron este viernes en un acto multitudinario frente a la Embajada de los Estados Unidos para repudiar la amenaza que pesa sobre Venezuela y la Patria Grande. Desde Plaza Italia una numerosa columna de militantes organizados march\u00f3 por la Av. Sarmiento hasta la sede de la delegaci\u00f3n extranjera en el pa\u00eds.<\/b><\/span><\/span><br \/><span style=\"color: #222222\"><span style=\"font-family: Verdana, sans-serif\"><b><br \/><\/b><\/span><\/span><span style=\"color: #0b5394;font-family: Verdana, sans-serif\"><b><a href=\"http:\/\/www.mediafire.com\/listen\/tnm6urvx36osbvv\/04-10-2015_-_LITO_BORELLO_-_OSPLP_-_ACAMPE_FEDERAL.mp3\">LITO BORELLO OSyP LOS PIBES<\/a><\/b><\/span><br \/><span style=\"color: #0b5394;font-family: Verdana, sans-serif\"><b><a href=\"http:\/\/www.mediafire.com\/listen\/qn8u1e3tc03lki0\/20150410_-_AZNARES_-_COINCIDIMOS_CON_LOS_COMPA%C3%91EROS_DE_PANAMA.mp3\">CARLOS AZNAREZ RESUMEN LATINOAMERICANO<\/a><\/b><\/span><br \/><b style=\"font-family: Verdana, sans-serif\"><span style=\"color: #0b5394\"><a href=\"http:\/\/www.mediafire.com\/listen\/kmchqha68375mtb\/04-10-2015_-_BOLI_LESCANO_-_QUEBRACHO_-_ACAMPE_FEDERAL.mp3\">BOLI LEZCANO QUEBRACHO<\/a><\/span><\/b><br \/><span style=\"color: #0b5394;font-family: Verdana, sans-serif\"><b><a href=\"http:\/\/www.mediafire.com\/listen\/qdrks4ejf1xeasp\/SALVADOR_SALAS_-_ALEXIS_VIVE_-_VENEZUELA.mp3\">SALVADOR SALAS DE ALEXIS VIVE (VZA)<\/a><\/b><\/span><br \/><span style=\"color: #0b5394;font-family: Verdana, sans-serif\"><b><a href=\"http:\/\/www.mediafire.com\/listen\/26agn5nw7w6p41w\/20150410_-_WALTER_FORMENO,_ENPL_-_OBAMA_TUVO_QUE_SALIR_A_LA_LUZ.mp3\">WALTER FORMENTO ENPL<\/a><\/b><\/span><br \/><span style=\"color: #0b5394;font-family: Verdana, sans-serif\"><b><a href=\"http:\/\/www.mediafire.com\/listen\/g5417q5ljcgx6zd\/20150410_-_ROBERTO_PERDIA,_OLP_-_LOS_PUEBLOS_TIENEN_SUS_PROPIAS_ESTRATEGIAS.mp3\">ROBERTO PERD\u00cdA OLP<\/a><\/b><\/span><br \/><span style=\"color: #0b5394;font-family: Verdana, sans-serif\"><b><a href=\"http:\/\/www.mediafire.com\/listen\/znwh7u5qn33f34g\/20150410_-_CARINA_LOPEZ_MONJA,_FPDS_-_LAS_ORGANIZACIONES_CONFLUIMOS_PARA_HACERNOS_RESPETAR_POR_LOS_YANKIS.mp3\">CARINA L\u00d3PEZ MONJA FPDS<\/a><\/b><\/span><br \/><span style=\"color: #0b5394;font-family: Verdana, sans-serif\"><b><a href=\"http:\/\/www.mediafire.com\/listen\/3g853etxk10pee1\/20150410_-_NICOLAS_LISTA,_CTD_ANIBAL_VERON_-_SE_ESTAN_DIRIMIENDO_COSAS_IMPORTANTES_EN_LA_REGION.mp3\">NICOL\u00c1S LISTA CTD ANIBAL VER\u00d3N<\/a><\/b><\/span><\/p>\n<p><a href=\"https:\/\/images-blogger-opensocial.googleusercontent.com\/gadgets\/proxy?url=http%3A%2F%2F4.bp.blogspot.com%2F-UpEfoqzlRMI%2FVSum8-InuyI%2FAAAAAAAADwc%2FiVR-2TdlUK8%2Fs1600%2F11150586_875441212515062_2205500819036722192_n.jpg&amp;container=blogger&amp;gadget=a&amp;rewriteMime=image%2F*\" style=\"clear: left;float: left;margin-bottom: 1em;margin-right: 1em\"><img loading=\"lazy\" decoding=\"async\" border=\"0\" src=\"http:\/\/4.bp.blogspot.com\/-UpEfoqzlRMI\/VSum8-InuyI\/AAAAAAAADwc\/iVR-2TdlUK8\/s1600\/11150586_875441212515062_2205500819036722192_n.jpg\" height=\"132\" width=\"200\" \/><\/a><a href=\"http:\/\/4.bp.blogspot.com\/-2hMdY8W9EPA\/VSunDO9bjPI\/AAAAAAAADwk\/876dbwuHmAE\/s1600\/11146211_875444552514728_3175276823497073410_n.jpg\" style=\"clear: left;float: left;margin-bottom: 1em;margin-right: 1em\"><img loading=\"lazy\" decoding=\"async\" border=\"0\" src=\"http:\/\/4.bp.blogspot.com\/-2hMdY8W9EPA\/VSunDO9bjPI\/AAAAAAAADwk\/876dbwuHmAE\/s1600\/11146211_875444552514728_3175276823497073410_n.jpg\" height=\"132\" width=\"200\" \/><\/a><span style=\"color: #222222;font-family: Verdana, sans-serif\"><span style=\"color: #222222;font-family: Verdana, sans-serif\">Entre las 12 y las 18 hs. el pueblo organizado&nbsp;<\/span><span style=\"color: #222222;font-family: Verdana, sans-serif\">despleg\u00f3 sus banderas y ocup\u00f3 el territorio contiguo a la sede de EE.UU. en nuestra ciudad. En un acampe que se plant\u00f3 como s\u00edmbolo de la presencia popular frente al atropello y la amenaza que pesa sobre nuestros pueblos. Entre mates y tortas fritas, adultos, j\u00f3venes y ni\u00f1os compartieron bajo el sol abrazador una jornada de lucha, en paz y solidaridad, en un intercambio fluido de palabras entre compa\u00f1eros.<\/span><\/span><br \/><span style=\"color: #222222;font-family: Verdana, sans-serif\"><br \/><\/span><span style=\"color: #222222;font-family: Verdana, sans-serif\">Una nueva ocasi\u00f3n para demostrar a un pueblo unido que en paz puede oponerse a las intimidaciones imperiales y que no podr\u00e1 ser doblegado.<\/span><\/p>\n<div style=\"margin-bottom: 0pt\"><\/div>\n<div style=\"margin-bottom: 0pt\"><a href=\"http:\/\/3.bp.blogspot.com\/-jYnMa0-9Dbs\/VSunQ2jNPqI\/AAAAAAAADws\/1CFEF3enYkI\/s1600\/11150773_875443842514799_3706202583260376999_n.jpg\" style=\"clear: left;float: left;margin-bottom: 1em;margin-right: 1em;text-align: center\"><img loading=\"lazy\" decoding=\"async\" border=\"0\" src=\"http:\/\/3.bp.blogspot.com\/-jYnMa0-9Dbs\/VSunQ2jNPqI\/AAAAAAAADws\/1CFEF3enYkI\/s1600\/11150773_875443842514799_3706202583260376999_n.jpg\" height=\"132\" width=\"200\" \/><\/a><span style=\"color: #222222\"><span style=\"font-family: Verdana, sans-serif\">A las 14 hs. pudo establecerse una conexi\u00f3n virtual con Panam\u00e1 donde se pudo escuchar al militante paname\u00f1o Olmedo Beluche con un relato detallado de lo acontecido.<\/span><\/span><br \/><span style=\"color: #222222\"><span style=\"font-family: Verdana, sans-serif\"><br \/><\/span><\/span><a href=\"http:\/\/2.bp.blogspot.com\/-T701v1zjldU\/VSunXzAqxRI\/AAAAAAAADw8\/zpR5FSprOfY\/s1600\/16519_875442035848313_3031644003652565790_n.jpg\" style=\"clear: left;float: left;margin-bottom: 1em;margin-right: 1em\"><img loading=\"lazy\" decoding=\"async\" border=\"0\" src=\"http:\/\/2.bp.blogspot.com\/-T701v1zjldU\/VSunXzAqxRI\/AAAAAAAADw8\/zpR5FSprOfY\/s1600\/16519_875442035848313_3031644003652565790_n.jpg\" height=\"132\" width=\"200\" \/><\/a><span style=\"color: #222222;font-family: Verdana, sans-serif\">Tambi\u00e9n pudieron escucharse v\u00eda telef\u00f3nica las palabras de Oscar \u00abBoli\u00bb Lezcano, con prisi\u00f3n domiciliaria, quien se expres\u00f3 de manera contundente frente al atropello.<\/span><br \/><span style=\"color: #222222;font-family: Verdana, sans-serif\"><br \/><\/span><\/p>\n<div style=\"margin-bottom: 0pt\"><span style=\"color: #222222\"><span style=\"font-family: Verdana, sans-serif\">Pasadas las 17 hs se entonaron las estrofas de nuestro himno nacional mientras el presidente Barack Obama comenzaba su alocuci\u00f3n en el territorio de Nuestram\u00e9rica.<\/span><\/span><\/div>\n<div style=\"margin-bottom: 0pt\"><\/div>\n<div style=\"margin-bottom: 0pt\"><a href=\"http:\/\/1.bp.blogspot.com\/-57Nj9dGmgYY\/VSunbeTNKgI\/AAAAAAAADxE\/MnbqEIRiPQk\/s1600\/10427290_875441949181655_4940005745765049158_n.jpg\" style=\"clear: left;float: left;margin-bottom: 1em;margin-right: 1em\"><img loading=\"lazy\" decoding=\"async\" border=\"0\" src=\"http:\/\/1.bp.blogspot.com\/-57Nj9dGmgYY\/VSunbeTNKgI\/AAAAAAAADxE\/MnbqEIRiPQk\/s1600\/10427290_875441949181655_4940005745765049158_n.jpg\" height=\"132\" width=\"200\" \/><\/a><span style=\"color: #222222\"><span style=\"font-family: Verdana, sans-serif\">El acto finaliz\u00f3 con la quema simb\u00f3lica de la bandera imperial norteamericana como s\u00edmbolo de rechazo a las pol\u00edticas de amenaza y avasallamiento de los derechos de los pueblos.<\/span><\/span><br \/><span style=\"color: #222222\"><span style=\"font-family: Verdana, sans-serif\"><br \/><\/span><\/span><\/p>\n<div style=\"margin-bottom: 0pt\"><a href=\"http:\/\/3.bp.blogspot.com\/-RSM6vfkq_zM\/VSuoalhqK7I\/AAAAAAAADxg\/q8v2JTK0Wr4\/s1600\/10609436_875443469181503_8757059980798586849_n.jpg\" style=\"clear: left;float: left;margin-bottom: 1em;margin-right: 1em\"><img loading=\"lazy\" decoding=\"async\" border=\"0\" src=\"http:\/\/3.bp.blogspot.com\/-RSM6vfkq_zM\/VSuoalhqK7I\/AAAAAAAADxg\/q8v2JTK0Wr4\/s1600\/10609436_875443469181503_8757059980798586849_n.jpg\" height=\"132\" width=\"200\" \/><\/a><span style=\"color: #222222\"><span style=\"font-family: Verdana, sans-serif\">Un llamado al respeto y a la decisi\u00f3n soberana de los habitantes de la Patria Grande que han decidido vivir al amparo de otros valores m\u00e1s justos para el conjunto.<\/span><\/span><\/div>\n<div style=\"margin-bottom: 0pt\"><\/div>\n<div style=\"margin-bottom: 0pt\"><span style=\"color: #222222\"><span style=\"font-family: Verdana, sans-serif\">Asimismo un respaldo y reconocimiento a la gloriosa participaci\u00f3n de Cuba por primera vez en la Cumbre de las Am\u00e9ricas, como debi\u00f3 haber sido siempre. &nbsp;<\/span><\/span><\/div>\n<div style=\"margin-bottom: 0pt\"><\/div>\n<div style=\"margin-bottom: 0pt\"><a href=\"http:\/\/3.bp.blogspot.com\/-8Hdm_1uhhK0\/VSunjkIgBpI\/AAAAAAAADxM\/F4fapja_iOM\/s1600\/984305_875443409181509_7759338965802168735_n.jpg\" style=\"clear: left;float: left;margin-bottom: 1em;margin-right: 1em\"><img loading=\"lazy\" decoding=\"async\" border=\"0\" src=\"http:\/\/3.bp.blogspot.com\/-8Hdm_1uhhK0\/VSunjkIgBpI\/AAAAAAAADxM\/F4fapja_iOM\/s1600\/984305_875443409181509_7759338965802168735_n.jpg\" height=\"132\" width=\"200\" \/><\/a><span style=\"color: #222222\"><span style=\"font-family: Verdana, sans-serif\">Cada organizaci\u00f3n se hizo o\u00edr y comparti\u00f3 las palabras de sus referentes que pasaron por los micr\u00f3fonos de FM Riachuelo.<\/span><\/span><\/div>\n<div style=\"margin-bottom: 0pt\"><\/div>\n<div style=\"margin-bottom: 0pt\"><span style=\"color: #222222\"><span style=\"font-family: Verdana, sans-serif;font-size: x-small\">Entre las organizaciones estuvieron presentes:<\/span><\/span><\/p>\n<div style=\"margin-bottom: 0pt\"><a href=\"http:\/\/4.bp.blogspot.com\/-2cQ_c-W1fow\/VSuoXdBu6DI\/AAAAAAAADxY\/xSxWPa_8Ow8\/s1600\/553306_875443969181453_5820381883312397221_n.jpg\" style=\"clear: left;float: left;margin-bottom: 1em;margin-right: 1em\"><br \/><\/a><span style=\"color: #222222\"><span style=\"font-family: Verdana, sans-serif;font-size: x-small\">Resumen Latinoamericano, Organizaciones Libres del Pueblo, Corriente Pol\u00edtica 17 de Agosto, Movimiento Patri\u00f3tico Revolucionario Quebracho, Frente Popular Dar\u00edo Santill\u00e1n, CTD An\u00edbal Ver\u00f3n, OSyP Los Pibes, COVILPI, CTA, Camino de los Libres, MP La Dignidad, Movimiento Pol\u00edtico Social Marcha Patri\u00f3tica, Federaci\u00f3n de Entidades Argentino Palestinas, Encuentro Nacional y Popular Latinoamericano, Patria Grande, Norman Brisky, La Sim\u00f3n Bol\u00edvar, Agrupaci\u00f3n Eva Per\u00f3n, Agrupaci\u00f3n. Envar El Kadri, Barricada TV, Radio Gr\u00e1fica, FM Riachuelo, Frente Organizaciones Kirchneristas, Corriente Villera Independicente, CTA Provincia de Bs. As., CTEP, Segunda Independencia, ATE, Agrupaci\u00f3n De Frente de M\u00e1ximo Paz, Confederaci\u00f3n Latinoamericana de Trabajadores Estatales, FUBA.<\/span><u style=\"font-family: Verdana, sans-serif;font-size: 12pt\"><\/u><\/span><\/div>\n<div style=\"margin-bottom: 0pt\"><span style=\"color: #0b5394;font-family: Verdana, sans-serif;font-size: x-small\"><b>PRODUCCI\u00d3N FM RIACHUELO<\/b><\/span><\/div>\n<\/div>\n<\/div>\n<\/div>\n<p><span style=\"color: #222222;font-family: Verdana, sans-serif\"><\/span><\/p>\n<div style=\"margin-bottom: 0pt\"><\/div>\n<\/div>\n<\/div>\n","protected":false},"excerpt":{"rendered":"<p>EL ACAMPE ANTIMPERIALISTAMientras se iniciaba la VII Cumbre de las Am\u00e9ricas en Panam\u00e1 y los presidentes de todo el continente iban arribando, los pueblos organizados de distintas latitudes de la Patria Grande mostraron su presencia. En la Ciudad de Buenos Aires, nuevamente el pueblo organizado le dijo NO a la amenaza, la barbarie, la extorsi\u00f3n [&hellip;]<\/p>\n","protected":false},"author":4,"featured_media":0,"comment_status":"open","ping_status":"open","sticky":false,"template":"","format":"standard","meta":{"_monsterinsights_skip_tracking":false,"_monsterinsights_sitenote_active":false,"_monsterinsights_sitenote_note":"","_monsterinsights_sitenote_category":0,"jnews-multi-image_gallery":[],"jnews_single_post":{"format":"standard"},"jnews_primary_category":[],"_joinchat":[],"footnotes":""},"categories":[58],"tags":[70,167],"class_list":["post-570","post","type-post","status-publish","format-standard","hentry","category-noticiariachuelo","tag-de-la-patria-grande","tag-politica-internacional"],"_links":{"self":[{"href":"http:\/\/fmriachuelo.it10.com.ar\/index.php\/wp-json\/wp\/v2\/posts\/570","targetHints":{"allow":["GET"]}}],"collection":[{"href":"http:\/\/fmriachuelo.it10.com.ar\/index.php\/wp-json\/wp\/v2\/posts"}],"about":[{"href":"http:\/\/fmriachuelo.it10.com.ar\/index.php\/wp-json\/wp\/v2\/types\/post"}],"author":[{"embeddable":true,"href":"http:\/\/fmriachuelo.it10.com.ar\/index.php\/wp-json\/wp\/v2\/users\/4"}],"replies":[{"embeddable":true,"href":"http:\/\/fmriachuelo.it10.com.ar\/index.php\/wp-json\/wp\/v2\/comments?post=570"}],"version-history":[{"count":1,"href":"http:\/\/fmriachuelo.it10.com.ar\/index.php\/wp-json\/wp\/v2\/posts\/570\/revisions"}],"predecessor-version":[{"id":23273,"href":"http:\/\/fmriachuelo.it10.com.ar\/index.php\/wp-json\/wp\/v2\/posts\/570\/revisions\/23273"}],"wp:attachment":[{"href":"http:\/\/fmriachuelo.it10.com.ar\/index.php\/wp-json\/wp\/v2\/media?parent=570"}],"wp:term":[{"taxonomy":"category","embeddable":true,"href":"http:\/\/fmriachuelo.it10.com.ar\/index.php\/wp-json\/wp\/v2\/categories?post=570"},{"taxonomy":"post_tag","embeddable":true,"href":"http:\/\/fmriachuelo.it10.com.ar\/index.php\/wp-json\/wp\/v2\/tags?post=570"}],"curies":[{"name":"wp","href":"https:\/\/api.w.org\/{rel}","templated":true}]}}