{"id":569,"date":"2015-04-13T14:28:00","date_gmt":"2015-04-13T14:28:00","guid":{"rendered":"http:\/\/fmriachuelo.observatorioess.org.ar\/index.php\/2015\/04\/13\/vii-cumbre-de-las-americas-declaracion-final\/"},"modified":"2025-03-28T14:05:22","modified_gmt":"2025-03-28T17:05:22","slug":"vii-cumbre-de-las-americas-declaracion-final","status":"publish","type":"post","link":"http:\/\/fmriachuelo.it10.com.ar\/index.php\/2015\/04\/13\/vii-cumbre-de-las-americas-declaracion-final\/","title":{"rendered":"VII CUMBRE DE LAS AMERICAS: DECLARACION FINAL"},"content":{"rendered":"<p><span style=\"color: red;font-family: Verdana, sans-serif;font-size: large\"><strong>NOSOTROS, LOS PUEBLOS DE NUESTRA AM\u00c9RICA<\/strong><\/span><br \/><strong style=\"font-family: Verdana, sans-serif\">EN EL MARCO DEL DEBATE UNITARIO, FRATERNO Y SOLIDARIO LOS PARTICIPANTES EN CONFERENCIAS Y EN LAS 15 MESAS DE TRABAJO DE LA CUMBRE DE LOS PUEBLOS HICIERON SU DECLARACI\u00d3N FINAL<\/strong><\/p>\n<div style=\"clear: both;text-align: center\"><a href=\"https:\/\/images-blogger-opensocial.googleusercontent.com\/gadgets\/proxy?url=http%3A%2F%2F4.bp.blogspot.com%2F-L4T1xPjsMsM%2FVSvRoPQlvCI%2FAAAAAAAADxw%2F5Dy7TOjHcJY%2Fs1600%2Fdeclaracion%252Bfinal.jpg&amp;container=blogger&amp;gadget=a&amp;rewriteMime=image%2F*\" style=\"clear: left;float: left;margin-bottom: 1em;margin-right: 1em;text-align: left\"><img loading=\"lazy\" decoding=\"async\" border=\"0\" src=\"http:\/\/4.bp.blogspot.com\/-L4T1xPjsMsM\/VSvRoPQlvCI\/AAAAAAAADxw\/5Dy7TOjHcJY\/s1600\/declaracion%2Bfinal.jpg\" height=\"180\" width=\"400\" \/><\/a><\/div>\n<p><span style=\"font-family: Verdana, sans-serif\"><strong><br \/><\/strong><\/span><span style=\"font-family: Verdana, sans-serif\"><strong>Nosotros, los Pueblos de Nuestra Am\u00e9\u00adrica<\/strong>, convocados en la Cumbre de los Pueblos, Sindical y de los Movimientos Sociales reunidos en la Universidad de Panam\u00e1 entre los d\u00edas 9, 10 y 11 del 2015, con m\u00e1s de 3 500 delegados\/as representando a centenares de nuestras organizaciones obreras, sindicales, campesinas, pueblos originarios, estudiantiles, de mujeres, sociales y del movimiento popular.<\/p>\n<p>En el marco de un debate unitario, fraterno y solidario, los participantes en conferencias y en las 15 mesas de trabajo de la Cumbre de Los Pueblos.<\/p>\n<p>DECLARAMOS:<\/span><br \/><a name='more'><\/a><span style=\"font-family: Verdana, sans-serif\"><br \/><strong>Nosotros, los Pueblos de Nuestra Am\u00e9\u00adrica<\/strong>, expresamos nuestro firme respaldo a la Proclamaci\u00f3n de Am\u00e9rica Latina y el Caribe como Zona de Paz y libre de colonialismo, tal como fue acordado por unanimidad por to\u00addos los Gobiernos de Nuestra Am\u00e9rica en enero del 2014 por la Segunda Cumbre de la Co\u00admu\u00adnidad de Estados Latinoamericanos y Cari\u00adbe\u00ad\u00f1os (Celac).<\/p>\n<p>En tal sentido, rechazamos el acoso militar, agresiones y amenazas de toda \u00edndole que despliega Estados Unidos y sus aliados estrat\u00e9gicos contra nuestra regi\u00f3n a trav\u00e9s de bases militares, sitios de operaciones e instalaciones similares, que solo en los \u00faltimos cuatro a\u00f1os han pasado de 21 a 76 en Nuestra Am\u00e9rica, 12 de ellas en Panam\u00e1 y exigimos la derogaci\u00f3n del pacto de Neutralidad, que permite la intervenci\u00f3n militar norteamericana a la Rep\u00fablica de Panam\u00e1.<\/p>\n<p>Irak, Afganist\u00e1n, Somalia, Palestina, Mali, Rep\u00fablica Cen\u00adtroafricana, Siria, Ucrania, Ni\u00adge\u00adria, Pakist\u00e1n, Congo, Mau\u00adritania, Libia y Ye\u00admen son solo algunas de las m\u00e1s recientes in\u00adtervenciones militares norteamericanas con su secuela de muerte y desolaci\u00f3n. No queremos dicha situaci\u00f3n en Nuestra Am\u00e9rica.<\/p>\n<p>As\u00ed, apoyamos las Declaraciones de la Se\u00adcretar\u00eda General de Unasur que solicita la exclusi\u00f3n de todas las bases militares en nuestra regi\u00f3n de Paz y la afirmaci\u00f3n de que ning\u00fan pa\u00eds tiene derecho a juzgar la conducta de otro ni much\u00edsimo menos a imponerle sanciones o castigos por cuenta propia.<\/p>\n<p><strong>Nosotros, los Pueblos de Am\u00e9rica<\/strong>, respaldamos al pueblo cubano y su Revoluci\u00f3n, saludamos el regreso a casa de los cinco h\u00e9roes cubanos, producto de la solidaridad internacional y de la lucha incansable de su pueblo. Exigimos, junto con todos los pueblos del Mundo, el levantamiento inmediato e incondicional del bloqueo genocida contra la Re\u00adp\u00fa\u00adblica de Cuba por parte del Gobierno de los Estados Unidos y el cierre inmediato de la base militar de Guant\u00e1namo, sin m\u00e1s condici\u00f3n que la del respeto a las leyes internacionales y a la Carta de las Naciones Unidas.<\/p>\n<p><strong>Nosotros, los Pueblos de Am\u00e9rica<\/strong>, expresamos, nuestro apoyo incondicional e irrestricto a la Revoluci\u00f3n Bolivariana y al gobierno leg\u00edtimo encabezado por el compa\u00f1ero Nico\u00adl\u00e1s Maduro.<\/p>\n<p>Por tanto rechazamos la injusta, injerencista e inmoral Orden Ejecutiva del Gobierno de los Estados Unidos que ha pretendido se\u00f1alar a la Rep\u00fablica Bolivariana de Venezuela como una amenaza a su seguridad nacional y que ya ha merecido el rechazo un\u00e1nime de todos los pa\u00edses de Nuestra Am\u00e9rica.<\/p>\n<p><strong>Nosotros, los Pueblos de Am\u00e9rica<\/strong>, reafirmamos que Puerto Rico es una naci\u00f3n la\u00adtinoamericana y caribe\u00f1a, con su propia e in\u00adconfundible identidad e historia, cuyos derechos a la independencia y la soberan\u00eda son violados por una tutela colonial impuesta hace m\u00e1s de un siglo de forma arbitraria por parte del imperialismo norteamericano, por esa lucha hist\u00f3rica por lograr la soberan\u00eda y autodeterminaci\u00f3n de Puerto Rico, muchos y entre ellos purgan c\u00e1rceles como Oscar L\u00f3pez Ri\u00advera, del cual exigimos su inmediata libertad.<\/p>\n<p><strong>Nosotros, los Pueblos de Am\u00e9rica<\/strong>, reiteramos nuestro apoyo solidario y esperanzado a los Di\u00e1logos por la Paz en Colombia, que se realizan entre el Gobierno de Colombia y las FARC-EP, solicitamos la apertura de una mesa similar con el ELN con el fin de transitar en la construcci\u00f3n de un proceso de paz firme y duradera con justicia social. Saludamos las ges\u00adtiones realizadas por distintos gobiernos pa\u00adra facilitar el \u00e9xito de este proceso.<\/p>\n<p><strong>Nosotros, los Pueblos de Am\u00e9rica<\/strong>, reiteramos nuestro apoyo permanente e incondicional a la Rep\u00fablica Argentina en sus gestiones para la recuperaci\u00f3n de las Islas Malvinas, as\u00ed mis\u00admo, nuestro respaldo al Estado Plu\u00adrinacional de Bolivia en su justa y postergada aspiraci\u00f3n de una salida propia al mar. Reclamamos el inmediato retiro de las tropas de ocupaci\u00f3n en Hait\u00ed, acci\u00f3n que permitir\u00e1 su autodeterminaci\u00f3n. Exigimos al gobierno de M\u00e9xico la presentaci\u00f3n con vida de los 43 estudiantes normalistas desaparecidos forzosamente en Ayot\u00adzinapa.<\/p>\n<p><strong>Nosotros, los Pueblos de Am\u00e9rica<\/strong>, manifestamos la necesidad imperiosa de la construcci\u00f3n y profundizaci\u00f3n de una sociedad nueva, con justicia social y con equidad de g\u00e9\u00adnero, con la participaci\u00f3n activa de los j\u00f3venes y de los diferentes actores sociales, con la solidaridad como un principio fundamental para el desa\u00adrrollo integral y soberano de nuestros pueblos. Hoy existen en Nuestra Am\u00e9rica al\u00adgunos lacayos del imperialismo que intentan sostener e imponer el modelo neoliberal como la soluci\u00f3n a los problemas y necesidades de nuestros pueblos, modelo que ha demostrado ser el m\u00e1s eficaz instrumento para profundizar la pobreza, la miseria, la desigualdad, la exclusi\u00f3n y la m\u00e1s injusta distribuci\u00f3n de la riqueza que se conoce.<\/p>\n<p>Ante esta situaci\u00f3n manifestamos y convocamos a luchar y defender nuestros recursos naturales, la biodiversidad, la soberan\u00eda ali\u00admentaria, nuestros bienes comunes, la ma\u00addre tierra y la defensa de los derechos ancestrales de los pueblos originarios y las conquistas y derechos sociales. La lucha por el em\u00adpleo, el trabajo y salario digno, la seguridad social, las pensiones, la negociaci\u00f3n colectiva, la sindicalizaci\u00f3n, el derecho de huelga, la libertad sindical, salud ocupacional, los derechos econ\u00f3micos y sociales, el respeto a los migrantes y afrodescendientes, la erradicaci\u00f3n del trabajo infantil y esclavo, justicia con equidad de g\u00e9nero.<\/p>\n<p>Todo esto es y ser\u00e1 posible si trabajamos en unidad y con el objetivo de construir correlaci\u00f3n de fuerzas que permita sustituir del poder al bloque dominante por uno social y pol\u00edtico que defienda los intereses de nuestros pueblos.<br \/>A diez a\u00f1os de la derrota del ALCA reafirmamos nuestra lucha contra las nuevas formas de tratados de libre comercio TLC, TPC, TISA, la Alianza del Pac\u00edfico. As\u00ed tambi\u00e9n se\u00adguimos sosteniendo que la deuda externa de nuestros pa\u00edses es incobrable e impagable por ileg\u00edtima e inmoral.<\/p>\n<p><strong>Nosotros, los Pueblos de Am\u00e9rica<\/strong>, saludamos los procesos de integraci\u00f3n que priman la auto<br \/>\ndeterminaci\u00f3n y la soberan\u00eda de nuestros pueblos, procesos como ALBA y la Celac, procesos que han fortalecido la unidad latinoamericana. Creemos necesario complementar estos procesos con la participaci\u00f3n de organizaciones sociales, sindicales, populares, para fomentar a\u00fan m\u00e1s una integraci\u00f3n desde y para los pueblos.<\/p>\n<p>11 de abril del 2015<br \/>Ciudad de Panam\u00e1, Panam\u00e1<\/span><\/p>\n","protected":false},"excerpt":{"rendered":"<p>NOSOTROS, LOS PUEBLOS DE NUESTRA AM\u00c9RICAEN EL MARCO DEL DEBATE UNITARIO, FRATERNO Y SOLIDARIO LOS PARTICIPANTES EN CONFERENCIAS Y EN LAS 15 MESAS DE TRABAJO DE LA CUMBRE DE LOS PUEBLOS HICIERON SU DECLARACI\u00d3N FINAL Nosotros, los Pueblos de Nuestra Am\u00e9\u00adrica, convocados en la Cumbre de los Pueblos, Sindical y de los Movimientos Sociales reunidos [&hellip;]<\/p>\n","protected":false},"author":4,"featured_media":0,"comment_status":"open","ping_status":"open","sticky":false,"template":"","format":"standard","meta":{"_monsterinsights_skip_tracking":false,"_monsterinsights_sitenote_active":false,"_monsterinsights_sitenote_note":"","_monsterinsights_sitenote_category":0,"jnews-multi-image_gallery":[],"jnews_single_post":{"format":"standard"},"jnews_primary_category":[],"_joinchat":[],"footnotes":""},"categories":[58],"tags":[70,72],"class_list":["post-569","post","type-post","status-publish","format-standard","hentry","category-noticiariachuelo","tag-de-la-patria-grande","tag-historia-de-la-lucha-de-los-pueblos"],"_links":{"self":[{"href":"http:\/\/fmriachuelo.it10.com.ar\/index.php\/wp-json\/wp\/v2\/posts\/569","targetHints":{"allow":["GET"]}}],"collection":[{"href":"http:\/\/fmriachuelo.it10.com.ar\/index.php\/wp-json\/wp\/v2\/posts"}],"about":[{"href":"http:\/\/fmriachuelo.it10.com.ar\/index.php\/wp-json\/wp\/v2\/types\/post"}],"author":[{"embeddable":true,"href":"http:\/\/fmriachuelo.it10.com.ar\/index.php\/wp-json\/wp\/v2\/users\/4"}],"replies":[{"embeddable":true,"href":"http:\/\/fmriachuelo.it10.com.ar\/index.php\/wp-json\/wp\/v2\/comments?post=569"}],"version-history":[{"count":1,"href":"http:\/\/fmriachuelo.it10.com.ar\/index.php\/wp-json\/wp\/v2\/posts\/569\/revisions"}],"predecessor-version":[{"id":23275,"href":"http:\/\/fmriachuelo.it10.com.ar\/index.php\/wp-json\/wp\/v2\/posts\/569\/revisions\/23275"}],"wp:attachment":[{"href":"http:\/\/fmriachuelo.it10.com.ar\/index.php\/wp-json\/wp\/v2\/media?parent=569"}],"wp:term":[{"taxonomy":"category","embeddable":true,"href":"http:\/\/fmriachuelo.it10.com.ar\/index.php\/wp-json\/wp\/v2\/categories?post=569"},{"taxonomy":"post_tag","embeddable":true,"href":"http:\/\/fmriachuelo.it10.com.ar\/index.php\/wp-json\/wp\/v2\/tags?post=569"}],"curies":[{"name":"wp","href":"https:\/\/api.w.org\/{rel}","templated":true}]}}