{"id":567,"date":"2015-04-14T02:02:00","date_gmt":"2015-04-14T02:02:00","guid":{"rendered":"http:\/\/fmriachuelo.observatorioess.org.ar\/index.php\/2015\/04\/14\/vuelven-los-medicos-cubanos-que-trataron-el-ebola-en-africa\/"},"modified":"2025-03-28T14:09:03","modified_gmt":"2025-03-28T17:09:03","slug":"vuelven-los-medicos-cubanos-que-trataron-el-ebola-en-africa","status":"publish","type":"post","link":"http:\/\/fmriachuelo.it10.com.ar\/index.php\/2015\/04\/14\/vuelven-los-medicos-cubanos-que-trataron-el-ebola-en-africa\/","title":{"rendered":"VUELVEN LOS MEDICOS CUBANOS QUE TRATARON EL \u00c9BOLA EN AFRICA"},"content":{"rendered":"<p><span style=\"color: red;font-family: Verdana, sans-serif;font-size: large\"><strong>INTERNACIONALISMO Y SOLIDARIDAD DOS VALORES QUE ESCASEAN EN EL MUNDO<\/strong><\/span><\/p>\n<div style=\"clear: both;text-align: center\"><a href=\"http:\/\/2.bp.blogspot.com\/-aNneWBSSwCE\/VSx0n0A7-AI\/AAAAAAAADyQ\/24DBtK_QBpM\/s1600\/medicos-cubanos-680x365_jpg_1718483346.jpg\" style=\"clear: left;float: left;margin-bottom: 1em;margin-right: 1em\"><img loading=\"lazy\" decoding=\"async\" border=\"0\" src=\"http:\/\/2.bp.blogspot.com\/-aNneWBSSwCE\/VSx0n0A7-AI\/AAAAAAAADyQ\/24DBtK_QBpM\/s1600\/medicos-cubanos-680x365_jpg_1718483346.jpg\" height=\"181\" width=\"320\" \/><\/a><\/div>\n<p><span style=\"font-family: Verdana, sans-serif\"><strong>FELICITAN A M\u00c9DICOS QUE TRATARON EL \u00c9BOLA<\/strong><\/span><br \/><span style=\"font-family: Verdana, sans-serif\">El Gobierno de la isla fue una de las primeras naciones en atender el llamado de la Organizaci\u00f3n Mundial de la Salud para atender la epidemia.<br \/>El Gobierno de Cuba felicit\u00f3 el domingo a los m\u00e9dicos de ese pa\u00eds que acudieron a \u00c1frica Occidental para prestar su apoyo y conocimientos a la lucha contra el \u00e9bola. <br \/>\u00abEn este recibimiento se mezclan muchos sentimientos, de satisfacci\u00f3n, de humanismo, de patriotismo y del orgullo generado por lo que ustedes han hecho en esas hermanas tierras\u00bb, expres\u00f3 la vicepresidenta, Mercedes L\u00f3pez. <\/span><br \/><a name='more'><\/a><span style=\"font-family: Verdana, sans-serif\">De igual forma destac\u00f3 el acto altruista de \u00abSalvar vidas, incluso al costo del sacrifico de la propia\u00bb. A su vez agradeci\u00f3 la \u00abgesta\u00bb humanitaria que cumplieron los especialistas durante los \u00faltimos meses. <\/p>\n<p>Se trata del primer reconocimiento oficial que recibe el grupo de galenos que visit\u00f3 \u00c1frica Occidental para colaborar contra la epidemia de \u00e9bola. La semana pasada regres\u00f3 a la isla la segundo grupo de m\u00e9dicos. <\/p>\n<p>El contingente Henry Reeve, integrado por m\u00e1s de 200 expertos fue distribuido entre Guinea, Sierra Leona y Liberia para aportar sus conocimientos para erradicar el \u00e9bola por los pa\u00edses afectados por el virus.<\/span><br \/><span style=\"color: #0b5394;font-family: Verdana;font-size: x-small\"><b>FUENTE: TELESUR\/PRODUCCIONES RIACHUELO<\/b><\/span><\/p>\n","protected":false},"excerpt":{"rendered":"<p>INTERNACIONALISMO Y SOLIDARIDAD DOS VALORES QUE ESCASEAN EN EL MUNDO FELICITAN A M\u00c9DICOS QUE TRATARON EL \u00c9BOLAEl Gobierno de la isla fue una de las primeras naciones en atender el llamado de la Organizaci\u00f3n Mundial de la Salud para atender la epidemia.El Gobierno de Cuba felicit\u00f3 el domingo a los m\u00e9dicos de ese pa\u00eds que [&hellip;]<\/p>\n","protected":false},"author":4,"featured_media":0,"comment_status":"open","ping_status":"open","sticky":false,"template":"","format":"standard","meta":{"_monsterinsights_skip_tracking":false,"_monsterinsights_sitenote_active":false,"_monsterinsights_sitenote_note":"","_monsterinsights_sitenote_category":0,"jnews-multi-image_gallery":[],"jnews_single_post":{"format":"standard"},"jnews_primary_category":[],"_joinchat":[],"footnotes":""},"categories":[58],"tags":[70,157,69],"class_list":["post-567","post","type-post","status-publish","format-standard","hentry","category-noticiariachuelo","tag-de-la-patria-grande","tag-nadie-se-salva-solo","tag-salud"],"_links":{"self":[{"href":"http:\/\/fmriachuelo.it10.com.ar\/index.php\/wp-json\/wp\/v2\/posts\/567","targetHints":{"allow":["GET"]}}],"collection":[{"href":"http:\/\/fmriachuelo.it10.com.ar\/index.php\/wp-json\/wp\/v2\/posts"}],"about":[{"href":"http:\/\/fmriachuelo.it10.com.ar\/index.php\/wp-json\/wp\/v2\/types\/post"}],"author":[{"embeddable":true,"href":"http:\/\/fmriachuelo.it10.com.ar\/index.php\/wp-json\/wp\/v2\/users\/4"}],"replies":[{"embeddable":true,"href":"http:\/\/fmriachuelo.it10.com.ar\/index.php\/wp-json\/wp\/v2\/comments?post=567"}],"version-history":[{"count":1,"href":"http:\/\/fmriachuelo.it10.com.ar\/index.php\/wp-json\/wp\/v2\/posts\/567\/revisions"}],"predecessor-version":[{"id":23278,"href":"http:\/\/fmriachuelo.it10.com.ar\/index.php\/wp-json\/wp\/v2\/posts\/567\/revisions\/23278"}],"wp:attachment":[{"href":"http:\/\/fmriachuelo.it10.com.ar\/index.php\/wp-json\/wp\/v2\/media?parent=567"}],"wp:term":[{"taxonomy":"category","embeddable":true,"href":"http:\/\/fmriachuelo.it10.com.ar\/index.php\/wp-json\/wp\/v2\/categories?post=567"},{"taxonomy":"post_tag","embeddable":true,"href":"http:\/\/fmriachuelo.it10.com.ar\/index.php\/wp-json\/wp\/v2\/tags?post=567"}],"curies":[{"name":"wp","href":"https:\/\/api.w.org\/{rel}","templated":true}]}}