{"id":5663,"date":"2017-09-15T14:48:28","date_gmt":"2017-09-15T14:48:28","guid":{"rendered":"http:\/\/fmriachuelo.com.ar\/?p=5663"},"modified":"2017-09-15T14:48:28","modified_gmt":"2017-09-15T14:48:28","slug":"solidaridad-desde-sec-ddhh-de-ctep-con-los-trabajadores-de-prensa","status":"publish","type":"post","link":"http:\/\/fmriachuelo.it10.com.ar\/index.php\/2017\/09\/15\/solidaridad-desde-sec-ddhh-de-ctep-con-los-trabajadores-de-prensa\/","title":{"rendered":"SOLIDARIDAD  DESDE  SEC. DDHH DE CTEP CON LOS TRABAJADORES DE PRENSA"},"content":{"rendered":"<p>[FM Riachuelo 15\/09\/17] \u00a0Ayer se realiz\u00f3 un reclamo frente al ENACOM, con\u00a0 numerosa presencia de los medios comunitarios junto a organizaciones sociales, populares, gremiales y culturales en reclamo por los pagos atrasados que corresponden por ley a los medios comunitarios.<\/p>\n<p>En esta toma pac\u00edfica los reclamos tambi\u00e9n fueron direccionados a la persecuci\u00f3n de los trabajadorxs de prensa, dados los hechos ocurridos en la \u00faltima movilizaci\u00f3n por la aparici\u00f3n con vida de Santiago Maldonado \u00a0donde la Polic\u00eda de la Ciudad despleg\u00f3 una brutal cacer\u00eda en contra de la prensa, incluy\u00f3 graves atentados contra la libertad de expresi\u00f3n llev\u00e1ndose 31 detenidxs de manera ilegal. Todos los trabajadores de prensa que se encontraban cubriendo los hechos fueron filmados de forma intimidatoria por la polic\u00eda.<\/p>\n<p>Ayer en las puertas del ENACOM desde la secretar\u00eda de DDHH de la CTEP se repudi\u00f3 esta acci\u00f3n persecutoria donde se demoniza a los medios comunitarios por ser quienes no se ajustan a la agenda hegem\u00f3nica de los medios masivos de comunicaci\u00f3n.<\/p>\n<p>Escuch\u00e1 los audios:<\/p>\n<p><iframe loading=\"lazy\" title=\"14-09-2017 - RECLAMO DE RADIOS POPULARES EN EL ENACOM by FMR\" width=\"500\" height=\"450\" scrolling=\"no\" frameborder=\"no\" src=\"https:\/\/w.soundcloud.com\/player\/?visual=true&#038;url=https%3A%2F%2Fapi.soundcloud.com%2Fplaylists%2F352766272&#038;show_artwork=true&#038;maxheight=750&#038;maxwidth=500\"><\/iframe><\/p>\n<p>Para los representantes de las organizaciones de DDHH, \u201cel Gobierno reprimi\u00f3 para dar un mensaje tras la marcha de Maldonado,\u00a0 y correr el eje a una fabulosa movilizaci\u00f3n que reclam\u00f3 la aparici\u00f3n con vida de Santiago. Se mont\u00f3 un episodio bastante confuso para desembocar en una cacer\u00eda de brujas.\u201d<\/p>\n<p>En palabras de Lito Borello secretario de DDHH de CTEP \u201cdecidieron lanzarse a la caza de los trabajadorxs de los medios alternativos.\u201d\u00a0\u00a0 Luego Borello destac\u00f3: \u201cpara la pelea que llevan adelante nuestros pueblos a nivel nacional y regional son indispensables los batallones comunicacionales de los medios alternativos\u201d.<\/p>\n<p><strong>SIN MEDIOS COMUNITARIOS NO HAY DEMOCRACIA<\/strong><\/p>\n","protected":false},"excerpt":{"rendered":"<p>[FM Riachuelo 15\/09\/17] \u00a0Ayer se realiz\u00f3 un reclamo frente al ENACOM, con\u00a0 numerosa presencia de los medios comunitarios junto a organizaciones sociales, populares, gremiales y culturales en reclamo por los pagos atrasados que corresponden por ley a los medios comunitarios. En esta toma pac\u00edfica los reclamos tambi\u00e9n fueron direccionados a la persecuci\u00f3n de los trabajadorxs [&hellip;]<\/p>\n","protected":false},"author":5,"featured_media":5665,"comment_status":"open","ping_status":"open","sticky":false,"template":"","format":"standard","meta":{"_monsterinsights_skip_tracking":false,"_monsterinsights_sitenote_active":false,"_monsterinsights_sitenote_note":"","_monsterinsights_sitenote_category":0,"jnews-multi-image_gallery":[],"jnews_single_post":[],"jnews_primary_category":[],"_joinchat":[],"footnotes":""},"categories":[78,76,77,75],"tags":[],"class_list":["post-5663","post","type-post","status-publish","format-standard","has-post-thumbnail","hentry","category-economia-popular","category-salud-comunitaria","category-soberania","category-trabajo"],"_links":{"self":[{"href":"http:\/\/fmriachuelo.it10.com.ar\/index.php\/wp-json\/wp\/v2\/posts\/5663","targetHints":{"allow":["GET"]}}],"collection":[{"href":"http:\/\/fmriachuelo.it10.com.ar\/index.php\/wp-json\/wp\/v2\/posts"}],"about":[{"href":"http:\/\/fmriachuelo.it10.com.ar\/index.php\/wp-json\/wp\/v2\/types\/post"}],"author":[{"embeddable":true,"href":"http:\/\/fmriachuelo.it10.com.ar\/index.php\/wp-json\/wp\/v2\/users\/5"}],"replies":[{"embeddable":true,"href":"http:\/\/fmriachuelo.it10.com.ar\/index.php\/wp-json\/wp\/v2\/comments?post=5663"}],"version-history":[{"count":0,"href":"http:\/\/fmriachuelo.it10.com.ar\/index.php\/wp-json\/wp\/v2\/posts\/5663\/revisions"}],"wp:featuredmedia":[{"embeddable":true,"href":"http:\/\/fmriachuelo.it10.com.ar\/index.php\/wp-json\/wp\/v2\/media\/5665"}],"wp:attachment":[{"href":"http:\/\/fmriachuelo.it10.com.ar\/index.php\/wp-json\/wp\/v2\/media?parent=5663"}],"wp:term":[{"taxonomy":"category","embeddable":true,"href":"http:\/\/fmriachuelo.it10.com.ar\/index.php\/wp-json\/wp\/v2\/categories?post=5663"},{"taxonomy":"post_tag","embeddable":true,"href":"http:\/\/fmriachuelo.it10.com.ar\/index.php\/wp-json\/wp\/v2\/tags?post=5663"}],"curies":[{"name":"wp","href":"https:\/\/api.w.org\/{rel}","templated":true}]}}