{"id":566,"date":"2015-04-14T02:07:00","date_gmt":"2015-04-14T02:07:00","guid":{"rendered":"http:\/\/fmriachuelo.observatorioess.org.ar\/index.php\/2015\/04\/14\/medio-oriente-una-guerra-sin-fin\/"},"modified":"2025-03-28T14:09:52","modified_gmt":"2025-03-28T17:09:52","slug":"medio-oriente-una-guerra-sin-fin","status":"publish","type":"post","link":"http:\/\/fmriachuelo.it10.com.ar\/index.php\/2015\/04\/14\/medio-oriente-una-guerra-sin-fin\/","title":{"rendered":"MEDIO ORIENTE: UNA GUERRA SIN FIN"},"content":{"rendered":"<p><strong><span style=\"color: red;font-family: Verdana, sans-serif;font-size: large\">M\u00c1S DE 2500 PERSONAS ASESINADAS POR BOMBARDEO SAUD\u00cdES EN YEMEN<\/span><\/strong><br \/><a href=\"https:\/\/images-blogger-opensocial.googleusercontent.com\/gadgets\/proxy?url=http%3A%2F%2F4.bp.blogspot.com%2F-MxETyQaHppc%2FVSx1z99Gi0I%2FAAAAAAAADyc%2FWt7S3oaFR2g%2Fs1600%2FYemen3.jpg&amp;container=blogger&amp;gadget=a&amp;rewriteMime=image%2F*\" style=\"clear: left;float: left;margin-bottom: 1em;margin-right: 1em\"><img loading=\"lazy\" decoding=\"async\" border=\"0\" src=\"http:\/\/4.bp.blogspot.com\/-MxETyQaHppc\/VSx1z99Gi0I\/AAAAAAAADyc\/Wt7S3oaFR2g\/s1600\/Yemen3.jpg\" height=\"192\" width=\"320\" \/><\/a><span style=\"font-family: Verdana, sans-serif;text-align: center\">[Resumen Latinoamericano \/ HispanTV, 13\/4\/2015] &#8211; Al menos 2571 civiles han perdido la vida, incluidos 381 ni\u00f1os menores de 15 a\u00f1os y 214 mujeres, 5 de ellas embarazadas, en los ataques a\u00e9reos saud\u00edes en Yemen, ha informado este lunes el portavoz del Ej\u00e9rcito yemen\u00ed, el coronel Sharaf Luqman.<\/span><br \/><span style=\"font-family: Verdana, sans-serif\"><br \/>En declaraciones durante una rueda de prensa en San\u00e1, capital yemen\u00ed, Luqman ha precisado que los bombardeos saud\u00edes tambi\u00e9n han dejado 3897 heridos, entre ellos 613 ni\u00f1os y 457 mujeres.<\/p>\n<p>El vocero ha agregado que al menos 334 n\u00facleos residenciales han sido bombardeados por los aviones de guerra saud\u00edes, provocando la destrucci\u00f3n de 2265 viviendas.<\/span><br \/><span style=\"font-family: Verdana, sans-serif\"><\/span><br \/><a name='more'><\/a><span style=\"font-family: Verdana, sans-serif\">En cuanto a la evidente diferencia entre los balances anunciados hoy y los ofrecidos hace cuatro d\u00edas, cuando report\u00f3 un millar de v\u00edctimas mortales, el portavoz ha se\u00f1alado que los datos anteriores fueron de medios no oficiales, mientras las cifras actuales han sido proporcionadas y confirmadas por las autoridades.<\/p>\n<p>Luqman ha denunciado que los ciudadanos y m\u00e1s de 1200 instalaciones civiles de Yemen han sido el blanco principal de la agresi\u00f3n saud\u00ed, al calificar a Arabia Saud\u00ed del \u201cdefensor internacional del terrorismo\u201d.<\/p>\n<p>\u201cNuestra respuesta a la agresi\u00f3n saud\u00ed ser\u00e1 fuerte y dura y el pueblo yemen\u00ed no se arrodillar\u00e1\u201d, ha advertido para despu\u00e9s subrayar que \u201cArabia Saud\u00ed emplea a ej\u00e9rcitos extranjeros, ya que no se atreve a luchar contra los yemen\u00edes\u201d.<\/p>\n<p>En sus m\u00e1s recientes ofensivas militares, los cazas saud\u00edes bombardearon el domingo dos escuelas, una gasolinera y una vivienda en la provincia de Saada, en el norte de Yemen, causando varios muertos y heridos.<\/p>\n<p>El pasado 26 de marzo Arabia Saud\u00ed comenz\u00f3 una ofensiva a\u00e9rea contra Yemen sin el visto bueno de las Naciones Unidas, pero con la luz verde de EE.UU., en un intento por restaurar en el poder al dimitido presidente Abdu Rabu Mansur Hadi, un fiel aliado de Riad.<\/p>\n<p>El secretario general de la ONU, Ban Ki-moon, expres\u00f3 el pasado jueves su preocupaci\u00f3n por la intervenci\u00f3n militar de Arabia Saud\u00ed en Yemen, advirtiendo <span style=\"color: blue\">de que agudiza a\u00fan m\u00e1s la crisis en este pa\u00eds y amenaza la regi\u00f3n.<\/span><\/span><br \/><span style=\"color: blue;font-family: Verdana, sans-serif\">Fuente: Resumen Latinoamericano, Producci\u00f3n Riachuelo<\/span><\/p>\n","protected":false},"excerpt":{"rendered":"<p>M\u00c1S DE 2500 PERSONAS ASESINADAS POR BOMBARDEO SAUD\u00cdES EN YEMEN[Resumen Latinoamericano \/ HispanTV, 13\/4\/2015] &#8211; Al menos 2571 civiles han perdido la vida, incluidos 381 ni\u00f1os menores de 15 a\u00f1os y 214 mujeres, 5 de ellas embarazadas, en los ataques a\u00e9reos saud\u00edes en Yemen, ha informado este lunes el portavoz del Ej\u00e9rcito yemen\u00ed, el coronel [&hellip;]<\/p>\n","protected":false},"author":4,"featured_media":0,"comment_status":"open","ping_status":"open","sticky":false,"template":"","format":"standard","meta":{"_monsterinsights_skip_tracking":false,"_monsterinsights_sitenote_active":false,"_monsterinsights_sitenote_note":"","_monsterinsights_sitenote_category":0,"jnews-multi-image_gallery":[],"jnews_single_post":{"format":"standard"},"jnews_primary_category":[],"_joinchat":[],"footnotes":""},"categories":[58],"tags":[119,167],"class_list":["post-566","post","type-post","status-publish","format-standard","hentry","category-noticiariachuelo","tag-derechos-humanos","tag-politica-internacional"],"_links":{"self":[{"href":"http:\/\/fmriachuelo.it10.com.ar\/index.php\/wp-json\/wp\/v2\/posts\/566","targetHints":{"allow":["GET"]}}],"collection":[{"href":"http:\/\/fmriachuelo.it10.com.ar\/index.php\/wp-json\/wp\/v2\/posts"}],"about":[{"href":"http:\/\/fmriachuelo.it10.com.ar\/index.php\/wp-json\/wp\/v2\/types\/post"}],"author":[{"embeddable":true,"href":"http:\/\/fmriachuelo.it10.com.ar\/index.php\/wp-json\/wp\/v2\/users\/4"}],"replies":[{"embeddable":true,"href":"http:\/\/fmriachuelo.it10.com.ar\/index.php\/wp-json\/wp\/v2\/comments?post=566"}],"version-history":[{"count":1,"href":"http:\/\/fmriachuelo.it10.com.ar\/index.php\/wp-json\/wp\/v2\/posts\/566\/revisions"}],"predecessor-version":[{"id":23279,"href":"http:\/\/fmriachuelo.it10.com.ar\/index.php\/wp-json\/wp\/v2\/posts\/566\/revisions\/23279"}],"wp:attachment":[{"href":"http:\/\/fmriachuelo.it10.com.ar\/index.php\/wp-json\/wp\/v2\/media?parent=566"}],"wp:term":[{"taxonomy":"category","embeddable":true,"href":"http:\/\/fmriachuelo.it10.com.ar\/index.php\/wp-json\/wp\/v2\/categories?post=566"},{"taxonomy":"post_tag","embeddable":true,"href":"http:\/\/fmriachuelo.it10.com.ar\/index.php\/wp-json\/wp\/v2\/tags?post=566"}],"curies":[{"name":"wp","href":"https:\/\/api.w.org\/{rel}","templated":true}]}}