{"id":565,"date":"2015-04-14T16:16:00","date_gmt":"2015-04-14T16:16:00","guid":{"rendered":"http:\/\/fmriachuelo.observatorioess.org.ar\/index.php\/2015\/04\/14\/mexico-impulsan-campana-para-destituir-al-presidente\/"},"modified":"2025-03-28T14:13:42","modified_gmt":"2025-03-28T17:13:42","slug":"mexico-impulsan-campana-para-destituir-al-presidente","status":"publish","type":"post","link":"http:\/\/fmriachuelo.it10.com.ar\/index.php\/2015\/04\/14\/mexico-impulsan-campana-para-destituir-al-presidente\/","title":{"rendered":"MEXICO: IMPULSAN  CAMPA\u00d1A PARA DESTITUIR AL PRESIDENTE"},"content":{"rendered":"<p><span style=\"color: red;font-family: Verdana, sans-serif;font-size: large\"><strong>QUE SE VAYA<\/strong><\/span><br \/><span style=\"font-family: Verdana, sans-serif\"><strong>LANZAN CAMPA\u00d1A PARA PEDIR LA REVOCATORIA DEL MANDATO DEL PRESIDENTE PE\u00d1A NIETO<\/strong><\/span><br \/><span style=\"font-family: Verdana, sans-serif\"><\/span><\/p>\n<div style=\"clear: both;text-align: center\"><span style=\"font-family: Verdana, sans-serif\"><strong style=\"clear: left;float: left;margin-bottom: 1em;margin-right: 1em\"><img loading=\"lazy\" decoding=\"async\" border=\"0\" src=\"http:\/\/3.bp.blogspot.com\/-cZDL77QbQok\/VS08bj57XuI\/AAAAAAAADzA\/qjlcUUF_cmU\/s1600\/mx2.jpg\" height=\"240\" width=\"320\" \/><\/strong><\/span><\/div>\n<p><span style=\"font-family: Verdana, sans-serif\">Este lunes 13 de abril, ciudadanos y pol\u00edticos opositores lanzaron la campa\u00f1a <strong>#QueSeVaya<\/strong>, con la cual buscan realizar una consulta ciudadana para revocar el mandato del priista.<br \/>La idea es la siguiente: Los ciudadanos que lo deseen pueden descargar una boleta predise\u00f1ada, en la cual se pide al Instituto Nacional Electoral (INE) la revocaci\u00f3n del mandato de Pe\u00f1a Nieto, y depositarla en las urnas junto con su voto el pr\u00f3ximo 7 de junio.<a name='more'><\/a>\u201cEstamos proponiendo un ejercicio ciudadano de revocaci\u00f3n del mandato del presidente Enrique Pe\u00f1a Nieto. Ante la negativa y la inoperancia de los cauces institucionales previstos en la Constituci\u00f3n para que los ciudadanos podamos participar en la toma de decisiones a trav\u00e9s de las consultas populares, hemos decidido organizar nuestra propia consulta ciudadana, planteada como un refer\u00e9ndum revocatorio al mandato de Enrique Pe\u00f1a Nieto; para conseguir una clara sanci\u00f3n pol\u00edtica de car\u00e1cter popular a la incompetencia y la corrupci\u00f3n del gobierno federal\u201d, indicaron los convocantes en un comunicado.<br \/>La campa\u00f1a est\u00e1 fundamentada en los&nbsp;derechos constitucionales de asociaci\u00f3n, libertad de expresi\u00f3n y manifestaci\u00f3n de las ideas; de petici\u00f3n; as\u00ed como del \u201cderecho que en todo momento tiene el pueblo de cambiar su forma de gobierno\u201d.<br \/>\u201cPlanteamos una forma legal, civilizada y en el marco del proceso electoral: agregar a nuestro voto, manteniendo la secrec\u00eda de ese ejercicio, una boleta de petici\u00f3n de revocaci\u00f3n del mandato del Presidente de la Rep\u00fablica\u201c, detalla el&nbsp;comunicado publicado en el sitio Que se vaya, donde est\u00e1 disponible la boleta para su descarga.<br \/>Los organizadores de la campa\u00f1a son Manuel Bartlett D\u00edaz, Jaime C\u00e1rdenas Garc\u00eda, Tatiana Clouthier Carrillo, Javier Corral Jurado, Mario Delgado Carrillo, Alfonso Durazo Monta\u00f1o, Gerardo Fern\u00e1ndez Noro\u00f1a, Rafael Flores Hern\u00e1ndez, Alejandra Garc\u00eda Morlan, Agust\u00edn Guerrero Castillo, Marcela Ort\u00edz Aznar, Ma. Concepci\u00f3n Ram\u00edrez, Jos\u00e9 Antonio Rueda M\u00e1rquez, Padre Alejandro Solalinde Guerra, Layda Sansores San Rom\u00e1n, Balfre Vargas Cortez, Talia V\u00e1zquez Alatorre, Giovanna Zacar\u00edas.<br \/><b><span style=\"color: #0b5394;font-size: x-small\">FUENTE: NODAL\/PRODUCCIONES RIACHUELO<\/span><\/b><\/span><\/p>\n","protected":false},"excerpt":{"rendered":"<p>QUE SE VAYALANZAN CAMPA\u00d1A PARA PEDIR LA REVOCATORIA DEL MANDATO DEL PRESIDENTE PE\u00d1A NIETO Este lunes 13 de abril, ciudadanos y pol\u00edticos opositores lanzaron la campa\u00f1a #QueSeVaya, con la cual buscan realizar una consulta ciudadana para revocar el mandato del priista.La idea es la siguiente: Los ciudadanos que lo deseen pueden descargar una boleta predise\u00f1ada, [&hellip;]<\/p>\n","protected":false},"author":4,"featured_media":0,"comment_status":"open","ping_status":"open","sticky":false,"template":"","format":"standard","meta":{"_monsterinsights_skip_tracking":false,"_monsterinsights_sitenote_active":false,"_monsterinsights_sitenote_note":"","_monsterinsights_sitenote_category":0,"jnews-multi-image_gallery":[],"jnews_single_post":{"format":"standard"},"jnews_primary_category":[],"_joinchat":[],"footnotes":""},"categories":[58],"tags":[70],"class_list":["post-565","post","type-post","status-publish","format-standard","hentry","category-noticiariachuelo","tag-de-la-patria-grande"],"_links":{"self":[{"href":"http:\/\/fmriachuelo.it10.com.ar\/index.php\/wp-json\/wp\/v2\/posts\/565","targetHints":{"allow":["GET"]}}],"collection":[{"href":"http:\/\/fmriachuelo.it10.com.ar\/index.php\/wp-json\/wp\/v2\/posts"}],"about":[{"href":"http:\/\/fmriachuelo.it10.com.ar\/index.php\/wp-json\/wp\/v2\/types\/post"}],"author":[{"embeddable":true,"href":"http:\/\/fmriachuelo.it10.com.ar\/index.php\/wp-json\/wp\/v2\/users\/4"}],"replies":[{"embeddable":true,"href":"http:\/\/fmriachuelo.it10.com.ar\/index.php\/wp-json\/wp\/v2\/comments?post=565"}],"version-history":[{"count":1,"href":"http:\/\/fmriachuelo.it10.com.ar\/index.php\/wp-json\/wp\/v2\/posts\/565\/revisions"}],"predecessor-version":[{"id":23281,"href":"http:\/\/fmriachuelo.it10.com.ar\/index.php\/wp-json\/wp\/v2\/posts\/565\/revisions\/23281"}],"wp:attachment":[{"href":"http:\/\/fmriachuelo.it10.com.ar\/index.php\/wp-json\/wp\/v2\/media?parent=565"}],"wp:term":[{"taxonomy":"category","embeddable":true,"href":"http:\/\/fmriachuelo.it10.com.ar\/index.php\/wp-json\/wp\/v2\/categories?post=565"},{"taxonomy":"post_tag","embeddable":true,"href":"http:\/\/fmriachuelo.it10.com.ar\/index.php\/wp-json\/wp\/v2\/tags?post=565"}],"curies":[{"name":"wp","href":"https:\/\/api.w.org\/{rel}","templated":true}]}}