{"id":5647,"date":"2017-09-14T15:48:25","date_gmt":"2017-09-14T15:48:25","guid":{"rendered":"http:\/\/fmriachuelo.com.ar\/?p=5647"},"modified":"2017-09-14T15:48:25","modified_gmt":"2017-09-14T15:48:25","slug":"sin-medios-comunitarios-no-hay-democracia","status":"publish","type":"post","link":"http:\/\/fmriachuelo.it10.com.ar\/index.php\/2017\/09\/14\/sin-medios-comunitarios-no-hay-democracia\/","title":{"rendered":"#SIN MEDIOS COMUNITARIOS NO HAY DEMOCRACIA"},"content":{"rendered":"<p>[FM Riachuelo 14\/09\/2017] Los medios de comunicaci\u00f3n popular\u00a0 se hacen presentes hoy \u00a0frente a las oficinas del ENACOM\u00a0 para reclamar por los atrasos en los pagos de los concursos del FOMECA y la no aprobaci\u00f3n de los nuevos proyectos, \u00a0e intentar un di\u00e1logo con los Directores del organismo que est\u00e1n en plena reuni\u00f3n de comisi\u00f3n.<\/p>\n<p>El pedido se efect\u00faa ante el incumplimiento por parte del estado del compromiso adquirido, \u00a0cuando el Decreto 267 \u00a0derog\u00f3 la ley de comunicaci\u00f3n\u00a0 audiovisual y cercen\u00f3 as\u00ed \u00a0los derechos \u00a0de los medios comunitarios que fueran otorgados mediante dicha Ley\u00a0 sancionada en octubre del 2009.<\/p>\n<p>Escuch\u00e1 los audios<\/p>\n<p><iframe loading=\"lazy\" title=\"RECLAMO ANTE ENACOM #SINMEDIOSCOMUNITARIOSNOHAYDEMOCRACIA by FMR\" width=\"500\" height=\"450\" scrolling=\"no\" frameborder=\"no\" src=\"https:\/\/w.soundcloud.com\/player\/?visual=true&#038;url=https%3A%2F%2Fapi.soundcloud.com%2Fplaylists%2F352648903&#038;show_artwork=true&#038;maxheight=750&#038;maxwidth=500\"><\/iframe><\/p>\n<p>Frente a la sede del ENACOM se instal\u00f3 \u00a0una radio abierta donde se hicieron presentes referentes de los diferentes\u00a0 medios comunitarios. \u00a0La medida de protesta reclama\u00a0por la falta de cumplimiento \u00a0con los art\u00edculos que a\u00fan siguen vigentes de la Ley y el pago comprometido que a\u00fan est\u00e1 pendiente de cumplimiento y que en la pr\u00e1ctica cercena el derecho a la comunicaci\u00f3n y la libertad de expresi\u00f3n, ahogando a\u00a0 los medios y rest\u00e1ndole los recursos econ\u00f3micos que les corresponden.<\/p>\n<p>La entrada en vigencia del decreto\u00a0 dictado por el Poder Ejecutivo Nacional dej\u00f3 a los medios comunitarios en condiciones de vulnerabilidad frente a los medios concentrados, siendo los medios comunitarios quienes \u00a0diariamente hacen \u00a0escuchar las voces de los distintos territorios con\u00a0 las diversas realidades que no tienen difusi\u00f3n en los medios masivos. Sin medios comunitarios no hay democracia.<\/p>\n","protected":false},"excerpt":{"rendered":"<p>[FM Riachuelo 14\/09\/2017] Los medios de comunicaci\u00f3n popular\u00a0 se hacen presentes hoy \u00a0frente a las oficinas del ENACOM\u00a0 para reclamar por los atrasos en los pagos de los concursos del FOMECA y la no aprobaci\u00f3n de los nuevos proyectos, \u00a0e intentar un di\u00e1logo con los Directores del organismo que est\u00e1n en plena reuni\u00f3n de comisi\u00f3n. [&hellip;]<\/p>\n","protected":false},"author":5,"featured_media":5648,"comment_status":"open","ping_status":"open","sticky":false,"template":"","format":"standard","meta":{"_monsterinsights_skip_tracking":false,"_monsterinsights_sitenote_active":false,"_monsterinsights_sitenote_note":"","_monsterinsights_sitenote_category":0,"jnews-multi-image_gallery":[],"jnews_single_post":[],"jnews_primary_category":[],"_joinchat":[],"footnotes":""},"categories":[78,76,77],"tags":[],"class_list":["post-5647","post","type-post","status-publish","format-standard","has-post-thumbnail","hentry","category-economia-popular","category-salud-comunitaria","category-soberania"],"_links":{"self":[{"href":"http:\/\/fmriachuelo.it10.com.ar\/index.php\/wp-json\/wp\/v2\/posts\/5647","targetHints":{"allow":["GET"]}}],"collection":[{"href":"http:\/\/fmriachuelo.it10.com.ar\/index.php\/wp-json\/wp\/v2\/posts"}],"about":[{"href":"http:\/\/fmriachuelo.it10.com.ar\/index.php\/wp-json\/wp\/v2\/types\/post"}],"author":[{"embeddable":true,"href":"http:\/\/fmriachuelo.it10.com.ar\/index.php\/wp-json\/wp\/v2\/users\/5"}],"replies":[{"embeddable":true,"href":"http:\/\/fmriachuelo.it10.com.ar\/index.php\/wp-json\/wp\/v2\/comments?post=5647"}],"version-history":[{"count":0,"href":"http:\/\/fmriachuelo.it10.com.ar\/index.php\/wp-json\/wp\/v2\/posts\/5647\/revisions"}],"wp:featuredmedia":[{"embeddable":true,"href":"http:\/\/fmriachuelo.it10.com.ar\/index.php\/wp-json\/wp\/v2\/media\/5648"}],"wp:attachment":[{"href":"http:\/\/fmriachuelo.it10.com.ar\/index.php\/wp-json\/wp\/v2\/media?parent=5647"}],"wp:term":[{"taxonomy":"category","embeddable":true,"href":"http:\/\/fmriachuelo.it10.com.ar\/index.php\/wp-json\/wp\/v2\/categories?post=5647"},{"taxonomy":"post_tag","embeddable":true,"href":"http:\/\/fmriachuelo.it10.com.ar\/index.php\/wp-json\/wp\/v2\/tags?post=5647"}],"curies":[{"name":"wp","href":"https:\/\/api.w.org\/{rel}","templated":true}]}}