{"id":564,"date":"2015-04-14T20:47:00","date_gmt":"2015-04-14T20:47:00","guid":{"rendered":"http:\/\/fmriachuelo.observatorioess.org.ar\/index.php\/2015\/04\/14\/venezuela-investigan-fraude-economico\/"},"modified":"2025-03-28T14:14:11","modified_gmt":"2025-03-28T17:14:11","slug":"venezuela-investigan-fraude-economico","status":"publish","type":"post","link":"http:\/\/fmriachuelo.it10.com.ar\/index.php\/2015\/04\/14\/venezuela-investigan-fraude-economico\/","title":{"rendered":"VENEZUELA: INVESTIGAN FRAUDE ECON\u00d3MICO"},"content":{"rendered":"<p><span style=\"color: red;font-family: Verdana, sans-serif;font-size: large\"><strong>DELINCUENTES<\/strong><\/span><br \/><span style=\"font-family: Verdana, sans-serif\"><strong>INVESTIGAN A 7 MIL EMPRESAS EN EL PA\u00cdS POR USO IRREGULAR DE DIVISAS<\/strong><\/span><br \/><span style=\"color: red;font-family: Verdana, sans-serif\"><\/span><\/p>\n<div style=\"clear: both;text-align: center\"><span style=\"color: red;font-family: Verdana, sans-serif\"><strong style=\"clear: left;float: left;margin-bottom: 1em;margin-right: 1em\"><img decoding=\"async\" border=\"0\" src=\"http:\/\/1.bp.blogspot.com\/-DRrZmoTddxo\/VS17GjVN8AI\/AAAAAAAADzk\/MRgMmhJLoZU\/s1600\/venezueladolares_6.jpg\" \/><\/strong><\/span><\/div>\n<p><span style=\"color: red;font-family: Verdana, sans-serif\"><\/span><br \/><span style=\"font-family: Verdana, sans-serif\">Un total de siete mil empresas venezolanas son investigadas por la justicia venezolana debido al uso irregular de divisas, inform\u00f3 este lunes el presidente de la Asamblea Nacional, Diosdado Cabello.<\/p>\n<p>\u201cNosotros lo hemos planteado, aquel funcionario venezolano que no tenga como justificar el dinero que tiene vamos a buscarlo donde est\u00e9\u201d, manifest\u00f3 este lunes Cabello en un entrevista en un canal privado.<\/p>\n<p>Cabello indic\u00f3 que sobre ese tema una comisi\u00f3n del Parlamento adelanta las investigaciones sobre la fuga de m\u00e1s de 20.000 millones de d\u00f3lares por parte de empresas fantasmas (ilegales, sin registro fiscal o mercantil). El dirigente revolucionario indic\u00f3 que trabajan para descubrir quienes son los responsables de esta estafa. \u201cEstar\u00edamos gustos\u00edsimos de saber quienes son, tienen que haber presos por eso\u201d.<\/p>\n<p>Adelant\u00f3 que la Fiscal\u00eda de la Rep\u00fablica tiene abiertas esas investigaciones y ya han detenido a varias personas vinculadas con este hecho.<\/span><br \/><a name='more'><\/a><span style=\"font-family: Verdana, sans-serif\">Consultado sobre los nuevos requisitos, tr\u00e1mites y montos para la asignaci\u00f3n de divisas destinadas a venezolanos que viajen al exterior, Cabello destac\u00f3 que la decisi\u00f3n fue tomada por las autoridades para evitar m\u00e1s fuga de divisas.<\/p>\n<p>Destac\u00f3 la necesidad de que la banca p\u00fablica se encargue del proceso de operaciones para otorgar divisas al viajeros, despu\u00e9s de hallarse a trav\u00e9s de investigaciones que muchas personas ten\u00edan hasta 20 tarjetas de cr\u00e9dito en bancos privados que las utilizaban para hechos il\u00edcitos.<\/p>\n<p>El tambi\u00e9n primer vicepresidente del Partido Socialista Unido de Venezuela se refiri\u00f3 al encuentro entre los presidentes de Venezuela y Estados Unidos, Nicol\u00e1s Maduro y Barack Obama, respectivamente, durante la VII Cumbre de las Am\u00e9ricas celebrada el fin de semana en Panam\u00e1<\/p>\n<p>Destac\u00f3 el Presidente Maduro fue a Panam\u00e1 a decir la verdad de Venezuela y en defensa de la soberan\u00eda e independencia nacional. Calific\u00f3 el decreto del gobierno de Obama como una \u201camenaza extremadamente grave\u201d para Venezuela.<br \/><\/span><span style=\"font-family: Verdana, sans-serif\">El presidente Nicol\u00e1s Maduro asegur\u00f3 ayer que radicalizar\u00e1 la Revoluci\u00f3n Bolivariana contra cualquier sabotaje econ\u00f3mico por los sectores de la derecha quienes buscan sabotear al pueblo. \u201cVamos hacer un 13 de abril en lo econ\u00f3mico\u201d, expres\u00f3.<\/p>\n<p>El jefe de Estado ofreci\u00f3 la informaci\u00f3n desde el Paseo Monumental Los Pr\u00f3ceres, durante la conmemoraci\u00f3n del quinto aniversario de la Milicia Nacional Bolivariana y los trece a\u00f1os del regreso del Comandante Hugo Ch\u00e1vez tras el golpe de Estado de 2002.<\/span><br \/><span style=\"font-family: Verdana, sans-serif\"><br \/><\/span><span style=\"font-family: Verdana, sans-serif\">Indic\u00f3 que solicit\u00f3 al vicepresidente Ejecutivo que citen a los empresarios \u201csin demoras y sin faltas, que se les entregaron los d\u00f3lares para la importaci\u00f3n de esos productos que no se hacen en Venezuela\u201d.<br \/>\u201cRevisen sus cuentas, vayan a los almacenes y si es necesario, vamos a detenerlos y entregarlos a la Fiscal\u00eda, porque estoy seguro que est\u00e1n detr\u00e1s del plan de sabotear a nuestro pueblo\u201d, a\u00f1adi\u00f3.<\/p>\n<p>El jefe de Estado fustig\u00f3 que estos sectores han sido convocados en Miraflores para reunirse con el Gobierno Bolivariano y se han comprometido a trabajar y accionan de manera contraria. \u201cVan a meterle la pu\u00f1alada al pueblo\u201d.<\/p>\n<p>Instruy\u00f3 a los ministros y a los poderes del Estado aplicar \u201cmano dura\u201d para quienes pretendan conspirar contra la estabilidad del pa\u00eds. \u201cNo creamos en la burgues\u00eda. Vamos a radicalizarnos\u201d, expres\u00f3.<\/span><br \/><span style=\"font-family: Verdana, sans-serif\">Tambi\u00e9n llam\u00f3 a la clase obrera a enfrentar a estos sectores y \u201ca los empresarios patriotas que quieran trabajar, enfrentemos la especulaci\u00f3n en la calle\u201d.<\/span><br \/><span style=\"color: #0b5394;font-family: Verdana, sans-serif;font-size: x-small\"><b>FUENTE: NODAL\/PRODUCCIONES RIACHUELO<\/b><\/span><\/p>\n","protected":false},"excerpt":{"rendered":"<p>DELINCUENTESINVESTIGAN A 7 MIL EMPRESAS EN EL PA\u00cdS POR USO IRREGULAR DE DIVISAS Un total de siete mil empresas venezolanas son investigadas por la justicia venezolana debido al uso irregular de divisas, inform\u00f3 este lunes el presidente de la Asamblea Nacional, Diosdado Cabello. \u201cNosotros lo hemos planteado, aquel funcionario venezolano que no tenga como justificar [&hellip;]<\/p>\n","protected":false},"author":4,"featured_media":0,"comment_status":"open","ping_status":"open","sticky":false,"template":"","format":"standard","meta":{"_monsterinsights_skip_tracking":false,"_monsterinsights_sitenote_active":false,"_monsterinsights_sitenote_note":"","_monsterinsights_sitenote_category":0,"jnews-multi-image_gallery":[],"jnews_single_post":{"format":"standard"},"jnews_primary_category":[],"_joinchat":[],"footnotes":""},"categories":[58],"tags":[70],"class_list":["post-564","post","type-post","status-publish","format-standard","hentry","category-noticiariachuelo","tag-de-la-patria-grande"],"_links":{"self":[{"href":"http:\/\/fmriachuelo.it10.com.ar\/index.php\/wp-json\/wp\/v2\/posts\/564","targetHints":{"allow":["GET"]}}],"collection":[{"href":"http:\/\/fmriachuelo.it10.com.ar\/index.php\/wp-json\/wp\/v2\/posts"}],"about":[{"href":"http:\/\/fmriachuelo.it10.com.ar\/index.php\/wp-json\/wp\/v2\/types\/post"}],"author":[{"embeddable":true,"href":"http:\/\/fmriachuelo.it10.com.ar\/index.php\/wp-json\/wp\/v2\/users\/4"}],"replies":[{"embeddable":true,"href":"http:\/\/fmriachuelo.it10.com.ar\/index.php\/wp-json\/wp\/v2\/comments?post=564"}],"version-history":[{"count":1,"href":"http:\/\/fmriachuelo.it10.com.ar\/index.php\/wp-json\/wp\/v2\/posts\/564\/revisions"}],"predecessor-version":[{"id":23282,"href":"http:\/\/fmriachuelo.it10.com.ar\/index.php\/wp-json\/wp\/v2\/posts\/564\/revisions\/23282"}],"wp:attachment":[{"href":"http:\/\/fmriachuelo.it10.com.ar\/index.php\/wp-json\/wp\/v2\/media?parent=564"}],"wp:term":[{"taxonomy":"category","embeddable":true,"href":"http:\/\/fmriachuelo.it10.com.ar\/index.php\/wp-json\/wp\/v2\/categories?post=564"},{"taxonomy":"post_tag","embeddable":true,"href":"http:\/\/fmriachuelo.it10.com.ar\/index.php\/wp-json\/wp\/v2\/tags?post=564"}],"curies":[{"name":"wp","href":"https:\/\/api.w.org\/{rel}","templated":true}]}}