{"id":5634,"date":"2017-09-12T22:22:20","date_gmt":"2017-09-12T22:22:20","guid":{"rendered":"http:\/\/fmriachuelo.com.ar\/?p=5634"},"modified":"2017-09-12T22:22:20","modified_gmt":"2017-09-12T22:22:20","slug":"clases-publicas-de-maestros-villeros-en-el-obelisco","status":"publish","type":"post","link":"http:\/\/fmriachuelo.it10.com.ar\/index.php\/2017\/09\/12\/clases-publicas-de-maestros-villeros-en-el-obelisco\/","title":{"rendered":"CLASES PUBLICAS DE MAESTROS VILLEROS EN EL OBELISCO"},"content":{"rendered":"<p>[FM Riachuelo 12\/09\/2017] Ayer para celebrar el d\u00eda del maestro, \u201cMaestros y Maestras Villeros\u201d realizaron una CLASE ABIERTA en el Obelisco para reflexionar sobre la situaci\u00f3n educativa actual. Reclamaron por la emergencia alimentaria; la emergencia educativa; la emergencia laboral y tambi\u00e9n se pronunciaron en contra de la Violencia Institucional que sufre el sector m\u00e1s postergado de la sociedad.<\/p>\n<p>Escuch\u00e1 las entrevistas que hizo FM Riachuelo:<\/p>\n<p><a href=\"https:\/\/soundcloud.com\/prensa-fm-riachuelo\/sets\/11-09-2017-clase-publica-en-el-obelisco-maestros-villeros\">https:\/\/soundcloud.com\/prensa-fm-riachuelo\/sets\/11-09-2017-clase-publica-en-el-obelisco-maestros-villeros<\/a><\/p>\n<p>No falt\u00f3 el reclamo por la APARICI\u00d3N CON VIDA DE SANTIAGO MALDONADO ni el<span class=\"text_exposed_show\"> recuerdo y homenaje al Maestro Carlos Fuentealba, asesinado por las fuerzas de seguridad.<br \/>\nFM Riachuelo 100.9 convers\u00f3 con el Docente Maximiliano Malfatti, integrante de Maestros y Maestras Villeros, quien habl\u00f3 sobre la reforma educativa, que el Gobierno de la Ciudad de Buenos Aires pretende aplicar a los colegios secundarios.<br \/>\nDijo al respecto \u201crechazamos la escuela secundaria del futuro porque es un proyecto propuesto por el Banco Mundial y las grandes Corporaciones y no tiene contacto con los trabajadores de las escuelas ni los estudiantes\u201d. Adem\u00e1s destaco \u201ccreemos que el futuro debe ser pensado entre todos teniendo en cuenta las particularidades de las regiones y enmarcado en un Proyecto Nacional\u201d.<\/span><\/p>\n<p><span class=\"text_exposed_show\"><br \/>\nNora Corti\u00f1as, militante y defensora de los DDHH en Argentina, hablo sobre el hostigamiento que est\u00e1n sufriendo los maestros por parte del gobierno \u201cm\u00e1s que nunca abrazar a los docentes que est\u00e1n siendo hostigados por el gobierno para quererlos silenciar sobre la verdadera historia argentina\u201d. <\/span><\/p>\n<p><span class=\"text_exposed_show\"><br \/>\nPor otra parte, resalto la importancia del trabajo de los docentes \u201clos maestros son los que le trasmiten la verdadera historia a los ni\u00f1os que van creciendo en este mundo tan lleno de silencios y ocultamientos\u201d.<\/span><\/p>\n<p><span class=\"text_exposed_show\"><br \/>\n\u201cLos guardapolvos blancos son la contracara de los uniformes negros y verdes de las fuerzas de seguridad, que los maltratan los excluyen y lo someten a la violencia\u201d afirmo Juan Grabois integrante del MTE (Movimiento de Trabajadores Excluidos) tambi\u00e9n presente en la jornada.<\/span><\/p>\n<p><span class=\"text_exposed_show\"><br \/>\nAl final de la jornada toco una orquesta conformada por estudiantes, interpretaron La Memoria de Le\u00f3n Gieco y el Himno Nacional Argentino.<\/span><\/p>\n<p><span class=\"text_exposed_show\"><br \/>\nAcompa\u00f1aron la actividad, La Garganta Poderosa, Organismos de Derechos Humanos, UTE (Uni\u00f3n de Trabajadores de la Educaci\u00f3n) CTERA (Confederaci\u00f3n de Trabajadores de la Educaci\u00f3n de la Rep\u00fablica Argentina), maestros, padres y alumnos de distintas instituciones educativas.<\/span><\/p>\n","protected":false},"excerpt":{"rendered":"<p>[FM Riachuelo 12\/09\/2017] Ayer para celebrar el d\u00eda del maestro, \u201cMaestros y Maestras Villeros\u201d realizaron una CLASE ABIERTA en el Obelisco para reflexionar sobre la situaci\u00f3n educativa actual. Reclamaron por la emergencia alimentaria; la emergencia educativa; la emergencia laboral y tambi\u00e9n se pronunciaron en contra de la Violencia Institucional que sufre el sector m\u00e1s postergado [&hellip;]<\/p>\n","protected":false},"author":5,"featured_media":5635,"comment_status":"open","ping_status":"open","sticky":false,"template":"","format":"standard","meta":{"_monsterinsights_skip_tracking":false,"_monsterinsights_sitenote_active":false,"_monsterinsights_sitenote_note":"","_monsterinsights_sitenote_category":0,"jnews-multi-image_gallery":[],"jnews_single_post":[],"jnews_primary_category":[],"_joinchat":[],"footnotes":""},"categories":[78,76,77],"tags":[],"class_list":["post-5634","post","type-post","status-publish","format-standard","has-post-thumbnail","hentry","category-economia-popular","category-salud-comunitaria","category-soberania"],"_links":{"self":[{"href":"http:\/\/fmriachuelo.it10.com.ar\/index.php\/wp-json\/wp\/v2\/posts\/5634","targetHints":{"allow":["GET"]}}],"collection":[{"href":"http:\/\/fmriachuelo.it10.com.ar\/index.php\/wp-json\/wp\/v2\/posts"}],"about":[{"href":"http:\/\/fmriachuelo.it10.com.ar\/index.php\/wp-json\/wp\/v2\/types\/post"}],"author":[{"embeddable":true,"href":"http:\/\/fmriachuelo.it10.com.ar\/index.php\/wp-json\/wp\/v2\/users\/5"}],"replies":[{"embeddable":true,"href":"http:\/\/fmriachuelo.it10.com.ar\/index.php\/wp-json\/wp\/v2\/comments?post=5634"}],"version-history":[{"count":0,"href":"http:\/\/fmriachuelo.it10.com.ar\/index.php\/wp-json\/wp\/v2\/posts\/5634\/revisions"}],"wp:featuredmedia":[{"embeddable":true,"href":"http:\/\/fmriachuelo.it10.com.ar\/index.php\/wp-json\/wp\/v2\/media\/5635"}],"wp:attachment":[{"href":"http:\/\/fmriachuelo.it10.com.ar\/index.php\/wp-json\/wp\/v2\/media?parent=5634"}],"wp:term":[{"taxonomy":"category","embeddable":true,"href":"http:\/\/fmriachuelo.it10.com.ar\/index.php\/wp-json\/wp\/v2\/categories?post=5634"},{"taxonomy":"post_tag","embeddable":true,"href":"http:\/\/fmriachuelo.it10.com.ar\/index.php\/wp-json\/wp\/v2\/tags?post=5634"}],"curies":[{"name":"wp","href":"https:\/\/api.w.org\/{rel}","templated":true}]}}