{"id":563,"date":"2015-04-14T20:54:00","date_gmt":"2015-04-14T20:54:00","guid":{"rendered":"http:\/\/fmriachuelo.observatorioess.org.ar\/index.php\/2015\/04\/14\/la-boca-33-familias-organizadas-lograron-la-vivienda-propia\/"},"modified":"2025-03-28T14:15:20","modified_gmt":"2025-03-28T17:15:20","slug":"la-boca-33-familias-organizadas-lograron-la-vivienda-propia","status":"publish","type":"post","link":"http:\/\/fmriachuelo.it10.com.ar\/index.php\/2015\/04\/14\/la-boca-33-familias-organizadas-lograron-la-vivienda-propia\/","title":{"rendered":"LA BOCA: 33 FAMILIAS ORGANIZADAS LOGRARON LA VIVIENDA PROPIA"},"content":{"rendered":"<p><span style=\"color: red;font-family: Verdana, sans-serif;font-size: large\"><strong>CONSTRUIR UNA SOCIEDAD DISTINTA<\/strong><\/span><br \/><b><span style=\"font-family: Verdana, sans-serif\">LADRILLO AUTOGESTI\u00d3N Y LUCHA<\/span><\/b><br \/><a href=\"http:\/\/3.bp.blogspot.com\/-Qxa9qnBzJN0\/VS19lhyB8nI\/AAAAAAAADzw\/roNKEYENgKk\/s1600\/SUR.jpg\" style=\"clear: left;float: left;margin-bottom: 1em;margin-right: 1em\"><img loading=\"lazy\" decoding=\"async\" border=\"0\" src=\"http:\/\/3.bp.blogspot.com\/-Qxa9qnBzJN0\/VS19lhyB8nI\/AAAAAAAADzw\/roNKEYENgKk\/s1600\/SUR.jpg\" height=\"238\" width=\"320\" \/><\/a><i><span style=\"font-family: Verdana, sans-serif\">Por Martina Noailles, Fotos Daniel Otero y Johan Ramos<\/span><\/i><br \/><strong><span style=\"font-family: Verdana, sans-serif\">En La Boca, 33 familias organizadas en la Cooperativa de Vivienda Los Pibes (CoViLPi), alcanzaron el sue\u00f1o de la vivienda propia. La inauguraci\u00f3n fue el 22 de marzo, cumplea\u00f1os de Mart\u00edn Oso Cisneros, primer presidente de la cooperativa, asesinado hace diez a\u00f1os. Cr\u00f3nica de una tarde con aroma a victoria.<\/span><\/strong><br \/><span style=\"font-family: Verdana, sans-serif\">Techo: del lat\u00edn tectum, recubrir, cubrir, proteger.<\/span><br \/><span style=\"font-family: Verdana, sans-serif\">Las sonrisas no entran en los cuerpos. Las miradas, limpias, se reconocen bajo el cielo hoy tan celeste como sus remeras. Van, vienen, muestran. \u201cFinalmente ac\u00e1 estamos, esto es nuestro, tenemos casa propia, cost\u00f3 pero lo logramos\u201d, gritan sus pechos inflados de alegr\u00eda y orgullo: \u201cQueremos que Covilpi sea ejemplo, demostrar que con lucha y organizaci\u00f3n se puede\u201d.  Son hombres, son mujeres \u2013en su mayor\u00eda-, son ni\u00f1os y en cada panzota \u2013unas cuantas-, son futuro.<\/span><br \/><span style=\"font-family: Verdana, sans-serif\"><\/p>\n<div align=\"&quot;&quot;left&quot;&quot;\"><\/div>\n<div align=\"&quot;&quot;left&quot;&quot;\">El d\u00eda elegido para correr el tel\u00f3n y cortar la cinta imaginaria fue el 22 de marzo. Y n esto no hubo ni un poco de azar. Si no lo hubieran asesinado, Mart\u00edn \u201cEl Oso\u201d Cisneros cumplir\u00eda 55 a\u00f1os. Nadie lo olvida. \u00bfC\u00f3mo hacerlo, no?. Est\u00e1 m\u00e1s que presente. El Oso son los cimientos de este lugar. Est\u00e1 en las banderas, las remeras, las fotos que se reparten por las paredes del edificio a estrenar. La voz del Oso se escucha en cada relato, en cada agradecimiento, en cada discurso. Y hasta en su canci\u00f3n, esa que cerr\u00f3 la jornada tragando saliva. Sobre un escenario donde no cab\u00edan los 33 de tan anchas las gargantas. <\/div>\n<div align=\"&quot;&quot;left&quot;&quot;\"><a name='more'><\/a><\/div>\n<div align=\"&quot;&quot;left&quot;&quot;\">Abajo, cientos de invitados abrazaban con la mirada. Algunos, con sus experiencias hermanas en el pu\u00f1o, como los miembros de la Federaci\u00f3n Uruguaya de Vivienda y los representantes de los gobiernos de Venezuela y Bolivia. Otros, con las luchas de la Ciudad y el pa\u00eds, como los hombres y mujeres del MOI, el FPDS, el Evita, la CTEP. La pelea contra el negocio inmobiliario en La Boca tambi\u00e9n estuvo presente con el Grupo de Vivienda y H\u00e1bitat y ese heterog\u00e9neo La Boca Resiste y Propone que sali\u00f3 a la calle para sembrar futuros para los pibes del barrio. Tambi\u00e9n estuvieron con sus remeras blancas quienes resisten su desalojo de Pav\u00f3n 4100 y ven en Covilpi una utop\u00eda hecha realidad. <\/div>\n<div align=\"&quot;&quot;left&quot;&quot;\"><\/div>\n<div align=\"&quot;&quot;left&quot;&quot;\">\u201cEste es un logro de todos los que lucharon y pelearon en estos a\u00f1os, de los 33 que asumimos el compromiso de que se conozca, pero tambi\u00e9n de los que se quedaron en el camino cuando parec\u00eda imposible avanzar. No tenemos que olvidar que la vivienda digna es nuestro derecho y ustedes tienen que seguir peleando para lograrlo\u201d. Patricia Maidana habla desde un micr\u00f3fono que amplifica el sentir de sus compa\u00f1eros. Es la presidenta de la Cooperativa. La \u00faltima. Pero a su lado sonr\u00ede Alicia, la anterior. Y Luciano, \u00c1ngeles, Johny, Quique, Isabel, Pacha, Sandra, Daniela, Romi, Ale, Leo&#8230; Y m\u00e1s all\u00e1, en la pared, est\u00e1 Cacho con su Chatarra gigante, ese que reflej\u00f3 en dibujos un pedazo de esta historia.<\/div>\n<div align=\"&quot;&quot;left&quot;&quot;\"><\/div>\n<div align=\"&quot;&quot;left&quot;&quot;\">Tambi\u00e9n est\u00e1 Jaime Sor\u00edn, que se puso el traje de arquitecto de esta obra popular desde que Brin y Pedro de Mendoza era un terreno bald\u00edo con pastos que se escurr\u00edan por las paredes. Y los acompa\u00f1\u00f3 con ladrillos, revoque y paciencia. Mucha paciencia. Doce a\u00f1os de paciencia y cascos amarillos. Hasta que Covilpi fue esta Covilpi, esta que sus miembros muestran a quien quiera ver y mirar. Por eso, el d\u00eda del festejo las visitas guiadas se multiplican. Los 33 abren las puertas de sus casas, esta es la cocina, estas son las habitaciones y los ventanales que dejan entrar el sol. Por ac\u00e1 el ba\u00f1o. M\u00edo, de mi familia. Ya nada de compartir entre otras 20 personas como en los conventillos donde siempre vivimos. Ahora tengo mi refugio, luminoso, aireado, con balc\u00f3n y con toditos los servicios. <\/div>\n<div align=\"&quot;&quot;left&quot;&quot;\"><\/div>\n<div align=\"&quot;&quot;left&quot;&quot;\">\u201cQuedan 700 mil conciudadanos con problemas de vivienda. Y eso muestra que se puede\u201d, dijo bajo sus anteojos de marco grueso el arquitecto, que no se olvid\u00f3 de reconocer a los obreros que pusieron el cuerpo y que, como el resto, tuvieron que tener paciencia cada vez que el IVC retrasaba las partidas para pagar los avances y todo se frenaba. Una constante en esta d\u00e9cada. Un Instituto para la Vivienda con arcas vac\u00edas y vaciadas para la 341, esa ley que permiti\u00f3 construir estos techos a pesar del propio organismo. Esa ley que pens\u00f3 la construcci\u00f3n colectiva y popular \u2013s\u00ed, sin empresas- como salida a la gran crisis habitacional que atraviesa a la Ciudad m\u00e1s rica del pa\u00eds. Esa ley que permite construir bien, bueno y barato y que, claro, va en contra de los negocios y la especulaci\u00f3n inmobiliaria, tan en boga en este La Boca de conventillos, casas tomadas, incendios al que quieren estampar el nombre de Distrito del Arte. Ac\u00e1 ya hay arte. Y tambi\u00e9n hay lucha. Y Covilpis que quieren contagiar.  <\/div>\n<div align=\"&quot;&quot;left&quot;&quot;\"><\/div>\n<div align=\"&quot;&quot;left&quot;&quot;\">Del \u00e1rbol de Covilpi nacen llaves y llaveros. Las llaves son para los flamantes due\u00f1os de estas 33 viviendas de 3 y 4 ambientes, en este edificio de 4 pisos y miles de historias. Los llaveros, para los amigos, como recuerdo de esta jornada compartida, de esta pelea de doce a\u00f1os ganada. Porque como dijo Lito Borello \u201c<span style=\"color: #002200\">de alguna manera, la concreci\u00f3n de las viviendas, tiene sentido porque tiene sentido construir una sociedad distinta\u201d.<\/span><\/div>\n<div align=\"&quot;&quot;left&quot;&quot;\"><span style=\"color: #0b5394;font-size: x-small\"><b>FUENTE: SUR CAPITALINO\/PRODUCCIONES RIACHUELO<\/b><\/span><\/div>\n<p><\/span><\/p>\n","protected":false},"excerpt":{"rendered":"<p>CONSTRUIR UNA SOCIEDAD DISTINTALADRILLO AUTOGESTI\u00d3N Y LUCHAPor Martina Noailles, Fotos Daniel Otero y Johan RamosEn La Boca, 33 familias organizadas en la Cooperativa de Vivienda Los Pibes (CoViLPi), alcanzaron el sue\u00f1o de la vivienda propia. La inauguraci\u00f3n fue el 22 de marzo, cumplea\u00f1os de Mart\u00edn Oso Cisneros, primer presidente de la cooperativa, asesinado hace diez [&hellip;]<\/p>\n","protected":false},"author":4,"featured_media":0,"comment_status":"open","ping_status":"open","sticky":false,"template":"","format":"standard","meta":{"_monsterinsights_skip_tracking":false,"_monsterinsights_sitenote_active":false,"_monsterinsights_sitenote_note":"","_monsterinsights_sitenote_category":0,"jnews-multi-image_gallery":[],"jnews_single_post":{"format":"standard"},"jnews_primary_category":[],"_joinchat":[],"footnotes":""},"categories":[60],"tags":[81,147,157],"class_list":["post-563","post","type-post","status-publish","format-standard","hentry","category-mirada-riachuelo","tag-aguafuertes-portenas","tag-habitat","tag-nadie-se-salva-solo"],"_links":{"self":[{"href":"http:\/\/fmriachuelo.it10.com.ar\/index.php\/wp-json\/wp\/v2\/posts\/563","targetHints":{"allow":["GET"]}}],"collection":[{"href":"http:\/\/fmriachuelo.it10.com.ar\/index.php\/wp-json\/wp\/v2\/posts"}],"about":[{"href":"http:\/\/fmriachuelo.it10.com.ar\/index.php\/wp-json\/wp\/v2\/types\/post"}],"author":[{"embeddable":true,"href":"http:\/\/fmriachuelo.it10.com.ar\/index.php\/wp-json\/wp\/v2\/users\/4"}],"replies":[{"embeddable":true,"href":"http:\/\/fmriachuelo.it10.com.ar\/index.php\/wp-json\/wp\/v2\/comments?post=563"}],"version-history":[{"count":1,"href":"http:\/\/fmriachuelo.it10.com.ar\/index.php\/wp-json\/wp\/v2\/posts\/563\/revisions"}],"predecessor-version":[{"id":23283,"href":"http:\/\/fmriachuelo.it10.com.ar\/index.php\/wp-json\/wp\/v2\/posts\/563\/revisions\/23283"}],"wp:attachment":[{"href":"http:\/\/fmriachuelo.it10.com.ar\/index.php\/wp-json\/wp\/v2\/media?parent=563"}],"wp:term":[{"taxonomy":"category","embeddable":true,"href":"http:\/\/fmriachuelo.it10.com.ar\/index.php\/wp-json\/wp\/v2\/categories?post=563"},{"taxonomy":"post_tag","embeddable":true,"href":"http:\/\/fmriachuelo.it10.com.ar\/index.php\/wp-json\/wp\/v2\/tags?post=563"}],"curies":[{"name":"wp","href":"https:\/\/api.w.org\/{rel}","templated":true}]}}