{"id":560,"date":"2015-04-15T14:00:00","date_gmt":"2015-04-15T14:00:00","guid":{"rendered":"http:\/\/fmriachuelo.observatorioess.org.ar\/index.php\/2015\/04\/15\/rosario-violento-desalojo\/"},"modified":"2025-03-28T14:18:19","modified_gmt":"2025-03-28T17:18:19","slug":"rosario-violento-desalojo","status":"publish","type":"post","link":"http:\/\/fmriachuelo.it10.com.ar\/index.php\/2015\/04\/15\/rosario-violento-desalojo\/","title":{"rendered":"ROSARIO: VIOLENTO DESALOJO"},"content":{"rendered":"<p><span style=\"color: red;font-family: Verdana, sans-serif;font-size: large\"><strong>ACCIONAR ILEGAL DE LAS FUERZAS DE LA LEY<\/strong><\/span><br \/><span style=\"color: black;font-family: Verdana, sans-serif\"><strong>SIN ORDEN DE DESALOJO 40 FAMILIAS&nbsp;FUERON EXPULSADAS DE UN PREDIO POR LA POLICIA&nbsp;<\/strong><\/span><br \/><strong><span style=\"font-family: Verdana\"><\/span><\/strong><br \/><span style=\"font-family: Verdana\"><strong>Actualizamos: [14\/04\/15] <\/strong>En la tarde de ayer en el programa <strong>Romp\u00e9 el Cerco Informativo <\/strong>nos comunicamos con una habitante del lugar, escuch\u00e1 lo que nos dijo:<\/span><br \/><a href=\"http:\/\/www.mediafire.com\/listen\/k1nkrof1gf77aum\/04-14-2015_-_SOLEDAD_VECINA_DESALOJADA_DEL_PREDIO_DE_ROSARIO_-_Cuenta_la_situaci%C3%B3n_actuial.mp3\"><span style=\"color: blue;font-family: Verdana, sans-serif\"><strong>VECINA DEL PREDIO DESALOJADO<\/strong><\/span><\/a>&nbsp;<strong><span style=\"font-family: Verdana\"> <\/span><\/strong><br \/><strong><span style=\"font-family: Verdana\"><\/span><\/strong><\/p>\n<table align=\"center\" cellpadding=\"0\" cellspacing=\"0\" style=\"float: left;margin-right: 1em;text-align: left\">\n<tbody>\n<tr>\n<td style=\"text-align: center\"><a href=\"http:\/\/3.bp.blogspot.com\/-dqIM6F9yZQU\/VS04SUiFbEI\/AAAAAAAADy0\/utRvX15WzY4\/s1600\/rosario.jpg\" style=\"margin-left: auto;margin-right: auto\"><img loading=\"lazy\" decoding=\"async\" border=\"0\" src=\"http:\/\/3.bp.blogspot.com\/-dqIM6F9yZQU\/VS04SUiFbEI\/AAAAAAAADy0\/utRvX15WzY4\/s1600\/rosario.jpg\" height=\"130\" width=\"320\" \/><\/a><\/td>\n<\/tr>\n<tr>\n<td style=\"text-align: center\"><strong><em>Fotos: FOB Rosario<\/em><\/strong><strong> <\/strong><\/td>\n<\/tr>\n<\/tbody>\n<\/table>\n<p><span style=\"font-family: Verdana, sans-serif\">[Lunes 13\/04\/15] Ayer el gobierno provincial y municipal de Rosario desaloj\u00f3 mediante la polic\u00eda a 40 de las 80 familias que desde el 25 de febrero pasado viv\u00edan en los terrenos en desuso de 27 de Febrero y Circunvalaci\u00f3n en la ciudad de Rosario. La polic\u00eda, que no ten\u00eda orden judicial para proceder, golpe\u00f3 a una mujer embarazada y apunt\u00f3 con armas a ni\u00f1os y ni\u00f1as. Por la tarde, ya noche, los y las vecinas segu\u00edan sosteniendo un corte y piquete.&nbsp; <\/span><br \/><a name='more'><\/a><span style=\"font-family: Verdana, sans-serif\">A las 8 de la ma\u00f1ana la polic\u00eda de Santa Fe se present\u00f3 sin orden de desalojo provista por un juez y con una topadora logr\u00f3 derribar las precarias casillas donde se encontraban familias enteras, no dando tiempo a recuperar siquiera las pertenencias b\u00e1sicas, las chapas y tirantes, en el Barrio 27 de Febrero, Rosario.<\/p>\n<p>En un comunicado de prensa la Federaci\u00f3n de Organizaciones de Base (FOB) de Rosario denunci\u00f3 que \u00abse presentaron varios oficiales de civil, haci\u00e9ndose pasar por funcionarios municipales y resultando finalmente ser parte de la polic\u00eda santafesina.\u00bb<\/span><\/p>\n<p><span style=\"font-family: Verdana, sans-serif\">Una de las vecinas desalojadas, Soledad, confirm\u00f3 que \u00abhubo polic\u00edas de civil que le pegaron a una mujer embarazada y adem\u00e1s le apuntaron con armas a los chicos\u00bb.<\/p>\n<p>\u00abNos destruyeron las pocas casas, nos sacaron, lo \u00fanico que queremos es la tierra\u00bb, dice firme, desde el otra lado de la l\u00ednea, Soledad. Esboza la hip\u00f3tesis de que \u00abeste es un barrio destinado a polic\u00edas y municipales y por eso nos quieren sacar\u00bb.<\/p>\n<p>Soledad concluye mencionando la intencionalidad de los medios masivos: \u00abCanal 5 dice que esto es una usurpaci\u00f3n y no es as\u00ed, el municipio dijo que nos iba a ayudar y ahora nos desaloja y sin ninguna orden.\u00bb <\/span><\/p>\n<p><span style=\"font-family: Verdana, sans-serif\">Ayer los vecinos y vecinas del barrio manten\u00edan un corte y piquete en la intersecci\u00f3n de 27 de febrero y Circunvalaci\u00f3n, con el patrullaje constante de la polic\u00eda por all\u00ed.<\/p>\n<p>Contacto: 0341- 156831912 Soledad (Vecina Desalojada).<\/span><br \/><span style=\"color: blue;font-family: Verdana\">Fuente: Anred, Producci\u00f3n Riachuelo<\/span><\/p>\n","protected":false},"excerpt":{"rendered":"<p>ACCIONAR ILEGAL DE LAS FUERZAS DE LA LEYSIN ORDEN DE DESALOJO 40 FAMILIAS&nbsp;FUERON EXPULSADAS DE UN PREDIO POR LA POLICIA&nbsp;Actualizamos: [14\/04\/15] En la tarde de ayer en el programa Romp\u00e9 el Cerco Informativo nos comunicamos con una habitante del lugar, escuch\u00e1 lo que nos dijo:VECINA DEL PREDIO DESALOJADO&nbsp; Fotos: FOB Rosario [Lunes 13\/04\/15] Ayer el [&hellip;]<\/p>\n","protected":false},"author":4,"featured_media":0,"comment_status":"open","ping_status":"open","sticky":false,"template":"","format":"standard","meta":{"_monsterinsights_skip_tracking":false,"_monsterinsights_sitenote_active":false,"_monsterinsights_sitenote_note":"","_monsterinsights_sitenote_category":0,"jnews-multi-image_gallery":[],"jnews_single_post":{"format":"standard"},"jnews_primary_category":[],"_joinchat":[],"footnotes":""},"categories":[58],"tags":[71,147,156],"class_list":["post-560","post","type-post","status-publish","format-standard","hentry","category-noticiariachuelo","tag-de-la-tierra","tag-habitat","tag-tierra-techo-y-trabajo"],"_links":{"self":[{"href":"http:\/\/fmriachuelo.it10.com.ar\/index.php\/wp-json\/wp\/v2\/posts\/560","targetHints":{"allow":["GET"]}}],"collection":[{"href":"http:\/\/fmriachuelo.it10.com.ar\/index.php\/wp-json\/wp\/v2\/posts"}],"about":[{"href":"http:\/\/fmriachuelo.it10.com.ar\/index.php\/wp-json\/wp\/v2\/types\/post"}],"author":[{"embeddable":true,"href":"http:\/\/fmriachuelo.it10.com.ar\/index.php\/wp-json\/wp\/v2\/users\/4"}],"replies":[{"embeddable":true,"href":"http:\/\/fmriachuelo.it10.com.ar\/index.php\/wp-json\/wp\/v2\/comments?post=560"}],"version-history":[{"count":1,"href":"http:\/\/fmriachuelo.it10.com.ar\/index.php\/wp-json\/wp\/v2\/posts\/560\/revisions"}],"predecessor-version":[{"id":23286,"href":"http:\/\/fmriachuelo.it10.com.ar\/index.php\/wp-json\/wp\/v2\/posts\/560\/revisions\/23286"}],"wp:attachment":[{"href":"http:\/\/fmriachuelo.it10.com.ar\/index.php\/wp-json\/wp\/v2\/media?parent=560"}],"wp:term":[{"taxonomy":"category","embeddable":true,"href":"http:\/\/fmriachuelo.it10.com.ar\/index.php\/wp-json\/wp\/v2\/categories?post=560"},{"taxonomy":"post_tag","embeddable":true,"href":"http:\/\/fmriachuelo.it10.com.ar\/index.php\/wp-json\/wp\/v2\/tags?post=560"}],"curies":[{"name":"wp","href":"https:\/\/api.w.org\/{rel}","templated":true}]}}