{"id":559,"date":"2015-04-15T14:19:00","date_gmt":"2015-04-15T14:19:00","guid":{"rendered":"http:\/\/fmriachuelo.observatorioess.org.ar\/index.php\/2015\/04\/15\/la-salada-los-trabajadores-de-la-economia-popular-amenazados\/"},"modified":"2025-03-28T14:19:50","modified_gmt":"2025-03-28T17:19:50","slug":"la-salada-los-trabajadores-de-la-economia-popular-amenazados","status":"publish","type":"post","link":"http:\/\/fmriachuelo.it10.com.ar\/index.php\/2015\/04\/15\/la-salada-los-trabajadores-de-la-economia-popular-amenazados\/","title":{"rendered":"LA SALADA: LOS TRABAJADORES DE LA ECONOM\u00cdA POPULAR AMENAZADOS"},"content":{"rendered":"<p><strong><span style=\"color: red;font-family: Verdana;font-size: large\">DISPUTA TERRITORIAL:<\/span><\/strong><br \/><strong><span style=\"color: red;font-family: Verdana;font-size: large\">PELIGRO PARA LOS TRABAJADORES<\/span><\/strong><br \/><span style=\"font-family: Verdana, sans-serif\"><br \/><strong>Otra vez La Salada: Saqueos, tiros, piquetes y desalojo<\/strong> Ante una versi\u00f3n de nuevos desalojos, durante la madrugada hubo serios incidentes en la feria de La Salada. Tiros, piquetes, pedradas a c\u00e1maras de seguridad y luminarias, quema de neum\u00e1ticos y saqueos a algunos comercios. Personal de la Guardia de Infanter\u00eda de la Polic\u00eda Bonaerense recorri\u00f3 la zona de manera preventiva. Tambi\u00e9n hubo enfrentamientos entre puesteros desalojados y la polic\u00eda. <\/span><\/p>\n<div style=\"clear: both;text-align: center\"><a href=\"http:\/\/2.bp.blogspot.com\/-qVBQP88wIP4\/VS5ys-hQAfI\/AAAAAAAAD0k\/7Y9fYAmMi5c\/s1600\/SALADA.jpg\" style=\"clear: left;float: left;margin-bottom: 1em;margin-right: 1em\"><img loading=\"lazy\" decoding=\"async\" border=\"0\" src=\"http:\/\/2.bp.blogspot.com\/-qVBQP88wIP4\/VS5ys-hQAfI\/AAAAAAAAD0k\/7Y9fYAmMi5c\/s1600\/SALADA.jpg\" height=\"179\" width=\"320\" \/><\/a><\/div>\n<p><span style=\"font-family: Verdana, sans-serif\"><span style=\"font-size: x-small\">[CIUDAD DE BUENOS AIRES (Urgente24)].-<\/span> Volvieron los incidentes a la feria de La Salada &nbsp;(Lomas de Zamora). Despu\u00e9s del desalojo de puestos externos dominados por barrabravas, este mi\u00e9rcoles (15\/04) ante rumores de nuevos procedimientos policias, hubo serios incidentes. Alrededor de un centenar de puesteros realizaron piquetes sobre el Camino de la Ribera, que incluyeron pedradas hacia efectivos policiales, c\u00e1maras de seguridad y postes de luz, as\u00ed como quema de neum\u00e1ticos.<\/p>\n<p>Varios de los manifestantes hab\u00edan sido desalojados por la polic\u00eda hace una semana, y amenazaban con quedarse \u00abhasta las \u00faltimas consecuencias\u00bb en el lugar hasta tanto puedan rehacer sus precarios puestos, indic\u00f3 la agencia Noticias Argentinas.<\/p>\n<p>La jornada comenz\u00f3 con disparos en las inmediaciones del Camino de la Ribera. Los propietarios de los puestos bloquearon calles y lanzaron miguelitos en el asfalto para impedir el ingreso de la polic\u00eda e Infanter\u00eda, que se manten\u00eda a 500 metros de la zona. Anoche, adem\u00e1s, hubo corridas y se pudo ver encapuchados que utilizan gomeras para romper las luces de la avenida y mantener a oscuras la zona, indic\u00f3 Infobae.<\/span><br \/><span style=\"font-family: Verdana, sans-serif\"><\/span><a name='more'><\/a><span style=\"font-family: Verdana, sans-serif\"><br \/>Consultado sobre los incidentes registrados esta madrugada, Jorge Castillo, administrador de La Salada, se\u00f1al\u00f3 en declaraciones a radio La Red: \u00abHab\u00eda rumores de que iban a venir hoy a sacar los puestos que hab\u00edan quedado el otro d\u00eda trabajando. Y eso fue hoy a la 1. No eran los puesteros. Fueron los barras, que regentean las [calles] transversales. Antes eran pocos. Ahora, al tocar los puestos de adentro, son un mont\u00f3n. Debe venir la cosa por ese lado\u00bb.<\/p>\n<p>Cerca de las 7 efectivos de Infanter\u00eda y Caballer\u00eda de la Bonaerense tomaron control de la situaci\u00f3n y cortaron la avenida para retirar los clavos \u00abmiguelito\u00bb y las gomas quemadas.<\/p>\n<p>El operativo de desalojo en las inmediaciones de La Salada se realiza en el marco de una orden judicial de la UFI N\u00ba 4 de Lomas de Zamora, que adem\u00e1s de la irregularidad de los puestos investiga causas por extorsi\u00f3n, portaci\u00f3n de armas y robos en la zona, seg\u00fan indicaron fuentes policiales.<\/p>\n<p>Es que en el lugar hubo tres muertes en el t\u00e9rmino de cinco meses, en casos que seg\u00fan los expedientes judiciales involucra a barras que buscan quedarse con un negocio que mueve hasta 300 millones de pesos al a\u00f1o.<\/span><\/p>\n<p><span style=\"color: blue;font-family: Verdana\">Fuente: Urgente24, Producci\u00f3n Riachuelo<\/span><\/p>\n","protected":false},"excerpt":{"rendered":"<p>DISPUTA TERRITORIAL:PELIGRO PARA LOS TRABAJADORESOtra vez La Salada: Saqueos, tiros, piquetes y desalojo Ante una versi\u00f3n de nuevos desalojos, durante la madrugada hubo serios incidentes en la feria de La Salada. Tiros, piquetes, pedradas a c\u00e1maras de seguridad y luminarias, quema de neum\u00e1ticos y saqueos a algunos comercios. Personal de la Guardia de Infanter\u00eda de [&hellip;]<\/p>\n","protected":false},"author":4,"featured_media":0,"comment_status":"open","ping_status":"open","sticky":false,"template":"","format":"standard","meta":{"_monsterinsights_skip_tracking":false,"_monsterinsights_sitenote_active":false,"_monsterinsights_sitenote_note":"","_monsterinsights_sitenote_category":0,"jnews-multi-image_gallery":[],"jnews_single_post":{"format":"standard"},"jnews_primary_category":[],"_joinchat":[],"footnotes":""},"categories":[58],"tags":[71,148,89],"class_list":["post-559","post","type-post","status-publish","format-standard","hentry","category-noticiariachuelo","tag-de-la-tierra","tag-trabajo","tag-violencia-institucional"],"_links":{"self":[{"href":"http:\/\/fmriachuelo.it10.com.ar\/index.php\/wp-json\/wp\/v2\/posts\/559","targetHints":{"allow":["GET"]}}],"collection":[{"href":"http:\/\/fmriachuelo.it10.com.ar\/index.php\/wp-json\/wp\/v2\/posts"}],"about":[{"href":"http:\/\/fmriachuelo.it10.com.ar\/index.php\/wp-json\/wp\/v2\/types\/post"}],"author":[{"embeddable":true,"href":"http:\/\/fmriachuelo.it10.com.ar\/index.php\/wp-json\/wp\/v2\/users\/4"}],"replies":[{"embeddable":true,"href":"http:\/\/fmriachuelo.it10.com.ar\/index.php\/wp-json\/wp\/v2\/comments?post=559"}],"version-history":[{"count":1,"href":"http:\/\/fmriachuelo.it10.com.ar\/index.php\/wp-json\/wp\/v2\/posts\/559\/revisions"}],"predecessor-version":[{"id":23287,"href":"http:\/\/fmriachuelo.it10.com.ar\/index.php\/wp-json\/wp\/v2\/posts\/559\/revisions\/23287"}],"wp:attachment":[{"href":"http:\/\/fmriachuelo.it10.com.ar\/index.php\/wp-json\/wp\/v2\/media?parent=559"}],"wp:term":[{"taxonomy":"category","embeddable":true,"href":"http:\/\/fmriachuelo.it10.com.ar\/index.php\/wp-json\/wp\/v2\/categories?post=559"},{"taxonomy":"post_tag","embeddable":true,"href":"http:\/\/fmriachuelo.it10.com.ar\/index.php\/wp-json\/wp\/v2\/tags?post=559"}],"curies":[{"name":"wp","href":"https:\/\/api.w.org\/{rel}","templated":true}]}}