{"id":5589,"date":"2015-09-19T03:00:00","date_gmt":"2015-09-19T03:00:00","guid":{"rendered":"http:\/\/fmriachuelo.observatorioess.org.ar\/index.php\/2015\/09\/19\/9-anos-de-la-desaparicion-de-julio-lopez\/"},"modified":"2025-06-13T15:31:49","modified_gmt":"2025-06-13T18:31:49","slug":"9-anos-de-la-desaparicion-de-julio-lopez","status":"publish","type":"post","link":"http:\/\/fmriachuelo.it10.com.ar\/index.php\/2015\/09\/19\/9-anos-de-la-desaparicion-de-julio-lopez\/","title":{"rendered":"9 A\u00d1OS DE LA DESAPARICI\u00d3N DE JULIO LOPEZ"},"content":{"rendered":"<div style=\"clear: both; text-align: justify;\"><span style=\"color: red; font-family: Verdana, sans-serif; font-size: large;\"><b>\u00bfDONDE EST\u00c1 JULIO?<\/b><\/span><\/div>\n<div style=\"clear: both; text-align: justify;\"><span style=\"font-family: Verdana, sans-serif;\"><b>CARTA DEL HIJO DE JULIO LOPEZ EN OCASI\u00d3N DE ESTE NUEVO ANIVERSARIO: LA NO PROTESTA (*)<\/b><\/span><\/div>\n<div style=\"clear: both; text-align: center;\"><\/div>\n<div style=\"clear: both; text-align: center;\"><a style=\"clear: left; float: left; margin-bottom: 1em; margin-right: 1em;\" href=\"http:\/\/fmriachuelo.com.ar\/ljkjklj\/wp-content\/uploads\/2015\/09\/julio_lopez_1_0.jpg\"><img loading=\"lazy\" decoding=\"async\" src=\"http:\/\/fmriachuelo.com.ar\/ljkjklj\/wp-content\/uploads\/2015\/09\/julio_lopez_1_0-300x200.jpg\" alt=\"\" width=\"320\" height=\"213\" border=\"0\" \/><\/a><\/div>\n<div style=\"text-align: justify;\"><span style=\"font-family: Verdana, sans-serif;\">Este 18 de septiembre, se cumplen 9 a\u00f1os de la \u201cPresunta desaparici\u00f3n forzada de persona\u201d de Jorge Julio L\u00f3pez, tal cual figura la car\u00e1tula de la causa que es investigada por el Tribunal Federal N\u00b0 1 de La Plata, en su momento a cargo de dicho juzgado el Dr. Blanco que deriv\u00f3 la investigaci\u00f3n al Fiscal Marcelo Molina titular de la Fiscal\u00eda Especial por delitos de Lesa Humanidad.<\/span><\/div>\n<div style=\"text-align: justify;\"><\/div>\n<div style=\"text-align: justify;\"><\/div>\n<div style=\"text-align: justify;\">Ahora en lo personal hace 9 a\u00f1os que mi viejo no esta, no se encuentra, no se sabe, no se si lo buscan, creo que si, por ah\u00ed soy ingenuo.<\/div>\n<div style=\"text-align: justify;\"><\/div>\n<div style=\"text-align: justify;\">Este a\u00f1o decid\u00ed, a t\u00edtulo personal, no protestar, porque me parece en vano, lo que por derecho constitucional nos corresponde, es tener Justicia.<\/div>\n<div style=\"text-align: justify;\"><a name=\"more\"><\/a><\/div>\n<div style=\"text-align: justify;\">Como desde el primer d\u00eda, me toco dar la cara ante los medios, hoy les pido disculpas por no atenderlos este a\u00f1o, ya que no tengo respuestas a sus preguntas, no puedo contestar siempre lo mismo al cuestionario de hace 9 a\u00f1os, estar\u00eda bueno contarles que no estamos igual que aquel 18 de septiembre de 2006, pero \u201cno sabemos nada de lo ocurrido\u201d, estoy cansado, y prefiero trabajar en lo que creo es el legado que nos dejo mi viejo, estar en la Fundaci\u00f3n Construyendo Conciencia, tratar de llevar adelante el proyecto de Alerta Temprana, que de alguna manera les sirva a otras personas que puedan pasar por la misma situaci\u00f3n que nosotros.<\/div>\n<div style=\"text-align: justify;\"><\/div>\n<div style=\"text-align: justify;\">En este a\u00f1o tan especial por lo electoral, le digo a aquellos que quieran sacar alguna ventaja con este tema no se los voy a permitir, dado que no fueron muchos los que hicieron algo, yo se quienes est\u00e1n realmente con nuestra familia.<\/div>\n<div style=\"text-align: justify;\"><\/div>\n<div style=\"text-align: justify;\">Al ciudadano com\u00fan, le digo que el caso de mi viejo es un tanto especial, porque se desarroll\u00f3 en el marco del primer juicio de Lesa Humanidad, que se llevo a cabo en la ciudad de La Plata, en el cual cont\u00f3 como torturaban a sus compa\u00f1eros, amigos y a \u00e9l, c\u00f3mo mataron a varios de ellos, como \u00e9l testific\u00f3, ubic\u00f3 y reconoci\u00f3 a varios de los Centros Clandestinos de Detenci\u00f3n.<\/div>\n<div style=\"text-align: justify;\"><\/div>\n<div style=\"text-align: justify;\">Pero no nos olvidemos de Miguel Br\u00fa, Mar\u00eda Cash, Sof\u00eda Herrera, Marita Veron, Iv\u00e1n Torres, y tantos otros que no recordamos sus nombres, y por \u00faltimo Rut Zambrana que en los \u00faltimos d\u00edas desapareci\u00f3 en La Plata,<\/div>\n<div style=\"text-align: justify;\"><\/div>\n<div style=\"text-align: justify;\">Esta es la no protesta de la protesta!<\/div>\n<div style=\"text-align: justify;\"><\/div>\n<div style=\"text-align: justify;\">Gracias.<\/div>\n<div style=\"text-align: justify;\"><\/div>\n<div style=\"text-align: justify;\">(*) Rub\u00e9n, hijo de Jorge Julio L\u00f3pez, 16 de septiembre de 2015<\/div>\n<p><code><\/code><\/p>\n","protected":false},"excerpt":{"rendered":"<p>\u00bfDONDE EST\u00c1 JULIO? CARTA DEL HIJO DE JULIO LOPEZ EN OCASI\u00d3N DE ESTE NUEVO ANIVERSARIO: LA NO PROTESTA (*) Este 18 de septiembre, se cumplen 9 a\u00f1os de la \u201cPresunta desaparici\u00f3n forzada de persona\u201d de Jorge Julio L\u00f3pez, tal cual figura la car\u00e1tula de la causa que es investigada por el Tribunal Federal N\u00b0 1 [&hellip;]<\/p>\n","protected":false},"author":4,"featured_media":1194,"comment_status":"open","ping_status":"open","sticky":false,"template":"","format":"standard","meta":{"_monsterinsights_skip_tracking":false,"_monsterinsights_sitenote_active":false,"_monsterinsights_sitenote_note":"","_monsterinsights_sitenote_category":0,"jnews-multi-image_gallery":[],"jnews_single_post":{"format":"standard"},"jnews_primary_category":[],"_joinchat":[],"footnotes":""},"categories":[58],"tags":[119,72],"class_list":["post-5589","post","type-post","status-publish","format-standard","has-post-thumbnail","hentry","category-noticiariachuelo","tag-derechos-humanos","tag-historia-de-la-lucha-de-los-pueblos"],"_links":{"self":[{"href":"http:\/\/fmriachuelo.it10.com.ar\/index.php\/wp-json\/wp\/v2\/posts\/5589","targetHints":{"allow":["GET"]}}],"collection":[{"href":"http:\/\/fmriachuelo.it10.com.ar\/index.php\/wp-json\/wp\/v2\/posts"}],"about":[{"href":"http:\/\/fmriachuelo.it10.com.ar\/index.php\/wp-json\/wp\/v2\/types\/post"}],"author":[{"embeddable":true,"href":"http:\/\/fmriachuelo.it10.com.ar\/index.php\/wp-json\/wp\/v2\/users\/4"}],"replies":[{"embeddable":true,"href":"http:\/\/fmriachuelo.it10.com.ar\/index.php\/wp-json\/wp\/v2\/comments?post=5589"}],"version-history":[{"count":1,"href":"http:\/\/fmriachuelo.it10.com.ar\/index.php\/wp-json\/wp\/v2\/posts\/5589\/revisions"}],"predecessor-version":[{"id":24122,"href":"http:\/\/fmriachuelo.it10.com.ar\/index.php\/wp-json\/wp\/v2\/posts\/5589\/revisions\/24122"}],"wp:featuredmedia":[{"embeddable":true,"href":"http:\/\/fmriachuelo.it10.com.ar\/index.php\/wp-json\/"}],"wp:attachment":[{"href":"http:\/\/fmriachuelo.it10.com.ar\/index.php\/wp-json\/wp\/v2\/media?parent=5589"}],"wp:term":[{"taxonomy":"category","embeddable":true,"href":"http:\/\/fmriachuelo.it10.com.ar\/index.php\/wp-json\/wp\/v2\/categories?post=5589"},{"taxonomy":"post_tag","embeddable":true,"href":"http:\/\/fmriachuelo.it10.com.ar\/index.php\/wp-json\/wp\/v2\/tags?post=5589"}],"curies":[{"name":"wp","href":"https:\/\/api.w.org\/{rel}","templated":true}]}}