{"id":5588,"date":"2015-09-18T13:01:00","date_gmt":"2015-09-18T13:01:00","guid":{"rendered":"http:\/\/fmriachuelo.com.ar\/ljkjklj\/blog\/2015\/09\/18\/marchan-por-la-desaparicion-de-julio-lopez\/"},"modified":"2025-06-13T15:23:39","modified_gmt":"2025-06-13T18:23:39","slug":"marchan-por-la-desaparicion-de-julio-lopez","status":"publish","type":"post","link":"http:\/\/fmriachuelo.it10.com.ar\/index.php\/2015\/09\/18\/marchan-por-la-desaparicion-de-julio-lopez\/","title":{"rendered":"MARCHAN POR LA DESAPARICI\u00d3N DE JULIO LOPEZ"},"content":{"rendered":"<h2 style=\"background-color: white;border: 0px none;line-height: 34px;margin: 10px 0px 20px;padding: 0px;vertical-align: baseline\"><span style=\"color: red;font-family: Verdana, sans-serif;font-size: large\">&nbsp;\u00bfDONDE EST\u00c1 JULIO?<\/span><\/p>\n<div style=\"clear: both;font-family: Bitter, Arial, Helvetica, sans-serif;font-size: 3em;text-align: center\"><a href=\"http:\/\/fmriachuelo.com.ar\/ljkjklj\/wp-content\/uploads\/2015\/09\/marcha-2Blopez.jpg\" style=\"margin-left: 1em;margin-right: 1em\"><img loading=\"lazy\" decoding=\"async\" border=\"0\" height=\"240\" src=\"http:\/\/fmriachuelo.com.ar\/ljkjklj\/wp-content\/uploads\/2015\/09\/marcha-2Blopez-300x225.jpg\" width=\"320\" \/><\/a><\/div>\n<\/h2>\n<div style=\"background-color: white;border: 0px none;font-family: pt_sansregular, Arial, Helvetica, sans-serif;line-height: 10px;margin: 0px 0px 15px;overflow: hidden;padding: 0px;vertical-align: baseline\">\n<h3 style=\"border: 0px none;float: left;font-family: inherit;font-size: 1.8em;font-style: inherit;font-variant: inherit;font-weight: normal;line-height: 21px;margin: 0px;padding: 0px;vertical-align: baseline\"><\/h3>\n<div style=\"font-size: 10px\"><\/div>\n<div style=\"font-size: 10px\"><\/div>\n<div style=\"font-size: 10px\"><\/div>\n<div style=\"font-size: 10px\">\n<h3 style=\"border: 0px none;float: left;font-family: inherit;font-size: 1.8em;font-style: inherit;font-variant: inherit;font-weight: normal;line-height: 21px;margin: 0px;padding: 0px;vertical-align: baseline\">Con la consigna \u00a1Basta de impunidad y encubrimiento oficial diversas organizaciones marchan hoy a nueve a\u00f1os de la desaparici\u00f3n de Julio L\u00f3pez.<\/h3>\n<div><\/div>\n<div><\/div>\n<div><\/div>\n<h3 style=\"border: 0px none;float: left;font-family: inherit;font-size: 1.8em;font-style: inherit;font-variant: inherit;font-weight: normal;line-height: 21px;margin: 0px;padding: 0px;vertical-align: baseline\">Se realizar\u00e1 en la Ciudad de Buenos Aires con el Encuentro Memoria Verdad &nbsp;y Justicia y en La Plata con la Multisectorial, Berisso y Ensenada.<\/h3>\n<\/div>\n<div style=\"font-size: 10px\"><\/div>\n<div style=\"font-size: 10px\"><\/div>\n<div style=\"font-size: 10px\"><\/div>\n<div style=\"font-size: 10px\"><\/div>\n<div style=\"font-size: 10px\"><\/div>\n<div style=\"font-size: 10px\"><\/div>\n<div style=\"font-size: 10px\"><\/div>\n<div style=\"font-size: 10px\"><\/div>\n<div style=\"font-size: 10px\"><\/div>\n<div><span style=\"color: blue\"><br \/><\/span><\/div>\n<div><span style=\"color: blue\">La Izquierda Diario, Producci\u00f3n Riachuelo<\/span><\/div>\n<div style=\"font-size: 10px\"><\/div>\n<h3 style=\"border: 0px none;float: left;font-family: inherit;font-size: 1.8em;font-style: inherit;font-variant: inherit;font-weight: normal;line-height: 21px;margin: 0px;padding: 0px;vertical-align: baseline\"><\/h3>\n<h3 style=\"border: 0px none;float: left;font-family: inherit;font-size: 1.8em;font-style: inherit;font-variant: inherit;font-weight: normal;line-height: 21px;margin: 0px;padding: 0px;vertical-align: baseline\"><\/h3>\n<h3 style=\"border: 0px none;float: left;font-family: inherit;font-size: 1.8em;font-style: inherit;font-variant: inherit;font-weight: normal;line-height: 21px;margin: 0px;padding: 0px;vertical-align: baseline\"><\/h3>\n<\/div>\n","protected":false},"excerpt":{"rendered":"<p>&nbsp;\u00bfDONDE EST\u00c1 JULIO? Con la consigna \u00a1Basta de impunidad y encubrimiento oficial diversas organizaciones marchan hoy a nueve a\u00f1os de la desaparici\u00f3n de Julio L\u00f3pez. Se realizar\u00e1 en la Ciudad de Buenos Aires con el Encuentro Memoria Verdad &nbsp;y Justicia y en La Plata con la Multisectorial, Berisso y Ensenada. La Izquierda Diario, Producci\u00f3n Riachuelo<\/p>\n","protected":false},"author":4,"featured_media":1197,"comment_status":"open","ping_status":"open","sticky":false,"template":"","format":"standard","meta":{"_monsterinsights_skip_tracking":false,"_monsterinsights_sitenote_active":false,"_monsterinsights_sitenote_note":"","_monsterinsights_sitenote_category":0,"jnews-multi-image_gallery":[],"jnews_single_post":{"format":"standard"},"jnews_primary_category":[],"_joinchat":[],"footnotes":""},"categories":[58],"tags":[119,72],"class_list":["post-5588","post","type-post","status-publish","format-standard","has-post-thumbnail","hentry","category-noticiariachuelo","tag-derechos-humanos","tag-historia-de-la-lucha-de-los-pueblos"],"_links":{"self":[{"href":"http:\/\/fmriachuelo.it10.com.ar\/index.php\/wp-json\/wp\/v2\/posts\/5588","targetHints":{"allow":["GET"]}}],"collection":[{"href":"http:\/\/fmriachuelo.it10.com.ar\/index.php\/wp-json\/wp\/v2\/posts"}],"about":[{"href":"http:\/\/fmriachuelo.it10.com.ar\/index.php\/wp-json\/wp\/v2\/types\/post"}],"author":[{"embeddable":true,"href":"http:\/\/fmriachuelo.it10.com.ar\/index.php\/wp-json\/wp\/v2\/users\/4"}],"replies":[{"embeddable":true,"href":"http:\/\/fmriachuelo.it10.com.ar\/index.php\/wp-json\/wp\/v2\/comments?post=5588"}],"version-history":[{"count":1,"href":"http:\/\/fmriachuelo.it10.com.ar\/index.php\/wp-json\/wp\/v2\/posts\/5588\/revisions"}],"predecessor-version":[{"id":24120,"href":"http:\/\/fmriachuelo.it10.com.ar\/index.php\/wp-json\/wp\/v2\/posts\/5588\/revisions\/24120"}],"wp:featuredmedia":[{"embeddable":true,"href":"http:\/\/fmriachuelo.it10.com.ar\/index.php\/wp-json\/"}],"wp:attachment":[{"href":"http:\/\/fmriachuelo.it10.com.ar\/index.php\/wp-json\/wp\/v2\/media?parent=5588"}],"wp:term":[{"taxonomy":"category","embeddable":true,"href":"http:\/\/fmriachuelo.it10.com.ar\/index.php\/wp-json\/wp\/v2\/categories?post=5588"},{"taxonomy":"post_tag","embeddable":true,"href":"http:\/\/fmriachuelo.it10.com.ar\/index.php\/wp-json\/wp\/v2\/tags?post=5588"}],"curies":[{"name":"wp","href":"https:\/\/api.w.org\/{rel}","templated":true}]}}