{"id":5586,"date":"2017-09-08T14:34:22","date_gmt":"2017-09-08T14:34:22","guid":{"rendered":"http:\/\/fmriachuelo.com.ar\/ljkjklj\/?p=5586"},"modified":"2017-09-08T14:34:22","modified_gmt":"2017-09-08T14:34:22","slug":"otro-incendio-en-el-barrio-de-la-boca-y-la-no-respuesta-del-estado","status":"publish","type":"post","link":"http:\/\/fmriachuelo.it10.com.ar\/index.php\/2017\/09\/08\/otro-incendio-en-el-barrio-de-la-boca-y-la-no-respuesta-del-estado\/","title":{"rendered":"OTRO INCENDIO EN EL BARRIO DE LA BOCA Y LA NO RESPUESTA DEL ESTADO"},"content":{"rendered":"<p>[FM Riachuelo, 07-09-2017] Ayer en horas del mediod\u00eda se produjo en la calle Lamadrid al 600 del barrio de La Boca, otro incendio de una vivienda. \u00c9ste se suma al \u00faltimo producido hace m\u00e1s de un mes, en \u00a0la calle Pedro de Mendoza donde a\u00fan las familias esperan una respuesta del gobierno.<\/p>\n<p>Fm Riachuelo pudo\u00a0 hablar con las familias afectadas en el incendio ocurrido en la calle Palos, donde al d\u00eda de hoy tres de ellas quedaron sin posibilidades de ingresar a sus viviendas y est\u00e1n alojadas en el patio a la espera de una soluci\u00f3n que no llega.<\/p>\n<p>Numerosas organizaciones sociales de La Boca se hicieron presentes para colaborar, y gracias a estas acciones solidarias \u00a0es que est\u00e1n pudiendo abrigarse, alimentarse y tener luz mientras no pueden acceder \u00a0a sus viviendas.<\/p>\n<p>No se lamentaron heridos de gravedad pero es de esperar que las autoridades del Gobierno se hagan presentes para solucionar cuanto antes el problema habitacional por el que est\u00e1n padeciendo luego del incendio.<\/p>\n<p>Escuch\u00e1 la entrevista a los vecinos<\/p>\n<p>Con un recorrido por la zona del \u00faltimo incendio , se pudo comprobar que muchas de las salidas de agua para bomberos est\u00e1n rotas, no tienen presi\u00f3n o est\u00e1n tapadas por baldosas. C\u00f3mo un ejemplo incre\u00edble en \u00a0la calle Necochea al 1300 sobre la tapa hidrante, se encuentra instalado un contenedor amarillo de la Ciudad.<\/p>\n<p>Las vidas de vecinos y bomberos est\u00e1n en riesgo y el Gobierno porte\u00f1o y AySA son los responsables de ello.<\/p>\n<p>En una zona donde los incendios son la regla y no la excepci\u00f3n, \u00a0no \u00a0se hacen \u00a0los controles pertinentes para verificar que funcionen. Cuando las \u00a0baldosas y \u00a0el cemento dejan enterradas las \u00a0salidas para las mangueras (donde actualmente hay un plan de mejoramiento de calles y veredas) el responsable es el Gobierno porte\u00f1o.<\/p>\n<p>As\u00ed como la responsabilidad \u00a0es de la empresa AySA en \u00a0cuanto a la presi\u00f3n de agua necesaria para que los bomberos act\u00faen con la urgencia que se requiere ante estos graves incendios.<\/p>\n<p>El estado no realiza la tarea para la cual est\u00e1 destinado, con una recorrida estos temas podr\u00edan solucionarse, mientras tanto se pierden conventillos, viviendas de decenas de familias y hasta vidas.<\/p>\n<p>&nbsp;<\/p>\n","protected":false},"excerpt":{"rendered":"<p>[FM Riachuelo, 07-09-2017] Ayer en horas del mediod\u00eda se produjo en la calle Lamadrid al 600 del barrio de La Boca, otro incendio de una vivienda. \u00c9ste se suma al \u00faltimo producido hace m\u00e1s de un mes, en \u00a0la calle Pedro de Mendoza donde a\u00fan las familias esperan una respuesta del gobierno. Fm Riachuelo pudo\u00a0 [&hellip;]<\/p>\n","protected":false},"author":4,"featured_media":0,"comment_status":"open","ping_status":"open","sticky":false,"template":"","format":"standard","meta":{"_monsterinsights_skip_tracking":false,"_monsterinsights_sitenote_active":false,"_monsterinsights_sitenote_note":"","_monsterinsights_sitenote_category":0,"jnews-multi-image_gallery":[],"jnews_single_post":[],"jnews_primary_category":[],"_joinchat":[],"footnotes":""},"categories":[78,79,76],"tags":[],"class_list":["post-5586","post","type-post","status-publish","format-standard","hentry","category-economia-popular","category-nadie-se-salva-solo","category-salud-comunitaria"],"_links":{"self":[{"href":"http:\/\/fmriachuelo.it10.com.ar\/index.php\/wp-json\/wp\/v2\/posts\/5586","targetHints":{"allow":["GET"]}}],"collection":[{"href":"http:\/\/fmriachuelo.it10.com.ar\/index.php\/wp-json\/wp\/v2\/posts"}],"about":[{"href":"http:\/\/fmriachuelo.it10.com.ar\/index.php\/wp-json\/wp\/v2\/types\/post"}],"author":[{"embeddable":true,"href":"http:\/\/fmriachuelo.it10.com.ar\/index.php\/wp-json\/wp\/v2\/users\/4"}],"replies":[{"embeddable":true,"href":"http:\/\/fmriachuelo.it10.com.ar\/index.php\/wp-json\/wp\/v2\/comments?post=5586"}],"version-history":[{"count":0,"href":"http:\/\/fmriachuelo.it10.com.ar\/index.php\/wp-json\/wp\/v2\/posts\/5586\/revisions"}],"wp:attachment":[{"href":"http:\/\/fmriachuelo.it10.com.ar\/index.php\/wp-json\/wp\/v2\/media?parent=5586"}],"wp:term":[{"taxonomy":"category","embeddable":true,"href":"http:\/\/fmriachuelo.it10.com.ar\/index.php\/wp-json\/wp\/v2\/categories?post=5586"},{"taxonomy":"post_tag","embeddable":true,"href":"http:\/\/fmriachuelo.it10.com.ar\/index.php\/wp-json\/wp\/v2\/tags?post=5586"}],"curies":[{"name":"wp","href":"https:\/\/api.w.org\/{rel}","templated":true}]}}