{"id":5581,"date":"2017-09-07T13:38:59","date_gmt":"2017-09-07T13:38:59","guid":{"rendered":"http:\/\/fmriachuelo.com.ar\/ljkjklj\/?p=5581"},"modified":"2017-09-07T13:38:59","modified_gmt":"2017-09-07T13:38:59","slug":"se-aplaza-la-jornada-de-lucha-de-ctep-ccc-y-barrios-de-pie-en-espera-de-una-solucion-por-la-implementacion-de-la-ley-de-emrgencia","status":"publish","type":"post","link":"http:\/\/fmriachuelo.it10.com.ar\/index.php\/2017\/09\/07\/se-aplaza-la-jornada-de-lucha-de-ctep-ccc-y-barrios-de-pie-en-espera-de-una-solucion-por-la-implementacion-de-la-ley-de-emrgencia\/","title":{"rendered":"SE APLAZA LA JORNADA DE LUCHA DE CTEP, CCC Y BARRIOS DE PIE EN ESPERA DE UNA SOLUCI\u00d3N POR LA IMPLEMENTACI\u00d3N DE LA LEY DE EMRGENCIA."},"content":{"rendered":"<p>[Fm Riachuelo 07-09-2017] En funci\u00f3n de la convocatoria que realiz\u00f3 el gobierno para una reuni\u00f3n en el d\u00eda de hoy jueves 07 de septiembre, las organizaciones nucleadas en la CTEP, Barrios de Pie y la CCC decidieron aplazar la jornada de ollas populares que estaba prevista para este mismo jueves frente a las grandes cadenas de supermercados.<\/p>\n<p>Esta jornada de reclamos hab\u00eda sido acordada dentro del plan de lucha resuelto por los referentes \u00a0de las organizaciones sociales, en el \u00faltimo plenario realizado la semana pasada, decisi\u00f3n que se tom\u00f3 ante el fracaso del di\u00e1logo en la \u00faltima reuni\u00f3n mantenida con los funcionarios del gobierno.<\/p>\n<p>Los Movimientos Populares vienen construyendo unidad en la lucha, logrando as\u00ed hacer visibles los problemas de los trabajadores de la Econom\u00eda Popular, \u00a0y articulando adem\u00e1s los reclamos con las centrales de trabajadores sindicalizados.<\/p>\n<p>Por ello, como menciona Lito Borello Secretario de \u00a0DD HH de la CTEP \u201ces fundamental seguir luchando por una agenda que defienda los derechos de los m\u00e1s humildes y logre respuestas concretas a los problemas urgentes\u201d. \u00a0Continu\u00f3 diciendo: \u00a0\u00abtratando siempre de tener una voluntad de salida concertada , dialogada es que posponemos la convocatoria \u00a0para hoy , que se resolvi\u00f3 tras el fracaso de la reuni\u00f3n anterior\u00bb<\/p>\n<p>Escuch\u00e1 la \u00a0entrevista completa<\/p>\n<p>En concordancia con esto, los movimientos sociales acordaron adem\u00e1s \u00a0llevar a la reuni\u00f3n con los funcionarios\u00a0la necesidad de una pr\u00f3rroga de la Ley de Relevamiento Ind\u00edgena.<\/p>\n<p>As\u00ed en espera que este nuevo llamado al di\u00e1logo tenga los resultados concretos en el cumplimiento de los tiempos estipulados para la aplicaci\u00f3n de la ley de Emergencia Social y el abordaje urgente de la Emergencia Alimentaria, \u00a0es que se re\u00fanen nuevamente \u00a0hoy con el gobierno.<\/p>\n","protected":false},"excerpt":{"rendered":"<p>[Fm Riachuelo 07-09-2017] En funci\u00f3n de la convocatoria que realiz\u00f3 el gobierno para una reuni\u00f3n en el d\u00eda de hoy jueves 07 de septiembre, las organizaciones nucleadas en la CTEP, Barrios de Pie y la CCC decidieron aplazar la jornada de ollas populares que estaba prevista para este mismo jueves frente a las grandes cadenas [&hellip;]<\/p>\n","protected":false},"author":4,"featured_media":5613,"comment_status":"open","ping_status":"open","sticky":false,"template":"","format":"standard","meta":{"_monsterinsights_skip_tracking":false,"_monsterinsights_sitenote_active":false,"_monsterinsights_sitenote_note":"","_monsterinsights_sitenote_category":0,"jnews-multi-image_gallery":[],"jnews_single_post":[],"jnews_primary_category":[],"_joinchat":[],"footnotes":""},"categories":[76,74,75],"tags":[],"class_list":["post-5581","post","type-post","status-publish","format-standard","has-post-thumbnail","hentry","category-salud-comunitaria","category-san-cayetano","category-trabajo"],"_links":{"self":[{"href":"http:\/\/fmriachuelo.it10.com.ar\/index.php\/wp-json\/wp\/v2\/posts\/5581","targetHints":{"allow":["GET"]}}],"collection":[{"href":"http:\/\/fmriachuelo.it10.com.ar\/index.php\/wp-json\/wp\/v2\/posts"}],"about":[{"href":"http:\/\/fmriachuelo.it10.com.ar\/index.php\/wp-json\/wp\/v2\/types\/post"}],"author":[{"embeddable":true,"href":"http:\/\/fmriachuelo.it10.com.ar\/index.php\/wp-json\/wp\/v2\/users\/4"}],"replies":[{"embeddable":true,"href":"http:\/\/fmriachuelo.it10.com.ar\/index.php\/wp-json\/wp\/v2\/comments?post=5581"}],"version-history":[{"count":0,"href":"http:\/\/fmriachuelo.it10.com.ar\/index.php\/wp-json\/wp\/v2\/posts\/5581\/revisions"}],"wp:featuredmedia":[{"embeddable":true,"href":"http:\/\/fmriachuelo.it10.com.ar\/index.php\/wp-json\/wp\/v2\/media\/5613"}],"wp:attachment":[{"href":"http:\/\/fmriachuelo.it10.com.ar\/index.php\/wp-json\/wp\/v2\/media?parent=5581"}],"wp:term":[{"taxonomy":"category","embeddable":true,"href":"http:\/\/fmriachuelo.it10.com.ar\/index.php\/wp-json\/wp\/v2\/categories?post=5581"},{"taxonomy":"post_tag","embeddable":true,"href":"http:\/\/fmriachuelo.it10.com.ar\/index.php\/wp-json\/wp\/v2\/tags?post=5581"}],"curies":[{"name":"wp","href":"https:\/\/api.w.org\/{rel}","templated":true}]}}