{"id":557,"date":"2015-04-16T01:53:00","date_gmt":"2015-04-16T01:53:00","guid":{"rendered":"http:\/\/fmriachuelo.observatorioess.org.ar\/index.php\/2015\/04\/16\/caba-zona-sur-avanzan-con-el-proyecto-inmobiliario\/"},"modified":"2025-03-28T14:24:33","modified_gmt":"2025-03-28T17:24:33","slug":"caba-zona-sur-avanzan-con-el-proyecto-inmobiliario","status":"publish","type":"post","link":"http:\/\/fmriachuelo.it10.com.ar\/index.php\/2015\/04\/16\/caba-zona-sur-avanzan-con-el-proyecto-inmobiliario\/","title":{"rendered":"CABA ZONA SUR: AVANZAN CON EL PROYECTO INMOBILIARIO"},"content":{"rendered":"<h2><span style=\"color: red;font-family: Verdana, sans-serif\">MIENTRAS TODOS ESTAMOS ATENTOS POR LAS ELECCIONES<\/span><\/h2>\n<p><span style=\"font-family: Verdana\"><strong>La amenaza de la picota, por el metrob\u00fas<\/strong><\/span><br \/><span style=\"font-family: Verdana\"><\/span><\/p>\n<div style=\"clear: both;text-align: center\"><span style=\"font-family: Verdana\"><strong style=\"clear: left;float: left;margin-bottom: 1em;margin-right: 1em\"><img decoding=\"async\" border=\"0\" src=\"http:\/\/1.bp.blogspot.com\/-1GrrQZbCBUY\/VS8VDPLUJKI\/AAAAAAAAD1Q\/opTvScKuCAw\/s1600\/MARCO.jpg\" \/><\/strong><\/span><\/div>\n<p><span style=\"font-family: Verdana\"><br \/><span style=\"font-family: Verdana, sans-serif\"><strong>El Marconetti, mantenido por 21 familias desde hace 25 a\u00f1os, qued\u00f3 en la traza del carril exclusivo de colectivos planificado por el gobierno porte\u00f1o, que hostiga a sus habitantes para que abandonen el lugar. Cinco legisladores porte\u00f1os prometieron auxiliarlos.<\/strong><\/span><br \/><strong><\/strong><br \/>El gobierno porte\u00f1o profundiz\u00f3 el sitio a un edificio hist\u00f3rico  de San Telmo para desalojar a sus vecinos. No es cualquier edificio el  Marconetti, tambi\u00e9n llamado \u201cde los artistas\u201d y levantado en 1929. La  administraci\u00f3n de Mauricio Macri pretende demolerlo porque entorpece el  trazado del metrob\u00fas sur. Para lograrlo, desde el 10 de marzo instal\u00f3 en  el lugar una consigna de la Polic\u00eda Metropolitana, tapi\u00f3 dos  departamentos que libr\u00f3 de ocupantes con un desalojo y clausur\u00f3 el \u00fanico  ascensor. Ayer, cinco diputados de la Ciudad que recorrieron sus pisos  lo pusieron en funcionamiento y el polic\u00eda de consigna les labr\u00f3 una  contravenci\u00f3n. Fue un acto simb\u00f3lico de repudio al hostigamiento hacia  los vecinos.<br \/>    <a name='more'><\/a><br \/>Los legisladores An\u00edbal Ibarra, Gabriel Fucks, Alejandro Bodart,  Paula Penacca y Pablo Ferreyra se hicieron presentes en el edificio,  dialogaron con sus vecinos y les dijeron que denunciar\u00e1n a la fiscal  Celsa Ram\u00edrez \u2013que dirige los operativos en el Marconetti\u2013 por retenci\u00f3n  de persona. Dos octogenarias est\u00e1n inmovilizadas en sus departamentos  porque no pueden utilizar el ascensor.<\/p>\n<p>Es permanente el hostigamiento a quienes residen all\u00ed hace m\u00e1s de 25  a\u00f1os y mantuvieron y pusieron en valor la construcci\u00f3n en la que  funcion\u00f3 el consulado de Grecia y tuvo sus oficinas el magnate  Arist\u00f3teles Onassis. All\u00ed vivieron tambi\u00e9n los m\u00fasicos Miguel Abuelo y  Horacio Fontova, el actual director del Teatro Nacional Cervantes,  Rubens Correa; los actores Daniel Ar\u00e1oz y Marcela Ferrad\u00e1s; la escultora  Liliana Maresca y los pintores Omar Gavagnini y C\u00e9sar L\u00f3pez Claro.<\/p>\n<p>Las familias que permanecen en los 21 departamentos del edificio, en  Paseo Col\u00f3n 1598, pidieron su catalogaci\u00f3n para preservarlo como  patrimonio hist\u00f3rico. El decreto 156\/14 tiene un objetivo diferente:  establece su desalojo administrativo. La judicializaci\u00f3n del Marconetti  est\u00e1 cruzada por varias causas iniciadas por los vecinos y el gobierno.  La situaci\u00f3n empeor\u00f3 el mes pasado, cuando \u201cingresaron unas 40 personas,  entre ellas, un representante de la fiscal Celsa Ram\u00edrez, personal de  la Divisi\u00f3n Bienes e Inmuebles del gobierno, del ente que controla los  ascensores y de la Polic\u00eda Metropolitana\u201d, cuenta Ana Mar\u00eda Villarreal,  vecina del 8\u00ba piso.<\/p>\n<p>Desde ese momento qued\u00f3 tapiado el departamento N del piso 7\u00ba y otro  en el 2\u00ba, ya que el gobierno consigui\u00f3 que se fueran sus ocupantes. Los  vecinos denunciaron que escucharon \u201cfuertes mazazos y ruidos de  destrozos de mamposter\u00eda y enseguida lleg\u00f3 una cuadrilla que levant\u00f3 una  pared de ladrillos delante de la puerta\u201d. Con esa medida se violaron  cuatro cautelares vigentes que determinaron no innovar. En simult\u00e1neo,  los funcionarios golpearon puerta por puerta cada una de las viviendas.  Dec\u00edan que ten\u00edan orden de allanamiento, aunque \u2013como cuenta Villarreal\u2013  \u201cno la mostraron y s\u00ed preguntaron sobre el funcionamiento de un estudio  jur\u00eddico o agencia de publicidad\u201d.<\/p>\n<p>Otro vecino, Jorge Magliarella, declara: \u201cNuestros abogados nos  dijeron que tenemos derechos adquiridos. Que c\u00f3mo nos \u00edbamos a ir si  nosotros mantuvimos el edificio durante m\u00e1s de veinticinco a\u00f1os,  conformamos un consorcio, tenemos los domicilios configurados en el  edificio, los impuestos al d\u00eda, absolutamente todo pago\u201d.<\/p>\n<p>En el operativo del 10 de marzo, el personal del gobierno clausur\u00f3  el ascensor, no sin antes desconectar el tablero y sacarle los fusibles.  Funcionaba correctamente. \u201cEst\u00e1 en perfectas condiciones con control  peri\u00f3dico de service registrado oficialmente, pero aducen que nos falta  un libro registro que otorga el gobierno y por eso no lo tenemos\u201d, dice  Villarreal.<\/p>\n<p>La inutilizaci\u00f3n del ascensor genera dos consecuencias: la primera  es que sus puertas tapiadas de la planta baja y el piso 10\u00ba tienen  custodia de la Metropolitana las 24 horas, con efectivos en turnos  rotativos. La segunda y m\u00e1s grave: los abuelos y los discapacitados del  Marconetti est\u00e1n impedidos de bajar de sus departamentos. Si lo hicieran  no podr\u00edan volver a subir.<\/span><br \/><strong><span style=\"font-family: Verdana\"><\/span><\/strong><span style=\"color: blue;font-family: Verdana, sans-serif\">&nbsp;Fuente: Pagina12, Producci\u00f3n Riachuelo<\/span><\/p>\n<div style=\"clear: both;text-align: center\"><a href=\"http:\/\/1.bp.blogspot.com\/-1GrrQZbCBUY\/VS8VDPLUJKI\/AAAAAAAAD1Q\/opTvScKuCAw\/s1600\/MARCO.jpg\" style=\"clear: left;float: left;margin-bottom: 1em;margin-right: 1em\"><\/a><span style=\"font-family: Verdana, sans-serif\"><strong><\/strong><\/span><\/div>\n","protected":false},"excerpt":{"rendered":"<p>MIENTRAS TODOS ESTAMOS ATENTOS POR LAS ELECCIONES La amenaza de la picota, por el metrob\u00fas El Marconetti, mantenido por 21 familias desde hace 25 a\u00f1os, qued\u00f3 en la traza del carril exclusivo de colectivos planificado por el gobierno porte\u00f1o, que hostiga a sus habitantes para que abandonen el lugar. Cinco legisladores porte\u00f1os prometieron auxiliarlos.El gobierno [&hellip;]<\/p>\n","protected":false},"author":4,"featured_media":0,"comment_status":"open","ping_status":"open","sticky":false,"template":"","format":"standard","meta":{"_monsterinsights_skip_tracking":false,"_monsterinsights_sitenote_active":false,"_monsterinsights_sitenote_note":"","_monsterinsights_sitenote_category":0,"jnews-multi-image_gallery":[],"jnews_single_post":{"format":"standard"},"jnews_primary_category":[],"_joinchat":[],"footnotes":""},"categories":[58],"tags":[81,147],"class_list":["post-557","post","type-post","status-publish","format-standard","hentry","category-noticiariachuelo","tag-aguafuertes-portenas","tag-habitat"],"_links":{"self":[{"href":"http:\/\/fmriachuelo.it10.com.ar\/index.php\/wp-json\/wp\/v2\/posts\/557","targetHints":{"allow":["GET"]}}],"collection":[{"href":"http:\/\/fmriachuelo.it10.com.ar\/index.php\/wp-json\/wp\/v2\/posts"}],"about":[{"href":"http:\/\/fmriachuelo.it10.com.ar\/index.php\/wp-json\/wp\/v2\/types\/post"}],"author":[{"embeddable":true,"href":"http:\/\/fmriachuelo.it10.com.ar\/index.php\/wp-json\/wp\/v2\/users\/4"}],"replies":[{"embeddable":true,"href":"http:\/\/fmriachuelo.it10.com.ar\/index.php\/wp-json\/wp\/v2\/comments?post=557"}],"version-history":[{"count":1,"href":"http:\/\/fmriachuelo.it10.com.ar\/index.php\/wp-json\/wp\/v2\/posts\/557\/revisions"}],"predecessor-version":[{"id":23290,"href":"http:\/\/fmriachuelo.it10.com.ar\/index.php\/wp-json\/wp\/v2\/posts\/557\/revisions\/23290"}],"wp:attachment":[{"href":"http:\/\/fmriachuelo.it10.com.ar\/index.php\/wp-json\/wp\/v2\/media?parent=557"}],"wp:term":[{"taxonomy":"category","embeddable":true,"href":"http:\/\/fmriachuelo.it10.com.ar\/index.php\/wp-json\/wp\/v2\/categories?post=557"},{"taxonomy":"post_tag","embeddable":true,"href":"http:\/\/fmriachuelo.it10.com.ar\/index.php\/wp-json\/wp\/v2\/tags?post=557"}],"curies":[{"name":"wp","href":"https:\/\/api.w.org\/{rel}","templated":true}]}}